{"id":1737,"date":"2019-05-14T11:55:52","date_gmt":"2019-05-14T11:55:52","guid":{"rendered":"https:\/\/master.k8s.p4.greenpeace.org\/slovenia\/?p=1737"},"modified":"2023-06-01T16:16:46","modified_gmt":"2023-06-01T16:16:46","slug":"zakaj-potrebujemo-sporazum-o-morskih-rezervatih-in-kako-ga-bomo-dobili","status":"publish","type":"post","link":"https:\/\/www.greenpeace.org\/slovenia\/blog\/1737\/zakaj-potrebujemo-sporazum-o-morskih-rezervatih-in-kako-ga-bomo-dobili\/","title":{"rendered":"Zakaj potrebujemo sporazum o morskih rezervatih (in kako ga bomo dobili)"},"content":{"rendered":"<p><span style=\"font-weight: 400;\">Tak\u0161en sporazum v okviru Organizacije Zdru\u017eenih Narodov bi lahko temeljito spremenil \u00a0mo\u017enosti za za\u0161\u010dito oceanov. Povedali vam bomo, kako sporazum deluje in kako bomo zagotovili, da ga svetovni voditelji dobro sestavijo.<\/span><\/p>\n<div id=\"attachment_1739\" style=\"width: 760px\" class=\"wp-caption alignnone\"><img loading=\"lazy\" decoding=\"async\" aria-describedby=\"caption-attachment-1739\" class=\"wp-image-1739\" src=\"https:\/\/www.greenpeace.org\/static\/planet4-slovenia-stateless\/2019\/05\/4df98aa4-gp0138p-1024x683.jpg\" alt=\"Delfin v Sredozemskem morju. \u00a9 Greenpeace \/ Forcada\" width=\"750\" height=\"500\" srcset=\"https:\/\/www.greenpeace.org\/static\/planet4-slovenia-stateless\/2019\/05\/4df98aa4-gp0138p-1024x683.jpg 1024w, https:\/\/www.greenpeace.org\/static\/planet4-slovenia-stateless\/2019\/05\/4df98aa4-gp0138p-300x200.jpg 300w, https:\/\/www.greenpeace.org\/static\/planet4-slovenia-stateless\/2019\/05\/4df98aa4-gp0138p-768x512.jpg 768w, https:\/\/www.greenpeace.org\/static\/planet4-slovenia-stateless\/2019\/05\/4df98aa4-gp0138p-510x340.jpg 510w, https:\/\/www.greenpeace.org\/static\/planet4-slovenia-stateless\/2019\/05\/4df98aa4-gp0138p.jpg 1200w\" sizes=\"auto, (max-width: 750px) 100vw, 750px\" \/><p id=\"caption-attachment-1739\" class=\"wp-caption-text\">Delfin v Sredozemskem morju. \u00a9 Greenpeace \/ Forcada<\/p><\/div>\n<p><span style=\"font-weight: 400;\">Podnebne spremembe in onesna\u017eevanje s plastiko, rudarjenje in \u010dezmeren ribolov, vse to so gro\u017enje, ki pretijo na na\u0161e oceane in postajajo nevarnej\u0161e iz dneva v dan.<\/span><\/p>\n<p><span style=\"font-weight: 400;\">Sedaj se je pojavil \u017earek upanja. Znanstveniki so sestavili drzen na\u010drt za re\u0161evanje na\u0161ih oceanov &#8211; in ta je genialno preprost: planet prekrijemo z morskimi rezervati, s \u010dimer bi tretjino na\u0161ih morij za\u0161\u010ditili pred ribolovom, rudarjenjem, vrtanjem in ostalimi uni\u010dujo\u010dimi industrijami. <\/span><\/p>\n<p><span style=\"font-weight: 400;\">\u010ce bo na\u010drt uresni\u010den, bo to eno izmed najve\u010djih prizadevanj za ohranjanje v \u010dlove\u0161ki zgodovini in bo ustvarilo ve\u010d milijonov kvadratnih kilometrov nove za\u0161\u010ditene povr\u0161ine.<\/span><\/p>\n<h2><span style=\"font-weight: 400;\">Ustvarjanje poti za ustanovitev morskih rezervatov<\/span><\/h2>\n<p><span style=\"font-weight: 400;\">Ampak tu je te\u017eava: trenutno ne moremo ustanoviti novih rezervatov zunaj nacionalnih voda posameznih dr\u017eav. S sprejetjem mednarodnega sporazuma, ki bi dolo\u010dal, kako mora ta za\u0161\u010dita delovati pa bodo rezervati na odprtih morjih pravno omogo\u010deni.<\/span><\/p>\n<p><span style=\"font-weight: 400;\">Vlade so pri OZN za\u010dele sestavljati sporazum o svetovnih oceanih (Global Ocean Treaty) in \u010de ga uspe\u0161no sestavijo, bomo mi dobili pravno podlago, ki jo potrebujemo za ustanovitev novih morskih rezervatov. V \u010dasu burnega politi\u010dnega ozra\u010dja bi bil ta sporazum pomemben prikaz tega, kako bi mednarodno sodelovanje za za\u0161\u010dito na\u0161ega skupnega doma lahko delovalo in tudi moralo delovati.<\/span><\/p>\n<h2><span style=\"font-weight: 400;\">Zato bomo letos napeli vse svojo mo\u010di in poskrbeli, da se to zgodi. Ljudje iz celega sveta bodo s pomo\u010djo na\u0161e nove kampanje Za\u0161\u010ditimo oceane, spodbujali vlade, da sestavijo dober sporazum o svetovnem oceanu (Global Ocean Treaty).<\/span><\/h2>\n<p><span style=\"font-weight: 400;\">Dr\u017eave se o tak\u0161nem sporazumu pogovarjajo \u017ee leta (in kampanje na to temo v ozadju potekajo \u017ee ve\u010d kot desetletje), ampak sedaj se je kon\u010dno za\u010delo zares.<\/span><\/p>\n<div id=\"attachment_1721\" style=\"width: 610px\" class=\"wp-caption aligncenter\"><img loading=\"lazy\" decoding=\"async\" aria-describedby=\"caption-attachment-1721\" class=\"wp-image-1721 size-full\" src=\"https:\/\/www.greenpeace.org\/static\/planet4-slovenia-stateless\/2019\/05\/ff8b32c8-sanctuaries-before-after.gif\" alt=\"Morski rezervati\" width=\"600\" height=\"435\" \/><p id=\"caption-attachment-1721\" class=\"wp-caption-text\">Morski rezervati &#8211; njihova obmo\u010dja danes in kot bodo po potrditvi sporazuma o svetovnih oceanih (Greenpeace).<\/p><\/div>\n<h2><span style=\"font-weight: 400;\">Kdo podpira mo\u010dan sporazum?<\/span><\/h2>\n<p><span style=\"font-weight: 400;\">\u0160tevilne dr\u017eave iz celega sveta so \u017ee podprle mo\u010dan sporazum o svetovnih oceanih (Global Ocean Treaty). Ti politi\u010dni voditelji so prisluhnili svojemu ljudstvu in znanstvenikom ter se odlo\u010dili, da bodo naredili, kar je najbolj\u0161e za njih in za celoten planet.<\/span><\/p>\n<p><span style=\"font-weight: 400;\">\u0160tevilne dr\u017eave iz Afrike, Pacifi\u0161ke skupnosti in Karibskih otokov, Latinske Amerike in Evrope se strinjajo, da bi sporazum o svetovnih oceanih (Global Ocean Treaty) moral izrecno dovoljevati ustanovitev mednarodnih zavarovanih podro\u010dij, s \u010dimer bi nadomestili propadajo\u010d sistem regionalnih ureditev in sporazumov, ki so v veljavi sedaj.<\/span><\/p>\n<p><span style=\"font-weight: 400;\">Na\u0161a naloga je, da podpremo in spodbujamo te napredno misle\u010de vlade ter jim s tem zanesljivo sporo\u010dimo, da jih podpira globalno gibanje in jim pomagamo tlakovati pot, po kateri lahko \u0161e naprej nadaljujejo s svojimi prizadevanji.<\/span><\/p>\n<h2><span style=\"font-weight: 400;\">In kdo zavira postopek?<\/span><\/h2>\n<p><span style=\"font-weight: 400;\">Nekatere vlade, npr. ZDA, Avstralija in Kanada, \u0161e vedno nimajo dovolj razvite vizije in ambicije, medtem ko so Norve\u0161ka, Islandija in Rusija v gromozanskem zaostanku. Naredili bomo vse, kar je v na\u0161i mo\u010di, da te dr\u017eave prepri\u010damo, da postanejo ambicioznej\u0161e in se prepri\u010damo, da so njihova ljudstva in znanstveniki sli\u0161ani. <\/span><\/p>\n<p><span style=\"font-weight: 400;\">Ohranjanje statusa quo ne bo vrnilo \u017eivljenja v oceane &#8211; ne\u0161tetokrat smo videli, da trenutni sistem krpanja ne more za\u0161\u010diti \u017eivljenja v morjih pred \u0161tevilnimi pritiski, s katerimi se dnevno soo\u010dajo. Na\u0161i oceani so v krizi in preprosto nimajo \u010dasa \u010dakati teh dr\u017eav, da se premaknejo s svojega mesta.<\/span><\/p>\n<p><span style=\"font-weight: 400;\">Na tej to\u010dki se pogajanja lahko obrnejo v katerokoli smer in velika ribi\u0161ka ter rudarska podjetja \u017ee trdo delajo na tem, da bi ohranili pokvarjen sistem, ki na\u0161 planet postavlja v nevarnost. Sedaj je od nas odvisno, da vlade prepri\u010damo naj sprejmejo pravo odlo\u010ditev.<\/span><\/p>\n<p><span style=\"font-weight: 400;\">Z zdru\u017eenjem na\u0161ih skupnih mo\u010di lahko spremenimo svet. Ustavimo lahko podjetje Shell in njegovo \u010drpanje nafte na Arktiki, najve\u010dje proizvajalno podjetje s tuno lahko pripravimo, da izbolj\u0161a na\u010dine svojega poslovanja in s tem za\u0161\u010diti ljudi in planet, vemo kako se postaviti v bran na\u0161im morjem &#8211; in pri tem zmagati.<\/span><\/p>\n<p><span style=\"font-weight: 400;\">Sedaj je \u010das, da naredimo \u0161e nekaj bolj\u0161ega. V naslednjem letu bo ta na\u0161a misija potrebovala ves pogum, prekanjenost in ustvarjalnost, ki je na voljo. Ampak danes potrebuje le va\u0161e ime.<\/span><\/p>\n<p><span style=\"font-weight: 400;\"><a href=\"https:\/\/act.greenpeace.si\/zascitimo-oceane\" target=\"_blank\" rel=\"noopener noreferrer\">Podpi\u0161ite peticijo in za\u010dnimo<\/a>.<\/span><\/p>\n<div class=\"EmptyMessage\">Block content is empty. Check the block&#8217;s settings or remove it.<\/div>","protected":false},"excerpt":{"rendered":"<p>Tak\u0161en sporazum v okviru Zdru\u017eenih Narodov bi lahko temeljito spremenil \u00a0mo\u017enosti za za\u0161\u010dito oceanov. Povedali vam bomo, kako sporazum deluje in kako bomo zagotovili, da ga svetovni voditelji dobro sestavijo.&hellip;<\/p>\n","protected":false},"author":25,"featured_media":1739,"comment_status":"closed","ping_status":"open","sticky":false,"template":"","format":"standard","meta":{"ep_exclude_from_search":false,"p4_og_title":"","p4_og_description":"","p4_og_image":"","p4_og_image_id":"","p4_seo_canonical_url":"","p4_campaign_name":"not set","p4_local_project":"not set","p4_basket_name":"not set","p4_department":"","footnotes":""},"categories":[43],"tags":[28],"p4-page-type":[24],"class_list":["post-1737","post","type-post","status-publish","format-standard","has-post-thumbnail","hentry","category-narava","tag-oceani","p4-page-type-blog"],"_links":{"self":[{"href":"https:\/\/www.greenpeace.org\/slovenia\/wp-json\/wp\/v2\/posts\/1737","targetHints":{"allow":["GET"]}}],"collection":[{"href":"https:\/\/www.greenpeace.org\/slovenia\/wp-json\/wp\/v2\/posts"}],"about":[{"href":"https:\/\/www.greenpeace.org\/slovenia\/wp-json\/wp\/v2\/types\/post"}],"author":[{"embeddable":true,"href":"https:\/\/www.greenpeace.org\/slovenia\/wp-json\/wp\/v2\/users\/25"}],"replies":[{"embeddable":true,"href":"https:\/\/www.greenpeace.org\/slovenia\/wp-json\/wp\/v2\/comments?post=1737"}],"version-history":[{"count":9,"href":"https:\/\/www.greenpeace.org\/slovenia\/wp-json\/wp\/v2\/posts\/1737\/revisions"}],"predecessor-version":[{"id":49844,"href":"https:\/\/www.greenpeace.org\/slovenia\/wp-json\/wp\/v2\/posts\/1737\/revisions\/49844"}],"wp:featuredmedia":[{"embeddable":true,"href":"https:\/\/www.greenpeace.org\/slovenia\/wp-json\/wp\/v2\/media\/1739"}],"wp:attachment":[{"href":"https:\/\/www.greenpeace.org\/slovenia\/wp-json\/wp\/v2\/media?parent=1737"}],"wp:term":[{"taxonomy":"category","embeddable":true,"href":"https:\/\/www.greenpeace.org\/slovenia\/wp-json\/wp\/v2\/categories?post=1737"},{"taxonomy":"post_tag","embeddable":true,"href":"https:\/\/www.greenpeace.org\/slovenia\/wp-json\/wp\/v2\/tags?post=1737"},{"taxonomy":"p4-page-type","embeddable":true,"href":"https:\/\/www.greenpeace.org\/slovenia\/wp-json\/wp\/v2\/p4-page-type?post=1737"}],"curies":[{"name":"wp","href":"https:\/\/api.w.org\/{rel}","templated":true}]}}