{"id":1844,"date":"2018-05-20T09:25:41","date_gmt":"2018-05-20T09:25:41","guid":{"rendered":"https:\/\/www.greenpeace.org\/slovenia\/?p=1844"},"modified":"2023-06-01T16:17:55","modified_gmt":"2023-06-01T16:17:55","slug":"pomagaj-zgraditi-skupnostne-elektrarne","status":"publish","type":"post","link":"https:\/\/www.greenpeace.org\/slovenia\/blog\/1844\/pomagaj-zgraditi-skupnostne-elektrarne\/","title":{"rendered":"Pomagaj zgraditi skupnostne elektrarne"},"content":{"rendered":"<p><strong>Nima\u0161 lastne strehe?<\/strong>\u00a0Ni\u010d zato, pomagaj zgraditi\u00a0<strong>skupnostno son\u010dno elektrarno.\u00a0<\/strong>Zakaj ne bi postal del son\u010dne revolucije? Sodeluj pri postavitvi\u00a0<strong>son\u010dne elektrarne v svoji skupnosti\u00a0<\/strong>\u2013 na \u0161olah in vrtcih, gasilskih domovih in drugih javno pomembnih stavbah\u00a0\u2013 in prispevaj pri prehodu na \u010diste in obnovljive vire energije, ki bodo obogatile na\u0161a \u017eivljenja in \u017eivljenja zanamcev.<\/p>\n<hr \/>\n<p><strong><span style=\"color: #0000ff;\">Ali ste vedeli?<\/span><\/strong><\/p>\n<p><strong><span style=\"color: #0000ff;\">S projektom\u00a0<em>Povezani s soncem<\/em>\u00a0\u017eelimo dose\u010d spremembe zakonodaje, ki bo omogo\u010dila posamezniku, ki nima lastne infrastrukture, da hkrati postane proizvajalec in porabnik &#8220;zelene&#8221; elektrike.<\/span><\/strong><\/p>\n<hr \/>\n<div id=\"attachment_1846\" style=\"width: 1034px\" class=\"wp-caption alignnone\"><img loading=\"lazy\" decoding=\"async\" aria-describedby=\"caption-attachment-1846\" class=\"wp-image-1846 size-large\" src=\"https:\/\/www.greenpeace.org\/static\/planet4-slovenia-stateless\/2019\/05\/bf50bafd-gp0stoh17-1024x683.jpg\" alt=\"\" width=\"1024\" height=\"683\" srcset=\"https:\/\/www.greenpeace.org\/static\/planet4-slovenia-stateless\/2019\/05\/bf50bafd-gp0stoh17-1024x683.jpg 1024w, https:\/\/www.greenpeace.org\/static\/planet4-slovenia-stateless\/2019\/05\/bf50bafd-gp0stoh17-300x200.jpg 300w, https:\/\/www.greenpeace.org\/static\/planet4-slovenia-stateless\/2019\/05\/bf50bafd-gp0stoh17-768x512.jpg 768w, https:\/\/www.greenpeace.org\/static\/planet4-slovenia-stateless\/2019\/05\/bf50bafd-gp0stoh17-510x340.jpg 510w, https:\/\/www.greenpeace.org\/static\/planet4-slovenia-stateless\/2019\/05\/bf50bafd-gp0stoh17.jpg 1200w\" sizes=\"auto, (max-width: 1024px) 100vw, 1024px\" \/><p id=\"caption-attachment-1846\" class=\"wp-caption-text\">Son\u010dna elektrarna, ki neposredno koristi skupnosti.<\/p><\/div>\n<p>Ena mo\u017enost, ki \u017ee obstaja so zadru\u017ene son\u010dne elektrarne vendar pa v tem primeru investitor v zadrugo te &#8220;zelene&#8221; elekrtrike ne more porabiti sam ampak jo le prodaja. S projektom\u00a0<strong><em>Povezani s soncem<\/em><\/strong>\u00a0\u017eelimo dose\u010d spremembe zakonodaje, ki bo omogo\u010dila posamezniku, ki nima lastne infrastrukture, da hkrati postane proizvajalec in porabnik &#8220;zelene&#8221; elektrike.<\/p>\n<p>Skupaj z va\u0161o podporo \u017eelim dose\u010d spremembo zakonodaje, ki bo omogo\u010dila demokratizacijo in ozelenitev proizvodnje elektri\u010dne energije v Sloveniji.<\/p>\n<p>\u017delimo ustvariti pogoje, kjer bo s\u010dasoma vsakdo izmed nas lahko sodeloval pri postavitvi son\u010dne elektrarne, kjerkoli se za to najde interes in soglasje. Da bi se elektrarne razcvetele po na\u0161ih strehah in s tem prinesle finan\u010dne koristi od proizvodnje energije ter ve\u010d mo\u010di pri odlo\u010danju o na\u0161i skupni prihodnosti.<\/p>\n<p>Prizadevamo si dose\u010d izvedbo \u010disto konkretnega skupnostnega projekta son\u010dne elektrarne, kjer bo lahko sodeloval prav vsak zainteresirani posameznik in s tem son\u010dno revolucijo zagnal tudi na son\u010dni strani Alp.\u00a0<strong><em>Pridru\u017ei se<\/em><\/strong>\u00a0in postani energetski dr\u017eavljan, ki bo sodeloval pri prehodu na \u010diste in obnovljive vire energije.<\/p>\n","protected":false},"excerpt":{"rendered":"<p>Nima\u0161 lastne strehe?\u00a0Ni\u010d zato, pomagaj zgraditi\u00a0skupnostno son\u010dno elektrarno.\u00a0Zakaj ne bi postal del son\u010dne revolucije? Sodeluj pri postavitvi\u00a0son\u010dne elektrarne v svoji skupnosti\u00a0\u2013 na \u0161olah in vrtcih, gasilskih domovih in drugih javno&hellip;<\/p>\n","protected":false},"author":23,"featured_media":1846,"comment_status":"closed","ping_status":"open","sticky":false,"template":"","format":"standard","meta":{"ep_exclude_from_search":false,"p4_og_title":"","p4_og_description":"","p4_og_image":"","p4_og_image_id":"","p4_seo_canonical_url":"","p4_campaign_name":"","p4_local_project":"","p4_basket_name":"","p4_department":"","footnotes":""},"categories":[45],"tags":[29,41],"p4-page-type":[24],"class_list":["post-1844","post","type-post","status-publish","format-standard","has-post-thumbnail","hentry","category-podnebje","tag-energetskeskupnosti","tag-obnovljivivirienergije","p4-page-type-blog"],"_links":{"self":[{"href":"https:\/\/www.greenpeace.org\/slovenia\/wp-json\/wp\/v2\/posts\/1844","targetHints":{"allow":["GET"]}}],"collection":[{"href":"https:\/\/www.greenpeace.org\/slovenia\/wp-json\/wp\/v2\/posts"}],"about":[{"href":"https:\/\/www.greenpeace.org\/slovenia\/wp-json\/wp\/v2\/types\/post"}],"author":[{"embeddable":true,"href":"https:\/\/www.greenpeace.org\/slovenia\/wp-json\/wp\/v2\/users\/23"}],"replies":[{"embeddable":true,"href":"https:\/\/www.greenpeace.org\/slovenia\/wp-json\/wp\/v2\/comments?post=1844"}],"version-history":[{"count":3,"href":"https:\/\/www.greenpeace.org\/slovenia\/wp-json\/wp\/v2\/posts\/1844\/revisions"}],"predecessor-version":[{"id":1853,"href":"https:\/\/www.greenpeace.org\/slovenia\/wp-json\/wp\/v2\/posts\/1844\/revisions\/1853"}],"wp:featuredmedia":[{"embeddable":true,"href":"https:\/\/www.greenpeace.org\/slovenia\/wp-json\/wp\/v2\/media\/1846"}],"wp:attachment":[{"href":"https:\/\/www.greenpeace.org\/slovenia\/wp-json\/wp\/v2\/media?parent=1844"}],"wp:term":[{"taxonomy":"category","embeddable":true,"href":"https:\/\/www.greenpeace.org\/slovenia\/wp-json\/wp\/v2\/categories?post=1844"},{"taxonomy":"post_tag","embeddable":true,"href":"https:\/\/www.greenpeace.org\/slovenia\/wp-json\/wp\/v2\/tags?post=1844"},{"taxonomy":"p4-page-type","embeddable":true,"href":"https:\/\/www.greenpeace.org\/slovenia\/wp-json\/wp\/v2\/p4-page-type?post=1844"}],"curies":[{"name":"wp","href":"https:\/\/api.w.org\/{rel}","templated":true}]}}