{"id":1861,"date":"2018-05-20T09:42:46","date_gmt":"2018-05-20T09:42:46","guid":{"rendered":"https:\/\/www.greenpeace.org\/slovenia\/?p=1861"},"modified":"2023-06-01T16:17:52","modified_gmt":"2023-06-01T16:17:52","slug":"zakaj-graditi-skupnostne-elektrarne","status":"publish","type":"post","link":"https:\/\/www.greenpeace.org\/slovenia\/blog\/1861\/zakaj-graditi-skupnostne-elektrarne\/","title":{"rendered":"Zakaj graditi skupnostne elektrarne?"},"content":{"rendered":"<p style=\"margin: 0cm; margin-bottom: .0001pt; text-align: justify;\"><span lang=\"SL\" style=\"letter-spacing: -.1pt;\">Veliko mladih v Sloveniji (in seveda \u0161irom po svetu) se dandanes ukvarja z vpra\u0161anjem, kako si\u00a0<strong>ukrojiti svoj \u017eivljenjski slog, da bi bil posledi\u010dno njihov vpliv na okolje \u010dim manj\u0161i<\/strong>. Da bi se porabilo \u010dim manj naravnih dobrin, da se ne bi onesna\u017eevalo, in nenazadnje, a najpomembnej\u0161e \u2013 da bi pomagali zaustaviti vihar\u00a0podnebnih sprememb ter posledic, ki jih bomo dele\u017eni tako mi kot (\u0161e bolj intenzivno) prihodnje generacije.<\/span><\/p>\n<hr \/>\n<p><span style=\"color: #0000ff;\"><strong><span lang=\"SL\">Postanimo energetski dr\u017eavljani<\/span><\/strong><\/span><\/p>\n<p><span style=\"color: #0000ff;\"><strong><span lang=\"SL\">&#8230; in se pove\u017eimo s sosedi iz bli\u017enje okolice ter lastnikom kake ve\u010dje strehe. Potrebna je ustanovitev zadruge, skupni nakup ustrezno velike son\u010dne elektrarne in njihova postavitev na streho morebitnega bli\u017enjega vrtca, gasilskega doma, cerkve, nakupovalnega sredi\u0161\u010da ali po\u0161te \u2026 Na tak na\u010din lahko dr\u017eavljani veliko prispevamo k energetskemu prehodu na \u010diste in obnovljive vire energije.<\/span><\/strong><\/span><\/p>\n<hr \/>\n<div id=\"attachment_1865\" style=\"width: 1034px\" class=\"wp-caption alignnone\"><img loading=\"lazy\" decoding=\"async\" aria-describedby=\"caption-attachment-1865\" class=\"wp-image-1865 size-large\" src=\"https:\/\/www.greenpeace.org\/static\/planet4-slovenia-stateless\/2019\/05\/6d892087-gp0stq20o-1024x682.jpg\" alt=\"\" width=\"1024\" height=\"682\" srcset=\"https:\/\/www.greenpeace.org\/static\/planet4-slovenia-stateless\/2019\/05\/6d892087-gp0stq20o-1024x682.jpg 1024w, https:\/\/www.greenpeace.org\/static\/planet4-slovenia-stateless\/2019\/05\/6d892087-gp0stq20o-300x200.jpg 300w, https:\/\/www.greenpeace.org\/static\/planet4-slovenia-stateless\/2019\/05\/6d892087-gp0stq20o-768x511.jpg 768w, https:\/\/www.greenpeace.org\/static\/planet4-slovenia-stateless\/2019\/05\/6d892087-gp0stq20o-510x340.jpg 510w, https:\/\/www.greenpeace.org\/static\/planet4-slovenia-stateless\/2019\/05\/6d892087-gp0stq20o.jpg 1200w\" sizes=\"auto, (max-width: 1024px) 100vw, 1024px\" \/><p id=\"caption-attachment-1865\" class=\"wp-caption-text\">Zakaj graditi skupnostne elektrarne?<\/p><\/div>\n<p>\u0160tevilni blogi, vlogi, Facebook strani in prenekatere offline aktiv(isti\u010d)nosti ponujajo obilico mo\u017enosti in prilo\u017enosti. Od zero-waste doma, veganstva, kupovanja hrane z ekolo\u0161kim in lokalnim poreklom, preko second hand izdelkov, do zelenih prevozov na delo ter nenazadnje minimalisti\u010dnega \u017eivljenja kot takega. Iz te bogate malhe idej si posameznik obi\u010dajno izbere eno izmed re\u0161itev in jo nato postopoma vpeljuje v svoje \u017eivljenje. In truda je potrebno vlo\u017eiti kar precej, \u010de se akter vztrajno kot klop dr\u017ei svoje namere. A ko \u010dez \u010das z distance prou\u010di svoja dobrovoljna in dobronamerna prizadevanja, lahko uvidi, da pri samem cilju zmanj\u0161anja svojega vpliva na okolje in oglji\u010dnega odtisa njegova prizadevanja morda ne nosijo dovolj vode. Zelo zgovoren je na primer tale\u00a0<a href=\"https:\/\/cdn.vox-cdn.com\/thumbor\/agyAp1ZUAyDBmT-Oq6HBy0b3CyM=\/1000x0\/filters:no_upscale()\/cdn.vox-cdn.com\/uploads\/chorus_asset\/file\/8843879\/impact.jpg\">graf<\/a>. Ve\u010dina navedenih aktivnosti ima pri prepre\u010devanju (ali omilitvi) podnebnih sprememb le blagi ali zgolj zmerni vpliv. Ve\u010djo vlogo pa ima izbira ustreznega transportnega sredstva. Ter kupovanje zelene energije. Oziroma \u0161e bolje \u2013 postavitev lastne son\u010dne elektrarne.<\/p>\n<p>To pa je to\u010dka, kjer se v Sloveniji pripravlja son\u010dna revolucija. Son\u010dnega obsevanja za namestitev fotovoltai\u010dnih panelov je dovolj, a ponavadi se zalomi pri denarju. Ali pri tem, da akter \u017eivi v bloku in ni lastnik strehe. Lahko pa je razlog tudi v senci, ki ve\u010dji del dneva prekriva streho hi\u0161e. Vendar nam ob tem spoznanju ni potrebno celotnega prizadevanja vre\u010di v koruzo. Obstaja tudi srednja pot.<\/p>\n<p>V\u00a0tujini\u00a0(npr.\u00a0<a href=\"http:\/\/www.edinburghsolar.coop\/\">Edinburgh<\/a>,\u00a0<a href=\"https:\/\/www.crowdfunder.co.uk\/fundraising\/community-energy\">Crowdfunder<\/a>\u00a0idr.) se to \u017ee kar dobro prakticira, pri nas pa smo se s tem \u017ee za\u010deli aktivno spogledovati. Oblaki se po\u010dasi odstirajo nad skupnostnimi son\u010dnimi elektrarnami. Predstavljajte si, da si brez slabe vesti vsak ve\u010der kar doma napolnite elektri\u010dni avtomobil in si poleti pri\u017egete klimatske naprave na polno mo\u010d, pri tem pa je va\u0161 CO2 odtis ni\u010deln. Seveda je nujno, da se visoki porabi energije izogibamo, a energijo, ki jo danes \u017ee porabljamo, bi lahko proizvajali na \u010dist na\u010din \u2013 iz son\u010dne elektrarne. Ker je dr\u017eava \u0161e vedno preve\u010d pasivna na tem podro\u010dju, ji lahko mi poka\u017eemo, kako se to dela. Postanimo energetski dr\u017eavljani in se pove\u017eimo s sosedi iz bli\u017enje okolice ter lastnikom kake ve\u010dje strehe. Potrebna je ustanovitev zadruge, skupni nakup ustrezno velike son\u010dne elektrarne in njihova postavitev na streho morebitnega bli\u017enjega vrtca, gasilskega doma, cerkve, nakupovalnega sredi\u0161\u010da ali po\u0161te \u2026 Na tak na\u010din lahko dr\u017eavljani veliko prispevamo k energetskemu prehodu na \u010diste in obnovljive vire energije.<\/p>\n<p>V skupnosti Povezani s soncem si prizadevamo za izvedbo \u010disto konkretnega skupnostnega projekta son\u010dne elektrarne, kjer bo lahko sodeloval prav vsak.<\/p>\n","protected":false},"excerpt":{"rendered":"<p>Veliko mladih v Sloveniji (in seveda \u0161irom po svetu) se dandanes ukvarja z vpra\u0161anjem, kako si\u00a0ukrojiti svoj \u017eivljenjski slog, da bi bil posledi\u010dno njihov vpliv na okolje \u010dim manj\u0161i. Da&hellip;<\/p>\n","protected":false},"author":23,"featured_media":1865,"comment_status":"closed","ping_status":"open","sticky":false,"template":"","format":"standard","meta":{"ep_exclude_from_search":false,"p4_og_title":"","p4_og_description":"","p4_og_image":"","p4_og_image_id":"","p4_seo_canonical_url":"","p4_campaign_name":"","p4_local_project":"","p4_basket_name":"","p4_department":"","footnotes":""},"categories":[45],"tags":[29,41],"p4-page-type":[24],"class_list":["post-1861","post","type-post","status-publish","format-standard","has-post-thumbnail","hentry","category-podnebje","tag-energetskeskupnosti","tag-obnovljivivirienergije","p4-page-type-blog"],"_links":{"self":[{"href":"https:\/\/www.greenpeace.org\/slovenia\/wp-json\/wp\/v2\/posts\/1861","targetHints":{"allow":["GET"]}}],"collection":[{"href":"https:\/\/www.greenpeace.org\/slovenia\/wp-json\/wp\/v2\/posts"}],"about":[{"href":"https:\/\/www.greenpeace.org\/slovenia\/wp-json\/wp\/v2\/types\/post"}],"author":[{"embeddable":true,"href":"https:\/\/www.greenpeace.org\/slovenia\/wp-json\/wp\/v2\/users\/23"}],"replies":[{"embeddable":true,"href":"https:\/\/www.greenpeace.org\/slovenia\/wp-json\/wp\/v2\/comments?post=1861"}],"version-history":[{"count":4,"href":"https:\/\/www.greenpeace.org\/slovenia\/wp-json\/wp\/v2\/posts\/1861\/revisions"}],"predecessor-version":[{"id":1866,"href":"https:\/\/www.greenpeace.org\/slovenia\/wp-json\/wp\/v2\/posts\/1861\/revisions\/1866"}],"wp:featuredmedia":[{"embeddable":true,"href":"https:\/\/www.greenpeace.org\/slovenia\/wp-json\/wp\/v2\/media\/1865"}],"wp:attachment":[{"href":"https:\/\/www.greenpeace.org\/slovenia\/wp-json\/wp\/v2\/media?parent=1861"}],"wp:term":[{"taxonomy":"category","embeddable":true,"href":"https:\/\/www.greenpeace.org\/slovenia\/wp-json\/wp\/v2\/categories?post=1861"},{"taxonomy":"post_tag","embeddable":true,"href":"https:\/\/www.greenpeace.org\/slovenia\/wp-json\/wp\/v2\/tags?post=1861"},{"taxonomy":"p4-page-type","embeddable":true,"href":"https:\/\/www.greenpeace.org\/slovenia\/wp-json\/wp\/v2\/p4-page-type?post=1861"}],"curies":[{"name":"wp","href":"https:\/\/api.w.org\/{rel}","templated":true}]}}