{"id":1892,"date":"2018-05-20T11:21:04","date_gmt":"2018-05-20T11:21:04","guid":{"rendered":"https:\/\/www.greenpeace.org\/slovenia\/?p=1892"},"modified":"2023-06-01T16:17:30","modified_gmt":"2023-06-01T16:17:30","slug":"prvi-koraki-do-lastne-soncne-elektrarne-kje-zaceti","status":"publish","type":"post","link":"https:\/\/www.greenpeace.org\/slovenia\/blog\/1892\/prvi-koraki-do-lastne-soncne-elektrarne-kje-zaceti\/","title":{"rendered":"Prvi koraki do lastne son\u010dne elektrarne. Kje za\u010deti?"},"content":{"rendered":"<p style=\"margin: 0cm; margin-bottom: .0001pt; text-align: justify;\"><span lang=\"SL\" style=\"letter-spacing: -.1pt;\">Za lastno son\u010dno elektrarno potrebujete dovolj veliko povr\u0161ino (streho), primerno oson\u010deno lokacijo, financiranje, osnovno znanje, kako se zadeve lotiti, in nekaj malo volje. Mnogo prebivalcev zadosti prvim \u0161tirim pogojem, manjka pa jim volje.<\/span><\/p>\n<hr \/>\n<p><span style=\"color: #0000ff;\"><strong><span lang=\"SL\">Son\u010dna elektrarna kot vinska trta<\/span><\/strong><\/span><\/p>\n<p><span style=\"color: #0000ff;\"><strong><span lang=\"SL\">Za son\u010dne elektrarne velja podobno kot za vinsko trto. Najbolj produktivna je na nekoliko na jug nagnjeni povr\u0161ini, tako da lahko \u010dim ve\u010dji del dneva &#8220;gleda&#8221; sonce.<\/span><\/strong><\/span><\/p>\n<hr \/>\n<div id=\"attachment_1894\" style=\"width: 1034px\" class=\"wp-caption alignnone\"><img loading=\"lazy\" decoding=\"async\" aria-describedby=\"caption-attachment-1894\" class=\"wp-image-1894 size-large\" src=\"https:\/\/www.greenpeace.org\/static\/planet4-slovenia-stateless\/2019\/05\/f7f4c3c1-gp0stq6m0-1024x768.jpg\" alt=\"\" width=\"1024\" height=\"768\" srcset=\"https:\/\/www.greenpeace.org\/static\/planet4-slovenia-stateless\/2019\/05\/f7f4c3c1-gp0stq6m0-1024x768.jpg 1024w, https:\/\/www.greenpeace.org\/static\/planet4-slovenia-stateless\/2019\/05\/f7f4c3c1-gp0stq6m0-300x225.jpg 300w, https:\/\/www.greenpeace.org\/static\/planet4-slovenia-stateless\/2019\/05\/f7f4c3c1-gp0stq6m0-768x576.jpg 768w, https:\/\/www.greenpeace.org\/static\/planet4-slovenia-stateless\/2019\/05\/f7f4c3c1-gp0stq6m0-453x340.jpg 453w, https:\/\/www.greenpeace.org\/static\/planet4-slovenia-stateless\/2019\/05\/f7f4c3c1-gp0stq6m0.jpg 1200w\" sizes=\"auto, (max-width: 1024px) 100vw, 1024px\" \/><p id=\"caption-attachment-1894\" class=\"wp-caption-text\">Do lastne son\u010dne elektrarn &#8211; la\u017eje kot si mislite<\/p><\/div>\n<p style=\"text-align: justify; margin: 0cm 0cm 15.0pt 0cm;\"><strong><span lang=\"SL\" style=\"letter-spacing: -.1pt;\">Velikost in cena<\/span><\/strong><\/p>\n<p style=\"text-align: justify; margin: 0cm 0cm 15.0pt 0cm;\"><span lang=\"SL\" style=\"letter-spacing: -.1pt;\">Za samooskrbo povpre\u010dnega slovenskega gospodinjstva, je potrebna son\u010dna elektrarna v velikost pribli\u017eno 4 kW. Ta stane pribli\u017eno pet tiso\u010d evrov. \u010ce bo elektrarna napajala \u0161e toplotno \u010drpalko, elektri\u010dni avtomobil in \u0161e kaj, je verjetnej\u0161a velikost okoli 10 kW za kar bi od\u0161teli pribli\u017eno dvanajst tiso\u010d evrov. Cena je odvisna od velikosti elektrarne, seveda pa tudi od kakovosti izbranih komponent elektrarne.<\/span><\/p>\n<p style=\"text-align: justify; margin: 0cm 0cm 15.0pt 0cm;\"><strong><span lang=\"SL\" style=\"letter-spacing: -.1pt;\">Kak\u0161na streha je primerna za son\u010dno elektrarno?<\/span><\/strong><\/p>\n<p style=\"text-align: justify; margin: 0cm 0cm 15.0pt 0cm;\"><span lang=\"SL\" style=\"letter-spacing: -.1pt;\">Gremo po vrsti. Povr\u0161ina je lahko streha ali druga primerna ravna ali nekoliko nagnjena povr\u0161ina. Streha je primerna, \u010de je ravna (0\u00b0), najbolje pa je, \u010de je nekoliko nagnjena proti jugu. Za son\u010dne elektrarne velja podobno kot za vinsko trto. Najbolj je produktivna na nekoliko na jug nagnjeni povr\u0161ini, tako da lahko \u010dim ve\u010dji del dneva &#8220;gleda&#8221; sonce. Idealni kot za postavitev son\u010dne elektrarne na obmo\u010dju Slovenije je okoli 35\u00b0, kar dosega ve\u010dina streh v Sloveniji.<\/span><\/p>\n<p style=\"text-align: justify; margin: 0cm 0cm 15.0pt 0cm;\"><strong><span lang=\"SL\" style=\"letter-spacing: -.1pt;\">Monta\u017ea son\u010dne elektrarne. Na koga se obrniti?<\/span><\/strong><\/p>\n<p style=\"text-align: justify; margin: 0cm 0cm 15.0pt 0cm;\"><span lang=\"SL\" style=\"letter-spacing: -.1pt;\">V Sloveniji je veliko izku\u0161enih podjetij, ki so si v zadnjem desetletju nabrala pomembne izku\u0161nje s postavljanjem son\u010dnih elektrarn. Med njimi so po abecedi APE \u2013 Agencija za prestrukturiranje energetike, d.o.o., Gen-i (Sonce), d.o.o., Enerson, d.o.o., E-Prihodnost, d.o.o., Plan-Net, d.o.o., Sol navitas, d.o.o. in mnogo drugih. Preden se odlo\u010dite za podjetje, se pozanimajte, kake izku\u0161nje imajo, kaj so \u017ee postavili in morda preverite zadovoljstvo njihovih strank.<\/span><\/p>\n","protected":false},"excerpt":{"rendered":"<p>Za lastno son\u010dno elektrarno potrebujete dovolj veliko povr\u0161ino (streho), primerno oson\u010deno lokacijo, financiranje, osnovno znanje, kako se zadeve lotiti, in nekaj malo volje. Mnogo prebivalcev zadosti prvim \u0161tirim pogojem, manjka&hellip;<\/p>\n","protected":false},"author":23,"featured_media":1894,"comment_status":"closed","ping_status":"open","sticky":false,"template":"","format":"standard","meta":{"ep_exclude_from_search":false,"p4_og_title":"","p4_og_description":"","p4_og_image":"","p4_og_image_id":"","p4_seo_canonical_url":"","p4_campaign_name":"","p4_local_project":"","p4_basket_name":"","p4_department":"","footnotes":""},"categories":[45],"tags":[29,41],"p4-page-type":[24],"class_list":["post-1892","post","type-post","status-publish","format-standard","has-post-thumbnail","hentry","category-podnebje","tag-energetskeskupnosti","tag-obnovljivivirienergije","p4-page-type-blog"],"_links":{"self":[{"href":"https:\/\/www.greenpeace.org\/slovenia\/wp-json\/wp\/v2\/posts\/1892","targetHints":{"allow":["GET"]}}],"collection":[{"href":"https:\/\/www.greenpeace.org\/slovenia\/wp-json\/wp\/v2\/posts"}],"about":[{"href":"https:\/\/www.greenpeace.org\/slovenia\/wp-json\/wp\/v2\/types\/post"}],"author":[{"embeddable":true,"href":"https:\/\/www.greenpeace.org\/slovenia\/wp-json\/wp\/v2\/users\/23"}],"replies":[{"embeddable":true,"href":"https:\/\/www.greenpeace.org\/slovenia\/wp-json\/wp\/v2\/comments?post=1892"}],"version-history":[{"count":7,"href":"https:\/\/www.greenpeace.org\/slovenia\/wp-json\/wp\/v2\/posts\/1892\/revisions"}],"predecessor-version":[{"id":1929,"href":"https:\/\/www.greenpeace.org\/slovenia\/wp-json\/wp\/v2\/posts\/1892\/revisions\/1929"}],"wp:featuredmedia":[{"embeddable":true,"href":"https:\/\/www.greenpeace.org\/slovenia\/wp-json\/wp\/v2\/media\/1894"}],"wp:attachment":[{"href":"https:\/\/www.greenpeace.org\/slovenia\/wp-json\/wp\/v2\/media?parent=1892"}],"wp:term":[{"taxonomy":"category","embeddable":true,"href":"https:\/\/www.greenpeace.org\/slovenia\/wp-json\/wp\/v2\/categories?post=1892"},{"taxonomy":"post_tag","embeddable":true,"href":"https:\/\/www.greenpeace.org\/slovenia\/wp-json\/wp\/v2\/tags?post=1892"},{"taxonomy":"p4-page-type","embeddable":true,"href":"https:\/\/www.greenpeace.org\/slovenia\/wp-json\/wp\/v2\/p4-page-type?post=1892"}],"curies":[{"name":"wp","href":"https:\/\/api.w.org\/{rel}","templated":true}]}}