{"id":1952,"date":"2018-05-24T20:40:14","date_gmt":"2018-05-24T20:40:14","guid":{"rendered":"https:\/\/www.greenpeace.org\/slovenia\/?p=1952"},"modified":"2023-06-01T16:17:25","modified_gmt":"2023-06-01T16:17:25","slug":"miti-o-soncnih-elektrarnah","status":"publish","type":"post","link":"https:\/\/www.greenpeace.org\/slovenia\/blog\/1952\/miti-o-soncnih-elektrarnah\/","title":{"rendered":"Miti o son\u010dnih elektrarnah"},"content":{"rendered":"<p><strong>Na\u010dini pridobivanja elektrike\u00a0<\/strong>s pomo\u010djo son\u010dnih elektrarn so dokaj novi, posledi\u010dno<strong>\u00a0se jih oklepajo mnogi miti. Nekatere mite naslavljamo<\/strong>\u00a0v \u010dlankih na tej povezavi.<\/p>\n<p><a href=\"https:\/\/www.greenpeace.org\/slovenia\/blog\/1964\/soncni-paneli-niso-nevarni-in-ne-bodo-povzrocili-veliko-odpadkov\/\">Son\u010dni paneli niso nevarni in\u00a0ne bodo povzro\u010dili veliko odpadkov<\/a><\/p>\n<p><a href=\"https:\/\/www.greenpeace.org\/slovenia\/blog\/1967\/v-zivljenjskem-ciklu-ena-celica-ne-proizvede-le-okoli-70-energije-katero-smo-porabili-za-njeno-izdelavo\/\">V \u017eivljenjskem ciklu ena celica proizvede le okoli 70 % energije, katero smo porabili za njeno izdelavo<\/a><\/p>\n<p><a href=\"https:\/\/www.greenpeace.org\/slovenia\/blog\/1957\/obnovljivi-viri-energije-niso-samo-za-bogate\/\">Obnovljivi viri energije niso samo za bogate<\/a><\/p>\n<p><a href=\"https:\/\/www.greenpeace.org\/slovenia\/blog\/1971\/obnovljiva-energija-lahko-zadosti-nasim-potrebam\/\">Obnovljiva energija lahko zadosti na\u0161im potrebam<\/a><\/p>\n<p><a href=\"https:\/\/www.greenpeace.org\/slovenia\/blog\/1977\/obnovljivi-viri-lahko-zagotovijo-elektricno-energijo-nepretrgoma\/\">Obnovljivi viri lahko zagotovijo elektri\u010dno energijo nepretrgoma<\/a><\/p>\n<p><a href=\"https:\/\/www.greenpeace.org\/slovenia\/blog\/1982\/elektricno-omrezje-lahko-posodobimo-da-bo-preneslo-obnovljive-vire-energije\/\">Elektri\u010dno omre\u017eje lahko posodobimo, da bo preneslo obnovljive vire energije<\/a><\/p>\n<p><a href=\"https:\/\/www.greenpeace.org\/slovenia\/blog\/1986\/soncne-elektrarne-ne-zagorijo-pogosto\/\">Son\u010dne elektrarne ne zagorijo pogosto<\/a><\/p>\n","protected":false},"excerpt":{"rendered":"<p>Na\u010dini pridobivanja elektrike\u00a0s pomo\u010djo son\u010dnih elektrarn so dokaj novi, posledi\u010dno\u00a0se jih oklepajo mnogi miti. Nekatere mite naslavljamo\u00a0v \u010dlankih na tej povezavi. Son\u010dni paneli niso nevarni in\u00a0ne bodo povzro\u010dili veliko odpadkov&hellip;<\/p>\n","protected":false},"author":23,"featured_media":1954,"comment_status":"closed","ping_status":"open","sticky":false,"template":"","format":"standard","meta":{"ep_exclude_from_search":false,"p4_og_title":"","p4_og_description":"","p4_og_image":"","p4_og_image_id":"","p4_seo_canonical_url":"","p4_campaign_name":"","p4_local_project":"","p4_basket_name":"","p4_department":"","footnotes":""},"categories":[45],"tags":[29,41],"p4-page-type":[24],"class_list":["post-1952","post","type-post","status-publish","format-standard","has-post-thumbnail","hentry","category-podnebje","tag-energetskeskupnosti","tag-obnovljivivirienergije","p4-page-type-blog"],"_links":{"self":[{"href":"https:\/\/www.greenpeace.org\/slovenia\/wp-json\/wp\/v2\/posts\/1952","targetHints":{"allow":["GET"]}}],"collection":[{"href":"https:\/\/www.greenpeace.org\/slovenia\/wp-json\/wp\/v2\/posts"}],"about":[{"href":"https:\/\/www.greenpeace.org\/slovenia\/wp-json\/wp\/v2\/types\/post"}],"author":[{"embeddable":true,"href":"https:\/\/www.greenpeace.org\/slovenia\/wp-json\/wp\/v2\/users\/23"}],"replies":[{"embeddable":true,"href":"https:\/\/www.greenpeace.org\/slovenia\/wp-json\/wp\/v2\/comments?post=1952"}],"version-history":[{"count":4,"href":"https:\/\/www.greenpeace.org\/slovenia\/wp-json\/wp\/v2\/posts\/1952\/revisions"}],"predecessor-version":[{"id":1992,"href":"https:\/\/www.greenpeace.org\/slovenia\/wp-json\/wp\/v2\/posts\/1952\/revisions\/1992"}],"wp:featuredmedia":[{"embeddable":true,"href":"https:\/\/www.greenpeace.org\/slovenia\/wp-json\/wp\/v2\/media\/1954"}],"wp:attachment":[{"href":"https:\/\/www.greenpeace.org\/slovenia\/wp-json\/wp\/v2\/media?parent=1952"}],"wp:term":[{"taxonomy":"category","embeddable":true,"href":"https:\/\/www.greenpeace.org\/slovenia\/wp-json\/wp\/v2\/categories?post=1952"},{"taxonomy":"post_tag","embeddable":true,"href":"https:\/\/www.greenpeace.org\/slovenia\/wp-json\/wp\/v2\/tags?post=1952"},{"taxonomy":"p4-page-type","embeddable":true,"href":"https:\/\/www.greenpeace.org\/slovenia\/wp-json\/wp\/v2\/p4-page-type?post=1952"}],"curies":[{"name":"wp","href":"https:\/\/api.w.org\/{rel}","templated":true}]}}