{"id":1967,"date":"2018-05-24T21:06:33","date_gmt":"2018-05-24T21:06:33","guid":{"rendered":"https:\/\/www.greenpeace.org\/slovenia\/?p=1967"},"modified":"2023-06-01T16:17:22","modified_gmt":"2023-06-01T16:17:22","slug":"v-zivljenjskem-ciklu-ena-celica-ne-proizvede-le-okoli-70-energije-katero-smo-porabili-za-njeno-izdelavo","status":"publish","type":"post","link":"https:\/\/www.greenpeace.org\/slovenia\/blog\/1967\/v-zivljenjskem-ciklu-ena-celica-ne-proizvede-le-okoli-70-energije-katero-smo-porabili-za-njeno-izdelavo\/","title":{"rendered":"V \u017eivljenjskem ciklu ena celica ne proizvede le okoli 70 % energije, katero smo porabili za njeno izdelavo"},"content":{"rendered":"<p>V mnogo primerih zaradi tega prepri\u010danja son\u010dne elektrarne niso tako raz\u0161irjene, kot bi si \u017eeleli.<\/p>\n<hr \/>\n<p><span style=\"color: #0000ff;\"><strong>Ali ste vedeli?<\/strong><\/span><\/p>\n<p><span style=\"color: #0000ff;\"><strong>V zadnjih letih, ko postaja elektrika iz obnovljivih virov vse cenej\u0161a postaja sektor obnovljivih virov energije eden najhitreje rasto\u010dih sektorjev, ki ponuja veliko \u0161tevilo zaposlitev in poganja nov tehnolo\u0161ki razvoj.<\/strong><\/span><\/p>\n<hr \/>\n<p>Proizvodnja son\u010dnih panelov je vse bolj u\u010dinkovita.\u00a0<strong>Vlo\u017eena energija za proizvodnjo son\u010dnega panela je povrnjena v obdobju od 6 mesecev do 2 let.<\/strong>\u00a0Matematika je zelo podobna tudi pri oglji\u010dnem povra\u010dilu, to pomeni, da je koli\u010dina ogljikovega dioksida, ki se je sprostila pri proizvodnji, izni\u010dena v roku 6 mesecev do najve\u010d 2 let delovanja solarnih panelov.<\/p>\n<p>\u017divljenjska doba solarnih panelov pa je od 20 do 30 let, teoreti\u010dno \u0161e dlje. V tem obdobju je potrebno le minimalno vzdr\u017eevanje, ni izpustov, ni nesre\u010d, ima nizek oglji\u010dni odtis &#8230;<\/p>\n<p><strong>Cena, se strinjamo, je, kljub subvencijam,\u00a0visoka, se pa investicija povrne tudi brez njih<\/strong>. Ve\u010d o tem v \u010dlanku, <a href=\"https:\/\/www.greenpeace.org\/slovenia\/blog\/1933\/je-soncna-elektrarna-donosna-nalozba\/\">Je son\u010dna elektrarna donosna nalo\u017eba?<\/a><\/p>\n","protected":false},"excerpt":{"rendered":"<p>V mnogo primerih zaradi tega prepri\u010danja son\u010dne elektrarne niso tako raz\u0161irjene, kot bi si \u017eeleli. Ali ste vedeli? V zadnjih letih, ko postaja elektrika iz obnovljivih virov vse cenej\u0161a postaja&hellip;<\/p>\n","protected":false},"author":23,"featured_media":1976,"comment_status":"closed","ping_status":"open","sticky":false,"template":"","format":"standard","meta":{"ep_exclude_from_search":false,"p4_og_title":"","p4_og_description":"","p4_og_image":"","p4_og_image_id":"","p4_seo_canonical_url":"","p4_campaign_name":"","p4_local_project":"","p4_basket_name":"","p4_department":"","footnotes":""},"categories":[45],"tags":[29,41],"p4-page-type":[24],"class_list":["post-1967","post","type-post","status-publish","format-standard","has-post-thumbnail","hentry","category-podnebje","tag-energetskeskupnosti","tag-obnovljivivirienergije","p4-page-type-blog"],"_links":{"self":[{"href":"https:\/\/www.greenpeace.org\/slovenia\/wp-json\/wp\/v2\/posts\/1967","targetHints":{"allow":["GET"]}}],"collection":[{"href":"https:\/\/www.greenpeace.org\/slovenia\/wp-json\/wp\/v2\/posts"}],"about":[{"href":"https:\/\/www.greenpeace.org\/slovenia\/wp-json\/wp\/v2\/types\/post"}],"author":[{"embeddable":true,"href":"https:\/\/www.greenpeace.org\/slovenia\/wp-json\/wp\/v2\/users\/23"}],"replies":[{"embeddable":true,"href":"https:\/\/www.greenpeace.org\/slovenia\/wp-json\/wp\/v2\/comments?post=1967"}],"version-history":[{"count":3,"href":"https:\/\/www.greenpeace.org\/slovenia\/wp-json\/wp\/v2\/posts\/1967\/revisions"}],"predecessor-version":[{"id":1970,"href":"https:\/\/www.greenpeace.org\/slovenia\/wp-json\/wp\/v2\/posts\/1967\/revisions\/1970"}],"wp:featuredmedia":[{"embeddable":true,"href":"https:\/\/www.greenpeace.org\/slovenia\/wp-json\/wp\/v2\/media\/1976"}],"wp:attachment":[{"href":"https:\/\/www.greenpeace.org\/slovenia\/wp-json\/wp\/v2\/media?parent=1967"}],"wp:term":[{"taxonomy":"category","embeddable":true,"href":"https:\/\/www.greenpeace.org\/slovenia\/wp-json\/wp\/v2\/categories?post=1967"},{"taxonomy":"post_tag","embeddable":true,"href":"https:\/\/www.greenpeace.org\/slovenia\/wp-json\/wp\/v2\/tags?post=1967"},{"taxonomy":"p4-page-type","embeddable":true,"href":"https:\/\/www.greenpeace.org\/slovenia\/wp-json\/wp\/v2\/p4-page-type?post=1967"}],"curies":[{"name":"wp","href":"https:\/\/api.w.org\/{rel}","templated":true}]}}