{"id":1977,"date":"2018-05-24T21:26:00","date_gmt":"2018-05-24T21:26:00","guid":{"rendered":"https:\/\/www.greenpeace.org\/slovenia\/?p=1977"},"modified":"2023-06-01T16:17:20","modified_gmt":"2023-06-01T16:17:20","slug":"obnovljivi-viri-lahko-zagotovijo-elektricno-energijo-nepretrgoma","status":"publish","type":"post","link":"https:\/\/www.greenpeace.org\/slovenia\/blog\/1977\/obnovljivi-viri-lahko-zagotovijo-elektricno-energijo-nepretrgoma\/","title":{"rendered":"Obnovljivi viri lahko zagotovijo elektri\u010dno energijo nepretrgoma"},"content":{"rendered":"<p style=\"margin: 0cm; margin-bottom: .0001pt;\"><strong><span lang=\"SL\" style=\"letter-spacing: -.1pt;\">Obnovljiva energija lahko zadosti vsem na\u0161im potrebam po energiji,<\/span><\/strong><span lang=\"SL\" style=\"letter-spacing: -.1pt;\">\u00a0in to na varen in zanesljiv na\u010din. Klju\u010dnega pomena je, da je me\u0161anica virov porazdeljena po \u0161irokem obmo\u010dju: son\u010dna in vetrna energija ter pridobivanje energije iz bioplina, biomase in geotermalnih virov. V prihodnosti bo svoj prispevek lahko dodala \u0161e energija, pridobljena s pomo\u010djo oceanov.<\/span><\/p>\n<p>&nbsp;<\/p>\n<p style=\"margin: 0cm 0cm 15.0pt 0cm;\"><span lang=\"SL\" style=\"letter-spacing: -.1pt;\">Pri majhnih dele\u017eih energije iz obnovljivih virov je ravnote\u017eje med ponudbo in povpra\u0161evanjem odvisno od skupnega upravljanja omre\u017eja.\u00a0<strong>Ko pa se dele\u017ei vetrne in son\u010dne energije pribli\u017eujejo 30 % in ve\u010d, postane pomembna pametna integracija.<\/strong>\u00a0Pametne tehnologije lahko bele\u017eijo in upravljajo z vzorci porabe energije, omogo\u010dajo fleksibilno dobavo elektri\u010dne energije, ki sledi potrebam skozi cel dan, uporabljajo bolj\u0161e mo\u017enosti skladi\u0161\u010denja energije in povezujejo proizvajalce, da skupaj tvorijo virtualne elektrarne. Z vsemi temi re\u0161itvami si lahko zagotovimo \u017eeleno prihodnost, kjer bomo uporabljali le obnovljivo energijo.\u00a0<strong>Potrebujemo le pametna omre\u017eja<\/strong>, ki bodo z energijo ustrezno upravljala in zagotavljala, \u201eda bodo na\u0161e lu\u010di lahko vedno pri\u017egane\u201c.<\/span><\/p>\n","protected":false},"excerpt":{"rendered":"<p>Obnovljiva energija lahko zadosti vsem na\u0161im potrebam po energiji,\u00a0in to na varen in zanesljiv na\u010din. Klju\u010dnega pomena je, da je me\u0161anica virov porazdeljena po \u0161irokem obmo\u010dju: son\u010dna in vetrna energija&hellip;<\/p>\n","protected":false},"author":23,"featured_media":1979,"comment_status":"closed","ping_status":"open","sticky":false,"template":"","format":"standard","meta":{"ep_exclude_from_search":false,"p4_og_title":"","p4_og_description":"","p4_og_image":"","p4_og_image_id":"","p4_seo_canonical_url":"","p4_campaign_name":"","p4_local_project":"","p4_basket_name":"","p4_department":"","footnotes":""},"categories":[45],"tags":[29,41],"p4-page-type":[24],"class_list":["post-1977","post","type-post","status-publish","format-standard","has-post-thumbnail","hentry","category-podnebje","tag-energetskeskupnosti","tag-obnovljivivirienergije","p4-page-type-blog"],"_links":{"self":[{"href":"https:\/\/www.greenpeace.org\/slovenia\/wp-json\/wp\/v2\/posts\/1977","targetHints":{"allow":["GET"]}}],"collection":[{"href":"https:\/\/www.greenpeace.org\/slovenia\/wp-json\/wp\/v2\/posts"}],"about":[{"href":"https:\/\/www.greenpeace.org\/slovenia\/wp-json\/wp\/v2\/types\/post"}],"author":[{"embeddable":true,"href":"https:\/\/www.greenpeace.org\/slovenia\/wp-json\/wp\/v2\/users\/23"}],"replies":[{"embeddable":true,"href":"https:\/\/www.greenpeace.org\/slovenia\/wp-json\/wp\/v2\/comments?post=1977"}],"version-history":[{"count":2,"href":"https:\/\/www.greenpeace.org\/slovenia\/wp-json\/wp\/v2\/posts\/1977\/revisions"}],"predecessor-version":[{"id":1981,"href":"https:\/\/www.greenpeace.org\/slovenia\/wp-json\/wp\/v2\/posts\/1977\/revisions\/1981"}],"wp:featuredmedia":[{"embeddable":true,"href":"https:\/\/www.greenpeace.org\/slovenia\/wp-json\/wp\/v2\/media\/1979"}],"wp:attachment":[{"href":"https:\/\/www.greenpeace.org\/slovenia\/wp-json\/wp\/v2\/media?parent=1977"}],"wp:term":[{"taxonomy":"category","embeddable":true,"href":"https:\/\/www.greenpeace.org\/slovenia\/wp-json\/wp\/v2\/categories?post=1977"},{"taxonomy":"post_tag","embeddable":true,"href":"https:\/\/www.greenpeace.org\/slovenia\/wp-json\/wp\/v2\/tags?post=1977"},{"taxonomy":"p4-page-type","embeddable":true,"href":"https:\/\/www.greenpeace.org\/slovenia\/wp-json\/wp\/v2\/p4-page-type?post=1977"}],"curies":[{"name":"wp","href":"https:\/\/api.w.org\/{rel}","templated":true}]}}