{"id":1982,"date":"2018-05-24T21:30:08","date_gmt":"2018-05-24T21:30:08","guid":{"rendered":"https:\/\/www.greenpeace.org\/slovenia\/?p=1982"},"modified":"2023-06-01T16:17:18","modified_gmt":"2023-06-01T16:17:18","slug":"elektricno-omrezje-lahko-posodobimo-da-bo-preneslo-obnovljive-vire-energije","status":"publish","type":"post","link":"https:\/\/www.greenpeace.org\/slovenia\/blog\/1982\/elektricno-omrezje-lahko-posodobimo-da-bo-preneslo-obnovljive-vire-energije\/","title":{"rendered":"Elektri\u010dno omre\u017eje lahko posodobimo, da bo preneslo obnovljive vire energije"},"content":{"rendered":"<p style=\"margin: 0cm; margin-bottom: .0001pt;\"><strong><span lang=\"SL\" style=\"letter-spacing: -.1pt;\">Zmotno je misliti, da bo vpeljava vetrne in son\u010dne energije povzro\u010dila te\u017eave na omre\u017eju<\/span><\/strong><span lang=\"SL\" style=\"letter-spacing: -.1pt;\">, saj nekatere dr\u017eav\u00a0\u017ee\u00a0dodajajo ogromne kapacitete obnovljivih virov energije\u00a0v svoje omre\u017eje, kot na primer Nem\u010dija, ki ima enega bolj zanesljivih omre\u017eij v Evropi.<\/span><\/p>\n<p style=\"margin: 0cm 0cm 15.0pt 0cm;\"><span lang=\"SL\" style=\"letter-spacing: -.1pt;\">\u00a0<\/span><\/p>\n<p style=\"margin: 0cm 0cm 15.0pt 0cm;\"><span lang=\"SL\" style=\"letter-spacing: -.1pt;\">Elektri\u010dno omre\u017eje \u2013 sistem, ki predstavlja vez med elektrarnami in porabniki \u2013 je sposobno prenesti velike dele\u017ee razli\u010dnih vrst obnovljive energije, \u010de je za to zasnovano. Le dodajanje vetrne in son\u010dne energije obstoje\u010demu modelu ni prava pot.<strong>\u00a0Potrebna je postopna preobrazba celotnega energetskega sistema tako, da bo lahko zadostoval modernim trendom proizvodnje in porabe energije<\/strong>, zato moramo vklju\u010diti uporabo pametnega omre\u017eja.<\/span><\/p>\n<p style=\"margin: 0cm 0cm 15.0pt 0cm;\"><strong><span lang=\"SL\" style=\"letter-spacing: -.1pt;\">Pametno omre\u017eje je sistem<\/span><\/strong><span lang=\"SL\" style=\"letter-spacing: -.1pt;\">, ki lahko na razli\u010dnih mestih pove\u017ee razne vire energije (son\u010dna, vetrna energija&#8230;) in med njimi preklaplja, ter omogo\u010da konstantno dobavo elektri\u010dne energije uporabnikom. Omre\u017eje smo ozna\u010dili kot \u00bbpametno\u00ab, saj lahko sestavni deli med seboj komunicirajo, kar omogo\u010da dosti bolj fleksibilno, zanesljivo in u\u010dinkovito dobavo elektri\u010dne energije. Omogo\u010da nam, da zgradimo omre\u017eje mest za proizvodnjo elektri\u010dne energije, ki bodo razpr\u0161eni po \u0161irokem obmo\u010dju. Tako nekomu, na primer, omogo\u010da, da si na strehi svoje hi\u0161e postavi son\u010dno elektrarno in neporabljeno elektri\u010dno energijo po\u0161ilja v omre\u017eje S pomo\u010djo pametnega omre\u017eja ne bomo ve\u010d zgolj pasivni porabniki energije, ampak hkrati tudi aktivni proizvajalci \u010diste energije.<\/span><\/p>\n","protected":false},"excerpt":{"rendered":"<p>Zmotno je misliti, da bo vpeljava vetrne in son\u010dne energije povzro\u010dila te\u017eave na omre\u017eju, saj nekatere dr\u017eav\u00a0\u017ee\u00a0dodajajo ogromne kapacitete obnovljivih virov energije\u00a0v svoje omre\u017eje, kot na primer Nem\u010dija, ki ima&hellip;<\/p>\n","protected":false},"author":23,"featured_media":1985,"comment_status":"closed","ping_status":"open","sticky":false,"template":"","format":"standard","meta":{"ep_exclude_from_search":false,"p4_og_title":"","p4_og_description":"","p4_og_image":"","p4_og_image_id":"","p4_seo_canonical_url":"","p4_campaign_name":"","p4_local_project":"","p4_basket_name":"","p4_department":"","footnotes":""},"categories":[45],"tags":[29,41],"p4-page-type":[24],"class_list":["post-1982","post","type-post","status-publish","format-standard","has-post-thumbnail","hentry","category-podnebje","tag-energetskeskupnosti","tag-obnovljivivirienergije","p4-page-type-blog"],"_links":{"self":[{"href":"https:\/\/www.greenpeace.org\/slovenia\/wp-json\/wp\/v2\/posts\/1982","targetHints":{"allow":["GET"]}}],"collection":[{"href":"https:\/\/www.greenpeace.org\/slovenia\/wp-json\/wp\/v2\/posts"}],"about":[{"href":"https:\/\/www.greenpeace.org\/slovenia\/wp-json\/wp\/v2\/types\/post"}],"author":[{"embeddable":true,"href":"https:\/\/www.greenpeace.org\/slovenia\/wp-json\/wp\/v2\/users\/23"}],"replies":[{"embeddable":true,"href":"https:\/\/www.greenpeace.org\/slovenia\/wp-json\/wp\/v2\/comments?post=1982"}],"version-history":[{"count":2,"href":"https:\/\/www.greenpeace.org\/slovenia\/wp-json\/wp\/v2\/posts\/1982\/revisions"}],"predecessor-version":[{"id":1984,"href":"https:\/\/www.greenpeace.org\/slovenia\/wp-json\/wp\/v2\/posts\/1982\/revisions\/1984"}],"wp:featuredmedia":[{"embeddable":true,"href":"https:\/\/www.greenpeace.org\/slovenia\/wp-json\/wp\/v2\/media\/1985"}],"wp:attachment":[{"href":"https:\/\/www.greenpeace.org\/slovenia\/wp-json\/wp\/v2\/media?parent=1982"}],"wp:term":[{"taxonomy":"category","embeddable":true,"href":"https:\/\/www.greenpeace.org\/slovenia\/wp-json\/wp\/v2\/categories?post=1982"},{"taxonomy":"post_tag","embeddable":true,"href":"https:\/\/www.greenpeace.org\/slovenia\/wp-json\/wp\/v2\/tags?post=1982"},{"taxonomy":"p4-page-type","embeddable":true,"href":"https:\/\/www.greenpeace.org\/slovenia\/wp-json\/wp\/v2\/p4-page-type?post=1982"}],"curies":[{"name":"wp","href":"https:\/\/api.w.org\/{rel}","templated":true}]}}