{"id":2097,"date":"2019-07-05T09:30:52","date_gmt":"2019-07-05T09:30:52","guid":{"rendered":"https:\/\/master.k8s.p4.greenpeace.org\/slovenia\/?p=2097"},"modified":"2023-06-01T16:13:06","modified_gmt":"2023-06-01T16:13:06","slug":"zakaj-morajo-biti-obmocja-kot-je-izgubljeno-mesto-zascitena","status":"publish","type":"post","link":"https:\/\/www.greenpeace.org\/slovenia\/blog\/2097\/zakaj-morajo-biti-obmocja-kot-je-izgubljeno-mesto-zascitena\/","title":{"rendered":"Zakaj morajo biti obmo\u010dja kot je Izgubljeno mesto za\u0161\u010ditena"},"content":{"rendered":"<p><b><i>Odkritje Izgubljenega mesta je bil najbolj razburljiv trenutek v moji karieri in vse se je zgodilo po naklju\u010dju.<\/i><\/b><\/p>\n<p><span style=\"font-weight: 400;\">Pred 20-imi leti sem bila na odpravi, kjer smo kartirali morsko dno. Tam smo bili, da bi slikali podro\u010dje in jaz sem bila tista, ki je bila na stra\u017ei. To je bil res popoln primer sre\u010de &#8211; iskali nismo ni\u010desar posebnega, preprosto smo na to naleteli. <\/span><\/p>\n<p><b><\/b><span style=\"font-weight: 400;\">Najprej nismo bili prepri\u010dani \u010demu smo pri\u010da, najdeno je testiralo na\u0161a znanstvena razumevanja in znanja, saj \u0161e nikoli nismo videli ni\u010desar podobnega. Najprej smo videli korale, nato pa te velikanske bele strukture, hidrotermalne gejzirje, ki so v ocean oddajali vro\u010do vodo.\u00a0<\/span><\/p>\n<p><span style=\"font-weight: 400;\">Nekateri izmed gejzirjev in struktur so izgledali kot katedrale &#8211; zato so moji kolegi to podro\u010dje poimenovali Izgubljeno mesto. To ime je bilo popolno, saj smo bili na raziskovalni ladji z imenom <\/span><i><span style=\"font-weight: 400;\">Atlantis, <\/span><\/i><span style=\"font-weight: 400;\">kartirali smo goro, ki se imenuje Atlantis Massif in je obdana s 4000 m globokim tektonskim prelomom Atlantis.<\/span><\/p>\n<div id=\"attachment_2099\" style=\"width: 1034px\" class=\"wp-caption alignleft\"><img loading=\"lazy\" decoding=\"async\" aria-describedby=\"caption-attachment-2099\" class=\"wp-image-2099 size-large\" src=\"https:\/\/www.greenpeace.org\/static\/planet4-slovenia-stateless\/2019\/07\/983023d7-gp0stt5m9-1024x552.jpg\" alt=\"Vent Field in the Lost City, Atlantic Ocean. \u00a9 NOAA \/ OAR \/ OER\" width=\"1024\" height=\"552\" srcset=\"https:\/\/www.greenpeace.org\/static\/planet4-slovenia-stateless\/2019\/07\/983023d7-gp0stt5m9-1024x552.jpg 1024w, https:\/\/www.greenpeace.org\/static\/planet4-slovenia-stateless\/2019\/07\/983023d7-gp0stt5m9-300x162.jpg 300w, https:\/\/www.greenpeace.org\/static\/planet4-slovenia-stateless\/2019\/07\/983023d7-gp0stt5m9-768x414.jpg 768w, https:\/\/www.greenpeace.org\/static\/planet4-slovenia-stateless\/2019\/07\/983023d7-gp0stt5m9-510x275.jpg 510w, https:\/\/www.greenpeace.org\/static\/planet4-slovenia-stateless\/2019\/07\/983023d7-gp0stt5m9.jpg 1200w\" sizes=\"auto, (max-width: 1024px) 100vw, 1024px\" \/><p id=\"caption-attachment-2099\" class=\"wp-caption-text\">Prizor iz podvodnega Izgubljenega mesta.<\/p><\/div>\n<p><b><\/b><span style=\"font-weight: 400;\">Lepoto Izgubljenega mesta je te\u017eko opisati &#8211; \u0161e zdaj nisem izgubila ob\u010dudovanja nad njim. Video posnetke tega podro\u010dja lahko gledam tudi ve\u010d ur. Te\u017eko je verjeti, da na globini 800 m obstaja barva, vse je v barvah, korale in celo raki. Mislim, v globinah je popolna tema, zakaj stvari potrebujejo barvo?<\/span><\/p>\n<p><b><i>\u0160e vedno sem vznemirjena, ko izvem, da se lahko vrnem v Izgubljeno mesto. To je tako, kot bi se vra\u010dal na priljubljeno po\u010ditni\u0161ko destinacijo.\u00a0<\/i><\/b><\/p>\n<p><span style=\"font-weight: 400;\">Tam sem bila 4-krat, odkar smo ga odkrili pred 20-imi leti. Z veseljem bi ga obiskala ve\u010dkrat, ampak zelo drago je obiskati globoko morje. Znanstvene odprave so drage, zato potrebujemo leta in leta, da odkrijemo ve\u010d o Izgubljenem mestu.\u00a0<\/span><\/p>\n<p><span style=\"font-weight: 400;\">Nismo na\u0161li veliko podro\u010dij kot je Izgubljeno mesto, to je edino v Atlantiku. \u0160e vedno ne vemo, kako so se ti sistemi formirali ali kako so lahko sami sebe oskrbovali ve\u010d tiso\u010d let. Tako malo vemo in razumemo o morskem dnu, zato se pogosto vpra\u0161amo, koliko presene\u010denj nas \u0161e \u010daka tam zunaj.<\/span><\/p>\n<p>&nbsp;<\/p>\n<p><b><i>Vsaki\u010d, ko potujemo v te globine, se nazaj vrnemo z ve\u010d vpra\u0161anji. Mar to mesto skriva informacije o tem, kako se je formirala na\u0161a Zemlja? Je gradnik \u017eivljenja? Preprosto ne vemo \u2026 \u0161e!\u00a0<\/i><\/b><\/p>\n<p><span style=\"font-weight: 400;\">Ve\u010d bomo vedeli \u010dez nekaj let, a vseeno ne moremo re\u010di \u201cpo\u010dakajmo 10 let, nato pa ga lahko uni\u010dimo.\u201d Znanost ne pozna konca.<\/span><\/p>\n<p><span style=\"font-weight: 400;\">Zelo sem za\u0161\u010ditni\u0161ka do Izgubljenega mesta. \u0160e kot znanstvenico me zaboli, ko moramo za raziskovalne namene odlomiti majhen del\u010dek mesta, zato ker ga ho\u010dem za\u0161\u010dititi.<\/span><\/p>\n<p><span style=\"font-weight: 400;\">Ni pravil za obisk Izgubljenega mesta. Ni vlade, ni politike, od nikogar ne potrebuje\u0161 dovoljenja, da gre\u0161 tja in tam po\u010dne\u0161 kar \u017eeli\u0161. Ne pripada meni, ne pripada nikomur, jaz ga samo \u0161e naprej raziskujem. Nih\u010de si ne lasti mesta kot je to.<\/span><\/p>\n<p><b><i>Sedaj industrija \u010drpanja nafte v globokem morju brezbri\u017eno dolo\u010da meje na morskem dnu in ga kupuje &#8211; kot da je na voljo vsem.\u00a0<\/i><\/b><\/p>\n<p><span style=\"font-weight: 400;\">Drago je potovati v globine in rudariti ali kopati po morskem dnu, vendar bo to postalo zelo mamljivo, kajti mineralov je vedno manj. Ne moremo ustvariti precedensa, da lahko vsak v globine po\u0161lje stroje za kopanje in tam po\u010dne karkoli si za\u017eeli.<\/span><\/p>\n<p><span style=\"font-weight: 400;\">\u010ce se bodo za\u010dele v morsko dno kopati luknje, bodo pri tem verjetno nastale velikanske koli\u010dine prahu in hrupa in ne vemo, kak\u0161ne posledice bo to imelo na \u017eivljenje v globinah. Ne vemo, kaj bo to pomenilo za kemi\u010dno zna\u010dilnost oceanov. Ne vemo, kaj uni\u010dujemo ali motimo. In zato, ker ne vemo, bi seveda morali biti pri na\u0161em po\u010detju previdni?\u00a0<\/span><\/p>\n<p><span style=\"font-weight: 400;\">Varovanje naravnih \u010dudes na morskem dnu bi bil prvi korak na poti k varovanju na\u0161ih oceanov. Ni samo Izgubljeno mesto tisto, ki potrebuje za\u0161\u010dito. \u010ce lahko razumemo, kaj se dogaja v na\u0161em naravnem laboratoriju, se lahko ve\u010d nau\u010dimo o samem za\u010detku \u017eivljenja na Zemlji in morda tudi o drugih planetih.<\/span><\/p>\n<p><b>Pridru\u017eite se Gretchen pri pozivu za sestavo mo\u010dnega Sporazuma o svetovnem oceanu, ki bi za\u0161\u010ditil podro\u010dja kot je Izgubljeno mesto, saj bi najranljivej\u0161e in najpomembnej\u0161e dele na\u0161ih morij obvaroval pred uni\u010dujo\u010dimi industrijami. Peticijo lahko podpi\u0161ete v okencu ob tekstu.<\/b><\/p>\n<div class=\"EmptyMessage\">Block content is empty. Check the block&#8217;s settings or remove it.<\/div>","protected":false},"excerpt":{"rendered":"<p>Odkritje Izgubljenega mesta je bil najbolj razburljiv trenutek v moji karieri in vse se je zgodilo po naklju\u010dju. Pred 20-imi leti sem bila na odpravi, kjer smo kartirali morsko dno.&hellip;<\/p>\n","protected":false},"author":26,"featured_media":2099,"comment_status":"closed","ping_status":"open","sticky":false,"template":"","format":"standard","meta":{"ep_exclude_from_search":false,"p4_og_title":"","p4_og_description":"","p4_og_image":"","p4_og_image_id":"","p4_seo_canonical_url":"","p4_campaign_name":"","p4_local_project":"","p4_basket_name":"","p4_department":"","footnotes":""},"categories":[43],"tags":[23,28],"p4-page-type":[24],"class_list":["post-2097","post","type-post","status-publish","format-standard","has-post-thumbnail","hentry","category-narava","tag-podnebje","tag-oceani","p4-page-type-blog"],"_links":{"self":[{"href":"https:\/\/www.greenpeace.org\/slovenia\/wp-json\/wp\/v2\/posts\/2097","targetHints":{"allow":["GET"]}}],"collection":[{"href":"https:\/\/www.greenpeace.org\/slovenia\/wp-json\/wp\/v2\/posts"}],"about":[{"href":"https:\/\/www.greenpeace.org\/slovenia\/wp-json\/wp\/v2\/types\/post"}],"author":[{"embeddable":true,"href":"https:\/\/www.greenpeace.org\/slovenia\/wp-json\/wp\/v2\/users\/26"}],"replies":[{"embeddable":true,"href":"https:\/\/www.greenpeace.org\/slovenia\/wp-json\/wp\/v2\/comments?post=2097"}],"version-history":[{"count":18,"href":"https:\/\/www.greenpeace.org\/slovenia\/wp-json\/wp\/v2\/posts\/2097\/revisions"}],"predecessor-version":[{"id":49393,"href":"https:\/\/www.greenpeace.org\/slovenia\/wp-json\/wp\/v2\/posts\/2097\/revisions\/49393"}],"wp:featuredmedia":[{"embeddable":true,"href":"https:\/\/www.greenpeace.org\/slovenia\/wp-json\/wp\/v2\/media\/2099"}],"wp:attachment":[{"href":"https:\/\/www.greenpeace.org\/slovenia\/wp-json\/wp\/v2\/media?parent=2097"}],"wp:term":[{"taxonomy":"category","embeddable":true,"href":"https:\/\/www.greenpeace.org\/slovenia\/wp-json\/wp\/v2\/categories?post=2097"},{"taxonomy":"post_tag","embeddable":true,"href":"https:\/\/www.greenpeace.org\/slovenia\/wp-json\/wp\/v2\/tags?post=2097"},{"taxonomy":"p4-page-type","embeddable":true,"href":"https:\/\/www.greenpeace.org\/slovenia\/wp-json\/wp\/v2\/p4-page-type?post=2097"}],"curies":[{"name":"wp","href":"https:\/\/api.w.org\/{rel}","templated":true}]}}