{"id":2205,"date":"2019-08-23T11:32:19","date_gmt":"2019-08-23T11:32:19","guid":{"rendered":"https:\/\/master.k8s.p4.greenpeace.org\/slovenia\/?p=2205"},"modified":"2023-06-01T16:13:02","modified_gmt":"2023-06-01T16:13:02","slug":"sarec-bi-gradil-nov-jedrski-reaktor-odziv","status":"publish","type":"post","link":"https:\/\/www.greenpeace.org\/slovenia\/blog\/2205\/sarec-bi-gradil-nov-jedrski-reaktor-odziv\/","title":{"rendered":"\u0160arec bi gradil nov jedrski reaktor &#8211; ODZIV"},"content":{"rendered":"<p>Ljubljana, 23. avgust 2019 &#8212; TE\u0160 6 je o\u010ditno pozabljen, saj premier Marjan \u0160arec \u017eeli, da se ustrelimo \u0161e v drugo koleno, tokrat s projektom, ki bi bil 4-krat dra\u017eji kot TE\u0160 6. Pomislimo samo, kak\u0161no korupcijsko tveganje bi spremljalo tak\u0161no vre\u010do denarja.<\/p>\n<p>Bodimo realni. Svet energetike se je zaradi <strong>preboja novih tehnologij mo\u010dno spremenil<\/strong>. Dr\u017eave, ki so resne glede re\u0161evanja podnebne krize, ne postavljajo jedrskih reaktorjev. \u0160e Francija, jedrski velikan, namerava v naslednjem desetletju zmanj\u0161ati svojo odvisnost od jedrske energije <strong>v prid razvoju son\u010dne in vetrne energije<\/strong>. Pe\u0161\u010dica novih reaktorjev, ki je v gradnji v Evropi, so polomije. Gradijo se s pomo\u010djo zajetnih dr\u017eavnih subvencij, gradnjo pa spremljajo ve\u010dletne zamude in nara\u0161\u010dajo\u010di stro\u0161ki.<\/p>\n<div id=\"attachment_2210\" style=\"width: 1034px\" class=\"wp-caption alignleft\"><img loading=\"lazy\" decoding=\"async\" aria-describedby=\"caption-attachment-2210\" class=\"size-large wp-image-2210\" src=\"https:\/\/www.greenpeace.org\/static\/planet4-slovenia-stateless\/2019\/08\/79a71196-gp0sto94o_high_res-1024x682.jpg\" alt=\"\" width=\"1024\" height=\"682\" srcset=\"https:\/\/www.greenpeace.org\/static\/planet4-slovenia-stateless\/2019\/08\/79a71196-gp0sto94o_high_res-1024x682.jpg 1024w, https:\/\/www.greenpeace.org\/static\/planet4-slovenia-stateless\/2019\/08\/79a71196-gp0sto94o_high_res-300x200.jpg 300w, https:\/\/www.greenpeace.org\/static\/planet4-slovenia-stateless\/2019\/08\/79a71196-gp0sto94o_high_res-768x511.jpg 768w, https:\/\/www.greenpeace.org\/static\/planet4-slovenia-stateless\/2019\/08\/79a71196-gp0sto94o_high_res-2048x1363.jpg 2048w, https:\/\/www.greenpeace.org\/static\/planet4-slovenia-stateless\/2019\/08\/79a71196-gp0sto94o_high_res-510x340.jpg 510w\" sizes=\"auto, (max-width: 1024px) 100vw, 1024px\" \/><p id=\"caption-attachment-2210\" class=\"wp-caption-text\">Akcija Greenpeacea pri jedrski elektrarni Tihange v Belgiji.<\/p><\/div>\n<p><span style=\"font-size: 16px;\">Najbolj napredne dr\u017eave vzpostavljajo <\/span><strong style=\"font-size: 16px;\">polja vetrnih elektrarn, solarizirajo mesta, vlagajo v nadgradnjo \u017eelezni\u0161kega omre\u017eja<\/strong><span style=\"font-size: 16px;\">, <\/span><strong style=\"font-size: 16px;\">restrukturirajo svojo industrijo<\/strong><span style=\"font-size: 16px;\"> v smer, da ta postaja energetsko manj potratna. In kaj je Slovenija v zadnjih letih naredila na teh podro\u010djih? Ni\u010d. In kaj bomo naredili, \u010de bo ideja NEK II \u017eivela dalje? Prav tako ni\u010d. Vso kombinacijo re\u0161itev, ki jih imamo na voljo tukaj in zdaj, bomo z zgre\u0161eno odlo\u010ditvijo zadu\u0161ili. Hitrej\u0161e in dostopnj\u0161e \u017eelezni\u0161ke povezave? Pozabimo. \u0160e naprej bomo lahko pove\u010devali \u0161tevilo prometnih pasov in avtomobilov na na\u0161ih cestah, samo da bodo ti elektri\u010dni.<\/span><\/p>\n<p>Izpuste iz energetike moramo za\u010deti ni\u017eati danes. \u010ce imamo tehnologije, ki so na voljo tukaj in zdaj, so cenej\u0161e kot jedrska tehnologija, ne nosijo dodatnega okoljskega ali varnostnega tveganja, hkrati pa jih v Sloveniji sploh \u0161e nismo izkoristili &#8211; ali ni to najbolj smiselna pot za naslednja leta? Na podlagi \u010desa bi lahko na\u0161 premier zagovarjal karkoli drugega? Razlog je lahko le popolna nevednost in upo\u0161tevanje le ozkih interesov jedrske industrije.<\/p>\n<p>Danes smo videli, kaj je mogo\u010de, ko za idejo stopi premier dr\u017eave. Kar naenkrat je 6 milijardni jedrski reaktor popolnoma mogo\u010d. Zdi se, da je la\u017eje postaviti reaktor kot tretjo vetrnico. Kaj bi bilo torej mogo\u010de, \u010de bi tak\u0161no podporo usmerili kam drugam? Prakti\u010dno jutri lahko za\u010dnemo postavljati vetrnice na vsaj desetih lokacijah, ki \u017ee imajo \u0161iroko podporo, \u017ee jutri lahko solarizimo javne stavbe, \u017ee jutri se lahko za\u010dnemo pogovarjati o hitri \u017eelezni\u0161ki povezavi med Mariborom in Ljubljano. To je zagotovo bolj\u0161a pot naprej za vse nas.<\/p>\n<p style=\"text-align: right;\"><strong>Katja Hu\u0161<\/strong>, Greenpeace v Sloveniji.<\/p>\n","protected":false},"excerpt":{"rendered":"<p>Ljubljana, 23. avgust 2019 &#8212; TE\u0160 6 je o\u010ditno pozabljen, saj premier Marjan \u0160arec \u017eeli, da se ustrelimo \u0161e v drugo koleno, tokrat s projektom, ki bi bil 4-krat dra\u017eji&hellip;<\/p>\n","protected":false},"author":25,"featured_media":2210,"comment_status":"closed","ping_status":"open","sticky":false,"template":"","format":"standard","meta":{"ep_exclude_from_search":false,"p4_og_title":"","p4_og_description":"","p4_og_image":"","p4_og_image_id":"","p4_seo_canonical_url":"","p4_campaign_name":"","p4_local_project":"","p4_basket_name":"","p4_department":"","footnotes":""},"categories":[45],"tags":[35],"p4-page-type":[24],"class_list":["post-2205","post","type-post","status-publish","format-standard","has-post-thumbnail","hentry","category-podnebje","tag-jedrska-energija","p4-page-type-blog"],"_links":{"self":[{"href":"https:\/\/www.greenpeace.org\/slovenia\/wp-json\/wp\/v2\/posts\/2205","targetHints":{"allow":["GET"]}}],"collection":[{"href":"https:\/\/www.greenpeace.org\/slovenia\/wp-json\/wp\/v2\/posts"}],"about":[{"href":"https:\/\/www.greenpeace.org\/slovenia\/wp-json\/wp\/v2\/types\/post"}],"author":[{"embeddable":true,"href":"https:\/\/www.greenpeace.org\/slovenia\/wp-json\/wp\/v2\/users\/25"}],"replies":[{"embeddable":true,"href":"https:\/\/www.greenpeace.org\/slovenia\/wp-json\/wp\/v2\/comments?post=2205"}],"version-history":[{"count":8,"href":"https:\/\/www.greenpeace.org\/slovenia\/wp-json\/wp\/v2\/posts\/2205\/revisions"}],"predecessor-version":[{"id":2218,"href":"https:\/\/www.greenpeace.org\/slovenia\/wp-json\/wp\/v2\/posts\/2205\/revisions\/2218"}],"wp:featuredmedia":[{"embeddable":true,"href":"https:\/\/www.greenpeace.org\/slovenia\/wp-json\/wp\/v2\/media\/2210"}],"wp:attachment":[{"href":"https:\/\/www.greenpeace.org\/slovenia\/wp-json\/wp\/v2\/media?parent=2205"}],"wp:term":[{"taxonomy":"category","embeddable":true,"href":"https:\/\/www.greenpeace.org\/slovenia\/wp-json\/wp\/v2\/categories?post=2205"},{"taxonomy":"post_tag","embeddable":true,"href":"https:\/\/www.greenpeace.org\/slovenia\/wp-json\/wp\/v2\/tags?post=2205"},{"taxonomy":"p4-page-type","embeddable":true,"href":"https:\/\/www.greenpeace.org\/slovenia\/wp-json\/wp\/v2\/p4-page-type?post=2205"}],"curies":[{"name":"wp","href":"https:\/\/api.w.org\/{rel}","templated":true}]}}