{"id":2404,"date":"2019-11-13T10:46:05","date_gmt":"2019-11-13T10:46:05","guid":{"rendered":"https:\/\/www.greenpeace.org\/slovenia\/?p=2404"},"modified":"2023-06-01T16:12:54","modified_gmt":"2023-06-01T16:12:54","slug":"svetovna-podnebna-kriza","status":"publish","type":"post","link":"https:\/\/www.greenpeace.org\/slovenia\/blog\/2404\/svetovna-podnebna-kriza\/","title":{"rendered":"Svetovna podnebna kriza"},"content":{"rendered":"\n<h4 class=\"wp-block-heading\"><em>\u00bb\u010clove\u0161tvo mora korenito spremeniti svoj na\u010din razmi\u0161ljanja, \u010de ho\u010de pre\u017eiveti.\u00ab<\/em> (dr. Albert Einstein)<\/h4>\n\n<p>Znani ameri\u0161ki mislec in aktivist James Baldwin je neko\u010d zapisal: \u00bbVseh te\u017eav, s katerimi smo se soo\u010dili, ne moremo re\u0161iti. Toda nobene te\u017eave ne moremo re\u0161iti, dokler se z njo ne soo\u010dimo.\u00ab Da bi se lahko uspe\u0161no spoprijeli s svetovno podnebno krizo v \u0161ir\u0161em kontekstu okoljske in razvojne krize, se moramo najprej z njo soo\u010diti ter razumeti vzroke in posledice. Podnebna kriza je tako kompleksna in vseobsegajo\u010da, da jo angle\u0161ki filozof Timothy Morton upravi\u010deno imenuje hiperobjekt. Hiperobjekti so nadvse vitalni kot vesolje ali internet, o katerih sicer razmi\u0161ljamo kot o abstraktnih idejah, zato ker ne moremo pogledati v njihovo bistvo, \u010deprav so na drugi strani resni\u010dni kot \u00bbkladivo\u00ab. Pojem hiperobjektov ponazori na primer tudi z literaturo Percya Shelleya: \u00bbTo je grozna senca neke nevidne mo\u010di\u00ab.<\/p>\n\n<p>Svetovno podnebno segrevanje, ki je \u017ee pred desetletji preraslo v pregrevanje, je posledica intenzivne industrializacije ter netrajnostne razvojne in gospodarske paradigme. Podnebna kriza je posledica globalnega segrevanja. Pospe\u0161ena degradacija okolja v \u0161ir\u0161em pomenu je posledica nara\u0161\u010dajo\u010de razvojne krize in nenasitne ter eksponentne rabe naravnih virov in surovin vklju\u010dno z energijo. Razvojna kriza pa se jasno ka\u017ee v pove\u010devanju svetovne neenakosti med ljudmi v absolutnem smislu. <\/p>\n\n<p>Celoten \u010dlanek je na voljo spodaj v pdf obliki. Prvotno je bil objavljen v Sobotni prilogi Dela, 9. 11. 2019, delimo ga z dovoljenjem avtorja. <\/p>\n\n<div class=\"wp-block-file\"><a href=\"https:\/\/www.greenpeace.org\/static\/planet4-slovenia-stateless\/2019\/11\/c34eafd4-svetovna-podnebna-kriza_delo_zkus_9-11-2019-original.pdf\">Svetovna-podnebna-kriza_delo.pdf<\/a><\/div>\n\n<p><strong>Zoran Kus, strokovnjak za podnebno krizo<\/strong><\/p>\n\n<figure class=\"wp-block-image size-large  caption-style-blue-overlay caption-alignment-center\"><img loading=\"lazy\" decoding=\"async\" width=\"1024\" height=\"683\" src=\"https:\/\/www.greenpeace.org\/static\/planet4-slovenia-stateless\/2019\/08\/Tomislav-Obrovac-IX-1024x683.jpg\" alt=\"\" class=\"wp-image-2162\" srcset=\"https:\/\/www.greenpeace.org\/static\/planet4-slovenia-stateless\/2019\/08\/Tomislav-Obrovac-IX-1024x683.jpg 1024w, https:\/\/www.greenpeace.org\/static\/planet4-slovenia-stateless\/2019\/08\/Tomislav-Obrovac-IX-300x200.jpg 300w, https:\/\/www.greenpeace.org\/static\/planet4-slovenia-stateless\/2019\/08\/Tomislav-Obrovac-IX-768x512.jpg 768w, https:\/\/www.greenpeace.org\/static\/planet4-slovenia-stateless\/2019\/08\/Tomislav-Obrovac-IX-2048x1366.jpg 2048w, https:\/\/www.greenpeace.org\/static\/planet4-slovenia-stateless\/2019\/08\/Tomislav-Obrovac-IX-510x340.jpg 510w\" sizes=\"auto, (max-width: 1024px) 100vw, 1024px\" \/><figcaption>Gore\u010da Zemlja nad hladilnim stolpom TE\u0160-a. Foto: Tomislav Obrovac \/ Greenpeace.<div class=\"credit icon-left\"> \u00a9 Tomislav Obrovac \/ Greenpeace.<\/div><\/figcaption><\/figure>\n<div class=\"EmptyMessage\">Block content is empty. Check the block&#8217;s settings or remove it.<\/div>","protected":false},"excerpt":{"rendered":"<p>Svetovna podnebna kriza \u00bb\u010clove\u0161tvo mora korenito spremeniti svoj na\u010din razmi\u0161ljanja, \u010de ho\u010de pre\u017eiveti.\u00ab (dr. Albert Einstein) Znani ameri\u0161ki mislec in aktivist James Baldwin je neko\u010d zapisal: \u00bbVseh te\u017eav, s katerimi<\/p>\n","protected":false},"author":25,"featured_media":2162,"comment_status":"closed","ping_status":"open","sticky":false,"template":"","format":"standard","meta":{"ep_exclude_from_search":false,"p4_og_title":"","p4_og_description":"","p4_og_image":"","p4_og_image_id":"","p4_seo_canonical_url":"","p4_campaign_name":"Climate Emergency","p4_local_project":"","p4_basket_name":"Climate & Energy","p4_department":"","footnotes":""},"categories":[45],"tags":[23],"p4-page-type":[24],"class_list":["post-2404","post","type-post","status-publish","format-standard","has-post-thumbnail","hentry","category-podnebje","tag-podnebje","p4-page-type-blog"],"_links":{"self":[{"href":"https:\/\/www.greenpeace.org\/slovenia\/wp-json\/wp\/v2\/posts\/2404","targetHints":{"allow":["GET"]}}],"collection":[{"href":"https:\/\/www.greenpeace.org\/slovenia\/wp-json\/wp\/v2\/posts"}],"about":[{"href":"https:\/\/www.greenpeace.org\/slovenia\/wp-json\/wp\/v2\/types\/post"}],"author":[{"embeddable":true,"href":"https:\/\/www.greenpeace.org\/slovenia\/wp-json\/wp\/v2\/users\/25"}],"replies":[{"embeddable":true,"href":"https:\/\/www.greenpeace.org\/slovenia\/wp-json\/wp\/v2\/comments?post=2404"}],"version-history":[{"count":6,"href":"https:\/\/www.greenpeace.org\/slovenia\/wp-json\/wp\/v2\/posts\/2404\/revisions"}],"predecessor-version":[{"id":49384,"href":"https:\/\/www.greenpeace.org\/slovenia\/wp-json\/wp\/v2\/posts\/2404\/revisions\/49384"}],"wp:featuredmedia":[{"embeddable":true,"href":"https:\/\/www.greenpeace.org\/slovenia\/wp-json\/wp\/v2\/media\/2162"}],"wp:attachment":[{"href":"https:\/\/www.greenpeace.org\/slovenia\/wp-json\/wp\/v2\/media?parent=2404"}],"wp:term":[{"taxonomy":"category","embeddable":true,"href":"https:\/\/www.greenpeace.org\/slovenia\/wp-json\/wp\/v2\/categories?post=2404"},{"taxonomy":"post_tag","embeddable":true,"href":"https:\/\/www.greenpeace.org\/slovenia\/wp-json\/wp\/v2\/tags?post=2404"},{"taxonomy":"p4-page-type","embeddable":true,"href":"https:\/\/www.greenpeace.org\/slovenia\/wp-json\/wp\/v2\/p4-page-type?post=2404"}],"curies":[{"name":"wp","href":"https:\/\/api.w.org\/{rel}","templated":true}]}}