{"id":2411,"date":"2019-11-14T17:37:56","date_gmt":"2019-11-14T17:37:56","guid":{"rendered":"https:\/\/www.greenpeace.org\/slovenia\/?p=2411"},"modified":"2023-06-01T16:12:53","modified_gmt":"2023-06-01T16:12:53","slug":"delite-svoje-mnenje-o-podnebnih-spremembah","status":"publish","type":"post","link":"https:\/\/www.greenpeace.org\/slovenia\/blog\/2411\/delite-svoje-mnenje-o-podnebnih-spremembah\/","title":{"rendered":"Delite svoje mnenje o podnebnih spremembah"},"content":{"rendered":"\n<h4 class=\"wp-block-heading\"><strong>Podnebne spremembe se dogajajo. Ljudje imajo pravice. Dr\u017eave imajo dol\u017enosti. Podjetja imajo odgovornosti.<\/strong><\/h4>\n\n<p>V anketi, ki je pred vami, si \u017eelimo izvedeti, kako razumete podnebne spremembe in kako se z njimi spopadate. <\/p>\n\n<div class=\"wp-block-button\"><a class=\"wp-block-button__link\" href=\"https:\/\/act.gp\/AnketaPodnebneSpremembe\"><strong>SODELUJ V ANKETI<\/strong><\/a><\/div>\n\n<p>Anketa vsebuje <strong>15 vpra\u0161anj<\/strong>, re\u0161evanje pa vam bo vzelo <strong>6 minut<\/strong>.  Va\u0161i odgovori nam bodo pomagali do pomembnih dognanj. \u017delimo si namre\u010d izvedeti, kako lahko v Greenpeaceu najbolje predstavimo re\u0161itve za podnebne spremembe vsakemu posamezniku. Skupaj pa se bomo \u0161e naprej borili za podnebno pravi\u010dnost! <\/p>\n\n<figure class=\"wp-block-image size-large  caption-style-medium caption-alignment-center\"><a href=\"https:\/\/act.gp\/AnketaPodnebneSpremembe\" target=\"_blank\" rel=\"noreferrer noopener\"><img loading=\"lazy\" decoding=\"async\" width=\"797\" height=\"792\" src=\"https:\/\/www.greenpeace.org\/static\/planet4-slovenia-stateless\/2019\/11\/2c6163c7-ce_macros_si_anketa2.png\" alt=\"\" class=\"wp-image-2412\" srcset=\"https:\/\/www.greenpeace.org\/static\/planet4-slovenia-stateless\/2019\/11\/2c6163c7-ce_macros_si_anketa2.png 797w, https:\/\/www.greenpeace.org\/static\/planet4-slovenia-stateless\/2019\/11\/2c6163c7-ce_macros_si_anketa2-300x298.png 300w, https:\/\/www.greenpeace.org\/static\/planet4-slovenia-stateless\/2019\/11\/2c6163c7-ce_macros_si_anketa2-150x150.png 150w, https:\/\/www.greenpeace.org\/static\/planet4-slovenia-stateless\/2019\/11\/2c6163c7-ce_macros_si_anketa2-768x763.png 768w, https:\/\/www.greenpeace.org\/static\/planet4-slovenia-stateless\/2019\/11\/2c6163c7-ce_macros_si_anketa2-342x340.png 342w\" sizes=\"auto, (max-width: 797px) 100vw, 797px\" \/><\/a><\/figure>\n\n<p class=\"has-small-font-size\"> P.s. Ob izpolnitvi ankete boste lahko sodelovali <strong>v nagradni igri<\/strong> &#8211; med vsemi, ki jo boste izpolnili, bomo iz\u017erebali <strong>dvajset nagrajencev<\/strong>, ki bodo v znak zahvale prejeli manj\u0161o, unikatno in zelo priro\u010dno nagrado. <\/p>\n\n<div class=\"wp-block-button\"><a class=\"wp-block-button__link\" href=\"https:\/\/act.gp\/AnketaPodnebneSpremembe\"><strong>Sodeluj v anketi<\/strong><\/a><\/div>\n\n<p>V kolikor \u0161e niste podprli na\u0161ega poziva <strong>Ve\u010dina pri\u010dakuje ukrepe<\/strong>, pa vas na tem mestu prosimo, da se pridru\u017eite klicu ve\u010d tiso\u010dev ljudi ter ve\u010d kot 230 organizacij razli\u010dnih sfer iz cele Slovenije, ki skupaj Vladi po\u0161iljamo nujni poziv in zahtevo po ukrepanju oz. re\u0161evanju vse huj\u0161e podnebne krize.<\/p>\n\n<div class=\"wp-block-button\"><a class=\"wp-block-button__link\" href=\"https:\/\/podnebnakriza.si\/\"><strong>Podpi\u0161i poziv vladi republike slovenije<\/strong><\/a><\/div>\n","protected":false},"excerpt":{"rendered":"<p>Podnebne spremembe se dogajajo. Ljudje imajo pravice. Dr\u017eave imajo dol\u017enosti. Podjetja imajo odgovornosti. V anketi, ki je pred vami, si \u017eelimo izvedeti, kako razumete podnebne spremembe in kako se z&hellip;<\/p>\n","protected":false},"author":25,"featured_media":2412,"comment_status":"closed","ping_status":"open","sticky":false,"template":"","format":"standard","meta":{"ep_exclude_from_search":false,"p4_og_title":"","p4_og_description":"","p4_og_image":"","p4_og_image_id":"","p4_seo_canonical_url":"","p4_campaign_name":"Climate Emergency","p4_local_project":"","p4_basket_name":"Climate & Energy","p4_department":"","footnotes":""},"categories":[45],"tags":[23],"p4-page-type":[24],"class_list":["post-2411","post","type-post","status-publish","format-standard","has-post-thumbnail","hentry","category-podnebje","tag-podnebje","p4-page-type-blog"],"_links":{"self":[{"href":"https:\/\/www.greenpeace.org\/slovenia\/wp-json\/wp\/v2\/posts\/2411","targetHints":{"allow":["GET"]}}],"collection":[{"href":"https:\/\/www.greenpeace.org\/slovenia\/wp-json\/wp\/v2\/posts"}],"about":[{"href":"https:\/\/www.greenpeace.org\/slovenia\/wp-json\/wp\/v2\/types\/post"}],"author":[{"embeddable":true,"href":"https:\/\/www.greenpeace.org\/slovenia\/wp-json\/wp\/v2\/users\/25"}],"replies":[{"embeddable":true,"href":"https:\/\/www.greenpeace.org\/slovenia\/wp-json\/wp\/v2\/comments?post=2411"}],"version-history":[{"count":7,"href":"https:\/\/www.greenpeace.org\/slovenia\/wp-json\/wp\/v2\/posts\/2411\/revisions"}],"predecessor-version":[{"id":2419,"href":"https:\/\/www.greenpeace.org\/slovenia\/wp-json\/wp\/v2\/posts\/2411\/revisions\/2419"}],"wp:featuredmedia":[{"embeddable":true,"href":"https:\/\/www.greenpeace.org\/slovenia\/wp-json\/wp\/v2\/media\/2412"}],"wp:attachment":[{"href":"https:\/\/www.greenpeace.org\/slovenia\/wp-json\/wp\/v2\/media?parent=2411"}],"wp:term":[{"taxonomy":"category","embeddable":true,"href":"https:\/\/www.greenpeace.org\/slovenia\/wp-json\/wp\/v2\/categories?post=2411"},{"taxonomy":"post_tag","embeddable":true,"href":"https:\/\/www.greenpeace.org\/slovenia\/wp-json\/wp\/v2\/tags?post=2411"},{"taxonomy":"p4-page-type","embeddable":true,"href":"https:\/\/www.greenpeace.org\/slovenia\/wp-json\/wp\/v2\/p4-page-type?post=2411"}],"curies":[{"name":"wp","href":"https:\/\/api.w.org\/{rel}","templated":true}]}}