{"id":2450,"date":"2019-12-24T09:38:20","date_gmt":"2019-12-24T09:38:20","guid":{"rendered":"https:\/\/www.greenpeace.org\/slovenia\/?p=2450"},"modified":"2023-06-01T16:12:51","modified_gmt":"2023-06-01T16:12:51","slug":"5-predlogov-za-bolj-zelene-novoletne-zaobljube","status":"publish","type":"post","link":"https:\/\/www.greenpeace.org\/slovenia\/blog\/2450\/5-predlogov-za-bolj-zelene-novoletne-zaobljube\/","title":{"rendered":"5 predlogov za bolj zelene novoletne zaobljube"},"content":{"rendered":"\n<p>Za\u010denja se nova dekada. Naj bo ta tudi v znamenju opu\u0161\u010danja slabih in uvajanja dobrih navad. Zato delimo <strong>5 zelenih zaobljub<\/strong>, s katerimi lahko prerojeno sko\u010dimo v 2020.<\/p>\n\n<p><strong>1. Aktivno zavra\u010daj plastiko za enkratno uporabo&nbsp;<\/strong><\/p>\n\n<p>Vsako minuto vsakega dne, vse dni v letu, v na\u0161ih oceanih pristane za en smetarski tovornjak plastike. Ne glede na \u0161tevilne debate o prekomerni koli\u010dini proizvodnje in uporabe plastike v zadnjih letih, ta \u0161e vedno preplavlja na\u0161 planet. Reciklira pa se jo le nekaj procentov!&nbsp;<\/p>\n\n<p><strong>\ud83d\udc49 Kaj lahko stori\u0161? Odlo\u010di se za uporabo trajnih vre\u010dk, odpovej se plasti\u010dnemu priboru, slamicam in kozar\u010dkom za kavo na poti, svojo \u017ee obstoje\u010do embala\u017eo pa ponovno napolni. Z nami pa zahtevaj, da porabo plasti\u010dne embala\u017ee kon\u010dno zmanj\u0161ajo tudi podjetja <\/strong><\/p>\n\n<p><strong>2. Upo\u010dasni hitro modo<\/strong><\/p>\n\n<p>Moda je takoj za naftno industrijo drugi najve\u010dji onesna\u017eevalec na svetu. Dobrih 60 % vseh obla\u010dil je s predelavo surove nafte <a href=\"https:\/\/www.marketwatch.com\/press-release\/polyester-fiber-market-share-size-2019-industry-trends-growth-insight-emerging-technologies-competitive-regional-and-global-industry-forecast-to-2024-2019-09-26\" target=\"_blank\" rel=\"noreferrer noopener\" aria-label=\"proizvedenih iz poliestra (opens in a new tab)\">proizvedenih iz poliestra<\/a>, ki za razgradnjo potrebuje ve\u010d kot 200 let in je glavni krivec, da se z mikroplastiko du\u0161ijo \u017eivali v oceanih. Da o koli\u010dini nekajkrat no\u0161enih in zavr\u017eenih obla\u010dil sploh ne govorimo &#8230;<\/p>\n\n<p><strong>\ud83d\udc49&nbsp; Obla\u010dila nakupuj skrbno. Kupi samo tisto, kar res potrebuje\u0161, izmenjaj jih s prijatelji, pobrskaj med \u0161tevilnimi prikupnimi trgovinicami z obla\u010dili iz druge roke in nameni pozornost tudi temu, iz katerega materiala so tvoja obla\u010dila narejena. In ne pozabi; odpadli gumb lahko pri\u0161ije\u0161 nazaj, s pokvarjeno zadrgo pa ti lahko pomaga kroja\u010d.<\/strong><\/p>\n\n<p><strong>3. Naj bo na kro\u017eniku \u010dim ve\u010d rastlinske hrane<\/strong><\/p>\n\n<p><a rel=\"noreferrer noopener\" aria-label=\"Odmevna raziskava v reviji Science (opens in a new tab)\" href=\"https:\/\/www.theguardian.com\/environment\/2018\/may\/31\/avoiding-meat-and-dairy-is-single-biggest-way-to-reduce-your-impact-on-earth\" target=\"_blank\">Odmevna raziskava v reviji Science<\/a> navaja, da bi brez porabe mesa in mle\u010dnih izdelkov svetovno uporabo kmetijskih zemlji\u0161\u010d lahko zmanj\u0161ali za ve\u010d kot 75 % in \u0161e vedno nahranili svet. Izguba divjih obmo\u010dji zaradi kmetijstva je namre\u010d glavni vzrok mno\u017ei\u010dnega izumrtja prosto \u017eive\u010dih \u017eivali.<\/p>\n\n<p><strong>\ud83d\udc49&nbsp; Zato v novem letu pobrskaj za novimi veganskimi recepti, pridelaj ter nakupuj \u010dim ve\u010d sezonske hrane in zavra\u010daj korporacije, ki za ceno \u010dlove\u0161ke po\u017ere\u0161nosti ogro\u017eajo \u017eivljenja \u017eivali.<\/strong><\/p>\n\n<p> <strong>4. Zmanj\u0161aj letenje in potuj po slikovitih poteh<\/strong> <\/p>\n\n<p> Glede na to, da se je letos med ljudmi \u0161irila fraza \u00bbflight shame\u00ab (slo. osramo\u010denost zaradi letenja), smo presene\u010deni ugotovili, da se CO<sub>2 <\/sub>emisije letalskih prevoznikov pove\u010dujejo do kar 70 % hitreje, kot so napovedovali!&nbsp;<\/p>\n\n<p><strong>\ud83d\udc49&nbsp; A \u010de ne letimo, \u0161e ne pomeni, da ne moremo potovati. Pridru\u017eimo se kampanji <\/strong><a href=\"https:\/\/letobrezleta.si\/pridruzi-se\/#pledge\">Leto brez leta<\/a><strong> in se zaobljubimo, da v 2020 ne bomo leteli. Izogibanje letenju je eden izmed naju\u010dinkovitej\u0161ih na\u010dinov, s katerim lahko kot posamezniki zni\u017eamo svoj oglji\u010dni odtis, hkrati pa z vlakov ali avtobusom spro\u0161\u010dujo\u010de u\u017eivamo v razgledih in nekatere znamenitosti do\u017eivimo kar po poti.<\/strong> <\/p>\n\n<p><strong>5. Manj z avtom, ve\u010d s kolesom ali pe\u0161!<\/strong><\/p>\n\n<p>Promet je najve\u010dji vir izpustov toplogrednih plinov v Sloveniji, \u0161tevilo registriranih avtomobilov v Sloveniji pa je v lanskem letu pove\u010dalo kar <a rel=\"noreferrer noopener\" aria-label=\"za dobrih 103.000! (opens in a new tab)\" href=\"https:\/\/www.stat.si\/StatWebPDF\/PrikaziPDF.aspx?id=8124&amp;lang=sl\" target=\"_blank\">za dobrih 103.000!<\/a><\/p>\n\n<p><strong>\ud83d\udc49&nbsp; Namesto, da stoji\u0161 v prometu in vsakodnevno prispeva\u0161 k prometnim izpustom, raje premisli, kdaj ti je uporaba lastnega avtomobila smiselna, preveri javne potni\u0161ke povezave ali pa se v avtu pridru\u017ei drugim. V mestih pa ne pozabi tudi na kolo in se zanesi kar na lastne podplate<\/strong>. <\/p>\n\n<p class=\"has-text-align-center\"><strong>V letu 2020 ti tako \u017eelimo, da bo prihajajo\u010da dekada polna zelenih navad in da bomo skupaj \u0161e naprej spreminjali svet na bolje. Hvala, ker si z nami!\ud83d\udc9a<\/strong><\/p>\n<div class=\"EmptyMessage\">Block content is empty. Check the block&#8217;s settings or remove it.<\/div>","protected":false},"excerpt":{"rendered":"<p>Prvi januar je za ovinkom, nova dekada pa naj bo zate tudi v znamenju opu\u0161\u010danja slabih in uvajanja dobrih navad. Mi s tabo \u0161e pred novim letom delimo 5 zelenih&hellip;<\/p>\n","protected":false},"author":26,"featured_media":2234,"comment_status":"closed","ping_status":"open","sticky":false,"template":"","format":"standard","meta":{"ep_exclude_from_search":false,"p4_og_title":"","p4_og_description":"","p4_og_image":"","p4_og_image_id":"","p4_seo_canonical_url":"","p4_campaign_name":"not set","p4_local_project":"","p4_basket_name":"not set","p4_department":"","footnotes":""},"categories":[44],"tags":[23],"p4-page-type":[24],"class_list":["post-2450","post","type-post","status-publish","format-standard","has-post-thumbnail","hentry","category-o-nas","tag-podnebje","p4-page-type-blog"],"_links":{"self":[{"href":"https:\/\/www.greenpeace.org\/slovenia\/wp-json\/wp\/v2\/posts\/2450","targetHints":{"allow":["GET"]}}],"collection":[{"href":"https:\/\/www.greenpeace.org\/slovenia\/wp-json\/wp\/v2\/posts"}],"about":[{"href":"https:\/\/www.greenpeace.org\/slovenia\/wp-json\/wp\/v2\/types\/post"}],"author":[{"embeddable":true,"href":"https:\/\/www.greenpeace.org\/slovenia\/wp-json\/wp\/v2\/users\/26"}],"replies":[{"embeddable":true,"href":"https:\/\/www.greenpeace.org\/slovenia\/wp-json\/wp\/v2\/comments?post=2450"}],"version-history":[{"count":7,"href":"https:\/\/www.greenpeace.org\/slovenia\/wp-json\/wp\/v2\/posts\/2450\/revisions"}],"predecessor-version":[{"id":49383,"href":"https:\/\/www.greenpeace.org\/slovenia\/wp-json\/wp\/v2\/posts\/2450\/revisions\/49383"}],"wp:featuredmedia":[{"embeddable":true,"href":"https:\/\/www.greenpeace.org\/slovenia\/wp-json\/wp\/v2\/media\/2234"}],"wp:attachment":[{"href":"https:\/\/www.greenpeace.org\/slovenia\/wp-json\/wp\/v2\/media?parent=2450"}],"wp:term":[{"taxonomy":"category","embeddable":true,"href":"https:\/\/www.greenpeace.org\/slovenia\/wp-json\/wp\/v2\/categories?post=2450"},{"taxonomy":"post_tag","embeddable":true,"href":"https:\/\/www.greenpeace.org\/slovenia\/wp-json\/wp\/v2\/tags?post=2450"},{"taxonomy":"p4-page-type","embeddable":true,"href":"https:\/\/www.greenpeace.org\/slovenia\/wp-json\/wp\/v2\/p4-page-type?post=2450"}],"curies":[{"name":"wp","href":"https:\/\/api.w.org\/{rel}","templated":true}]}}