{"id":2457,"date":"2020-01-13T12:11:58","date_gmt":"2020-01-13T12:11:58","guid":{"rendered":"https:\/\/www.greenpeace.org\/slovenia\/?p=2457"},"modified":"2023-06-01T16:12:50","modified_gmt":"2023-06-01T16:12:50","slug":"katastrofalni-pozari-v-avstraliji-so-zadnja-v-vrsti-grozovitih-posledic-podnebnih-sprememb","status":"publish","type":"post","link":"https:\/\/www.greenpeace.org\/slovenia\/blog\/2457\/katastrofalni-pozari-v-avstraliji-so-zadnja-v-vrsti-grozovitih-posledic-podnebnih-sprememb\/","title":{"rendered":"Katastrofalni po\u017eari v Avstraliji so zadnja v vrsti grozovitih posledic podnebnih sprememb"},"content":{"rendered":"\n<p><strong>Apokalipti\u010dni prizori iz Avstralije so nam pokazali uni\u010dujo\u010de u\u010dinke besne\u010dih po\u017earov. Zaradi ognja so izgubljena \u017eivljenja in tiso\u010di so prisiljeni zapustiti svoje domove. Tudi \u0161tevilne \u017eivali in rastline so izginile v plamenih. Ampak kako so podnebne spremembe odgovorne za tako silovite po\u017eare in kaj lahko storimo, da jih prepre\u010dimo?<\/strong><\/p>\n\n<p>Avstralija se soo\u010da z najobse\u017enej\u0161o po\u017earno krizo, ki je do sedaj vzela \u017eivljenja \u017ee vsaj 28-im ljudem. Gozdni po\u017eari so dru\u017einam vzeli domove in zdesetkali populacijo ene izmed najbolj ikonskih avstralskih \u017eivali, koale, kot tudi drugih \u017eivalskih vrst.&nbsp;<\/p>\n\n<p>Vsak dan&nbsp;<a href=\"https:\/\/blogs.scientificamerican.com\/observations\/australias-angry-summer-this-is-what-climate-change-looks-like\/\">novi dokazi<\/a>&nbsp;prikazujejo, kako so podnebne spremembe tista gonilna sila katastrofalnih gozdnih po\u017earov, ki povzro\u010dajo neizmerno \u010dlove\u0161ko trpljenje in okoljsko opusto\u0161enje. Tukaj so dejstva zbrana do sedaj.&nbsp;<\/p>\n\n<p><strong>Kateri del Avstralije je podvr\u017een po\u017earom?<\/strong><\/p>\n\n<p>Skoraj celotna Avstralija. Ampak Novi Ju\u017eni Wales je \u0161e posebej mo\u010dno prizadet, ne samo zaradi gosto poseljenih predelov v in okoli mest, kot sta npr. Sydney in glavno mesto Canberra.&nbsp; Tudi Victoria (ju\u017ena zvezna dr\u017eava, kjer je tudi mesto Melbourne) je bila mo\u010dno prizadeta \u2013 fotografije, na katerih ljudje popolnoma obkro\u017eeni z ognjem na pla\u017ei \u010dakajo re\u0161evalce na morju, so iz vzhodnega dela te zvezne dr\u017eave. <\/p>\n\n<p> \u0160tevilni po\u017eari pa ogro\u017eajo tudi Queensland (severno od NJW, kjer sta mesti Brisbane in Cairns), ter zahodno in ju\u017eno Avstralijo. <\/p>\n\n<figure class=\"wp-block-image size-large is-resized  caption-style-blue-overlay caption-alignment-center\"><img loading=\"lazy\" decoding=\"async\" src=\"https:\/\/www.greenpeace.org\/static\/planet4-slovenia-stateless\/2020\/01\/cc70becd-gp0stu9vi-1024x683.jpg\" title=\"Bushfire Aftermath in Nymboida, New South Wales. \u00a9 Natasha Ferguson \/ Greenpeace\" alt=\"Bushfire Aftermath in Nymboida, New South Wales. \u00a9 Natasha Ferguson \/ Greenpeace\" class=\"wp-image-2468\" width=\"949\" height=\"633\" srcset=\"https:\/\/www.greenpeace.org\/static\/planet4-slovenia-stateless\/2020\/01\/cc70becd-gp0stu9vi-1024x683.jpg 1024w, https:\/\/www.greenpeace.org\/static\/planet4-slovenia-stateless\/2020\/01\/cc70becd-gp0stu9vi-300x200.jpg 300w, https:\/\/www.greenpeace.org\/static\/planet4-slovenia-stateless\/2020\/01\/cc70becd-gp0stu9vi-768x512.jpg 768w, https:\/\/www.greenpeace.org\/static\/planet4-slovenia-stateless\/2020\/01\/cc70becd-gp0stu9vi-510x340.jpg 510w, https:\/\/www.greenpeace.org\/static\/planet4-slovenia-stateless\/2020\/01\/cc70becd-gp0stu9vi.jpg 1200w\" sizes=\"auto, (max-width: 949px) 100vw, 949px\" \/><figcaption>Posledice gozdnega po\u017eara v Nymboida, Novi Ju\u017eni Wales.<br>\u00a9 Natasha Ferguson \/ Greenpeace<div class=\"credit icon-left\"> \u00a9 Natasha Ferguson \/ Greenpeace<\/div><\/figcaption><\/figure>\n\n<p><strong>Kolik\u0161no \u0161kodo so povzro\u010dili po\u017eari?<\/strong><\/p>\n\n<p>\u0160tevilo smrtnih \u017ertev nara\u0161\u010da (ob zadnjem \u0161tetju jih je bilo 28), \u0161tevilni pa so \u0161e vedno pogre\u0161ani. Zgolj v Novem Ju\u017enem Walesu je bilo izgubljenih 1500 domov.&nbsp;<\/p>\n\n<p>Nova poro\u010dila&nbsp;<a rel=\"noreferrer noopener\" aria-label=\" (opens in a new tab)\" href=\"https:\/\/www.theguardian.com\/australia-news\/datablog\/ng-interactive\/2019\/dec\/07\/how-big-are-the-fires-burning-on-the-east-coast-of-australia-interactive-map\" target=\"_blank\">ocenjujejo<\/a>,&nbsp;da je do sedaj pogorelo \u017ee 10,7 milijonov hektarjev povr\u0161ine, kar je enako veliko obmo\u010dje kot skoraj polovice celotne Anglije. Za bolj\u0161o predstavo, obse\u017eni po\u017eari v Amazoniji leta 2019 <a rel=\"noreferrer noopener\" aria-label=\" (opens in a new tab)\" href=\"https:\/\/7news.com.au\/news\/bushfires\/australian-bushfires-burn-more-land-than-amazon-and-california-fires-combined-c-632478\" target=\"_blank\">so terjali<\/a> 900.000 hektarjev, po\u017eari v Kaliforniji pa skoraj 800.000 hektarjev.<\/p>\n\n<p>Ekologi z&nbsp;<a href=\"https:\/\/www.independent.co.uk\/news\/world\/australasia\/australia-wildfires-animals-plants-glaciers-sydney-koalas-nsw-a9267316.html\" target=\"_blank\" rel=\"noreferrer noopener\" aria-label=\" (opens in a new tab)\">Univerze v Sydneyju ocenjujejo,<\/a>&nbsp;da je poginilo skoraj milijarda \u017eivali, vklju\u010dno s tiso\u010dimi koalami, ki se ne morejo premikati dovolj hitro, da bi lahko pobegnile.<\/p>\n\n<p>Onesna\u017een zrak v Sydneyju in Brisbanu povzro\u010da probleme z dihali mladih, starej\u0161ih in tistih z obolenji kot je npr. astma.<\/p>\n\n<figure class=\"wp-block-image size-large is-resized  caption-style-blue-overlay caption-alignment-center\"><img loading=\"lazy\" decoding=\"async\" src=\"https:\/\/www.greenpeace.org\/static\/planet4-slovenia-stateless\/2020\/01\/5f93755f-gp0stuc54-1024x683.jpg\" title=\"Man with Face Mask in Sydney, NSW. \u00a9 Cole Bennetts \/ Greenpeace\" alt=\"Man with Face Mask in Sydney, NSW. \u00a9 Cole Bennetts \/ Greenpeace\" class=\"wp-image-2460\" width=\"904\" height=\"603\" srcset=\"https:\/\/www.greenpeace.org\/static\/planet4-slovenia-stateless\/2020\/01\/5f93755f-gp0stuc54-1024x683.jpg 1024w, https:\/\/www.greenpeace.org\/static\/planet4-slovenia-stateless\/2020\/01\/5f93755f-gp0stuc54-300x200.jpg 300w, https:\/\/www.greenpeace.org\/static\/planet4-slovenia-stateless\/2020\/01\/5f93755f-gp0stuc54-768x512.jpg 768w, https:\/\/www.greenpeace.org\/static\/planet4-slovenia-stateless\/2020\/01\/5f93755f-gp0stuc54-510x340.jpg 510w, https:\/\/www.greenpeace.org\/static\/planet4-slovenia-stateless\/2020\/01\/5f93755f-gp0stuc54.jpg 1200w\" sizes=\"auto, (max-width: 904px) 100vw, 904px\" \/><figcaption>Mo\u0161ki v Sydneyu, zaradi onesna\u017eenega zraka, nosi za\u0161\u010ditno masko.<br>\u00a9 Cole Bennetts \/ Greenpeace<div class=\"credit icon-left\"> \u00a9 Cole Bennetts \/ Greenpeace<\/div><\/figcaption><\/figure>\n\n<p>Tudi predeli sosednje Nove Zelandije, ki le\u017ei pribli\u017eno 1800 kilometrov stran od po\u017earov,&nbsp;<a rel=\"noreferrer noopener\" aria-label=\" (opens in a new tab)\" href=\"https:\/\/www.stuff.co.nz\/environment\/118567815\/australian-bush-fires-cause-air-pollution-spike-across-wellington-region\" target=\"_blank\">so prekriti <\/a>z onesna\u017eenim zrakom. Na Novo Zelandijo je iz avstralskih gozdnih po\u017earov napihalo tudi prah in del\u010dke, zaradi katerih so s snegom prekriti ledeniki v dr\u017eavi <a rel=\"noreferrer noopener\" aria-label=\" (opens in a new tab)\" href=\"https:\/\/edition.cnn.com\/2020\/01\/02\/australia\/new-zealand-glaciers-australia-bushfire-intl-scli\/index.html\" target=\"_blank\">postali rumeni<\/a>, kar med drugim povzro\u010da tudi hitrej\u0161e taljenje le teh.<\/p>\n\n<p><strong>Kaj povzro\u010da po\u017eare? Ali niso po\u017eari v Avstraliji pogosti?<\/strong><\/p>\n\n<p>Za po\u017eare sta kriva huda in dolgotrajna su\u0161a ter rekordni vro\u010dinski valovi. Jugo-vzhodna Avstralija, kjer so po\u017eari najhuj\u0161i, do\u017eivlja najhuj\u0161o su\u0161o v zgodovini merjenja. Leta 2019 so bila \u0161tevilna podro\u010dja dovzetna za po\u017eare v obdobju od januarja do avgusta najbolj suha v celotni zgodovini merjenja. Avstralski meteorologi pa so novembra identificirali tudi <a rel=\"noreferrer noopener\" aria-label=\" (opens in a new tab)\" href=\"https:\/\/www.smh.com.au\/environment\/weather\/the-day-it-forgot-to-rain-on-australia-20191111-p539cy.html\" target=\"_blank\">prvi dan v zgodovini<\/a>,&nbsp;ko na celinskem delu Avstralije ni padla niti ena kaplja de\u017eja.&nbsp;&nbsp;<\/p>\n\n<p>Sredi decembra so spet padli novi temperaturni rekordi  in visoke temperature se nadaljujejo tudi v letu 2020. Na \u0161tevilnih predelih ogro\u017eenih s po\u017earom so se&nbsp;<a rel=\"noreferrer noopener\" aria-label=\" (opens in a new tab)\" href=\"https:\/\/www.theguardian.com\/australia-news\/2020\/jan\/03\/australia-fires-weather-forecast-worse-to-come-as-hot-dry-windy-saturday-set-to-fan-bushfires\" target=\"_blank\">temperature dvignile<\/a>&nbsp;kar krepko nad 40 stopinj Celzija. Predmestje Sydneyja pa je bilo decembra&nbsp;<a rel=\"noreferrer noopener\" aria-label=\" (opens in a new tab)\" href=\"https:\/\/www.nytimes.com\/2020\/01\/04\/world\/australia\/fires-military.html\" target=\"_blank\">najbolj vro\u010de mesto v dr\u017eavi<\/a>, ko so zabele\u017eili 48,9 stopinj Celzija.<\/p>\n\n<p>Avstralija ima vsako leto t.i. sezono gozdnih po\u017earov, ampak v letu 2019 se je le-ta za\u010dela bolj zgodaj, traja dlje in je zaradi podnebnih sprememb obse\u017enej\u0161a in bolj nepredvidljiva. Zaradi vremenskih razmer (mo\u010dan suh veter) je po\u017eare tudi veliko te\u017eje nadzorovati z obi\u010dajnimi metodami.<\/p>\n\n<p><strong>Kak\u0161ni so ukrepi avstralske vlade v tej krizi?<\/strong><\/p>\n\n<p>Na ogro\u017eene predele&nbsp;<a href=\"https:\/\/www.nytimes.com\/2020\/01\/04\/world\/australia\/fires-military.html\" target=\"_blank\" rel=\"noreferrer noopener\" aria-label=\" (opens in a new tab)\">so bili odposlani<\/a>&nbsp;vojaki, ki v tako \u0161tevil\u010dni napotitvi kot je ni bilo od druge svetovne vojne naprej, pomagajo pri evakuaciji in ga\u0161enju po\u017earov.<\/p>\n\n<p>Kljub temu je bil predsednik vlade, Scott Morrison, kritiziran zaradi svoje <a href=\"https:\/\/www.bbc.co.uk\/news\/world-australia-50979169\" target=\"_blank\" rel=\"noreferrer noopener\" aria-label=\" (opens in a new tab)\">odsotnosti<\/a> v \u010dasu po\u017earov in zaradi svojih izjav, v katerih podcenjuje vlogo podnebnih sprememb. Grajali so ga, ker je decembra&nbsp;na Havajih <a href=\"https:\/\/www.bbc.co.uk\/news\/world-australia-50879850\" target=\"_blank\" rel=\"noreferrer noopener\" aria-label=\" (opens in a new tab)\">pre\u017eivljal po\u010ditnice<\/a>, medtem ko se je ogenj krepil.&nbsp;<\/p>\n\n<p>Vendar so ljudje iz celotne Avstralije stopili v akcijo,&nbsp;<a rel=\"noreferrer noopener\" aria-label=\" (opens in a new tab)\" href=\"https:\/\/www.theguardian.com\/australia-news\/2020\/jan\/04\/beautiful-gestures-the-good-news-stories-coming-out-of-australias-bushfires\" target=\"_blank\">nudijo nastanitve, zdravljenje in hrano<\/a>&nbsp;vsem \u017ertvam po\u017earov. Gasilci \u2013 \u0161tevilni izmed njih&nbsp;<a rel=\"noreferrer noopener\" aria-label=\" (opens in a new tab)\" href=\"https:\/\/www.bbc.co.uk\/news\/world-australia-50887982\" target=\"_blank\">nepla\u010dani prostovoljci<\/a>&nbsp;\u2013 si neutrudno prizadevajo, da omejijo po\u017eare in za\u0161\u010ditijo domove ter \u017eivljenja.<\/p>\n\n<p><strong>Kak\u0161ni so ukrepi avstralske vlade v zvezi s podnebnimi spremembami?<\/strong><\/p>\n\n<p>Ni jih kaj veliko. Leta 2019 je bila Avstralija <a rel=\"noreferrer noopener\" aria-label=\" (opens in a new tab)\" href=\"https:\/\/www.theatlantic.com\/science\/archive\/2020\/01\/australia-caught-climate-spiral\/604423\/\" target=\"_blank\">drug najve\u010dji izvoznik<\/a>&nbsp;premoga na svetu in premog je ena izmed gonilnih sil podnebnih sprememb, ki sezono gozdnih po\u017earov \u0161e poslab\u0161ujejo. &nbsp;<\/p>\n\n<p>Izpusti Avstralije&nbsp;<a rel=\"noreferrer noopener\" aria-label=\" (opens in a new tab)\" href=\"https:\/\/www.climatecouncil.org.au\/australia-not-on-track-to-meet-climate-targets\/\" target=\"_blank\">nara\u0161\u010dajo \u017ee \u0161tiri leta<\/a>&nbsp;in vlada nima nobenega kredibilnega na\u010drta, da bi ta trend obrnila. Pravzaprav je Morrison celo dolgo \u010dasa zavra\u010dal povezavo med po\u017eari in podnebnimi spremembami, pri \u010demer je trdil, da povezava ni <a rel=\"noreferrer noopener\" aria-label=\" (opens in a new tab)\" href=\"https:\/\/www.bloomberg.com\/news\/articles\/2019-12-22\/australian-pm-downplays-climate-change-as-cause-of-deadly-fires\" target=\"_blank\">\u201cverodostojna\u201d<\/a>.&nbsp;<\/p>\n\n<p>Poleg tega, da se avstralska vlada mora soo\u010diti s trenutnim opusto\u0161enjem, mora obenem sprejeti tudi resne ukrepe za zmanj\u0161anje izpustov, s \u010dimer bodo omejili vpliv podnebne krize na Avstralce in druge ljudi po svetu.<\/p>\n\n<p>Tudi <a rel=\"noreferrer noopener\" aria-label=\"vlade drugod na svetu (opens in a new tab)\" href=\"https:\/\/www.greenpeace.org\/slovenia\/ukrepaj\/podnebna-kriza\/\" target=\"_blank\">vlade drugod po svetu<\/a> nosijo odgovornost, da poka\u017eejo na jasno povezavo med avstralsko po\u017earno krizo in globalno podnebno krizo. Le zmanj\u0161anje uporabe fosilnih goriv po celem svetu lahko prepre\u010di katastrofalne vplive segrevajo\u010dega se planeta.<\/p>\n<div class=\"EmptyMessage\">Block content is empty. Check the block&#8217;s settings or remove it.<\/div>","protected":false},"excerpt":{"rendered":"<p>Apokalipti\u010dni prizori iz Avstralije so nam pokazali uni\u010dujo\u010de u\u010dinke besne\u010dih po\u017earov. Zaradi ognja so izgubljena \u017eivljenja in tiso\u010di so prisiljeni zapustiti svoje domove. Tudi \u0161tevilne \u017eivali in rastline so izginile&hellip;<\/p>\n","protected":false},"author":26,"featured_media":2471,"comment_status":"closed","ping_status":"open","sticky":false,"template":"","format":"standard","meta":{"ep_exclude_from_search":false,"p4_og_title":"","p4_og_description":"[caption id=\"attachment_2471\" align=\"alignnone\" width=\"300\"]<img class=\"size-medium wp-image-2471\" src=\"https:\/\/www.greenpeace.org\/static\/planet4-slovenia-stateless\/2020\/01\/fe0b754b-gp0stu03b-300x200.jpg\" alt=\"Forest Fires in Central Kalimantan. \u00a9 Jurnasyanto Sukarno \/ Greenpeace\" width=\"300\" height=\"200\" \/> Gozdni po\u017eari<br \/>\u00a9 Jurnasyanto Sukarno \/ Greenpeace[\/caption]\r\n[caption id=\"attachment_2462\" align=\"alignnone\" width=\"300\"]<img class=\"size-medium wp-image-2462\" src=\"https:\/\/www.greenpeace.org\/static\/planet4-slovenia-stateless\/2020\/01\/a493e105-gp0stueyk-300x200.jpg\" alt=\"Evacuations Begin Following East Gippsland Bushfires. \u00a9 Darrian Traynor \/ Getty Images\" width=\"300\" height=\"200\" \/> Gozdni po\u017ear v Mallacoota, Avstralija<br \/>\u00a9 Darrian Traynor \/ Getty Images[\/caption]\r\n[caption id=\"attachment_2462\" align=\"alignnone\" width=\"300\"]<img class=\"size-medium wp-image-2462\" src=\"https:\/\/www.greenpeace.org\/static\/planet4-slovenia-stateless\/2020\/01\/a493e105-gp0stueyk-300x200.jpg\" alt=\"Evacuations Begin Following East Gippsland Bushfires. \u00a9 Darrian Traynor \/ Getty Images\" width=\"300\" height=\"200\" \/> Gozdni po\u017ear Mallacoota, AVSTRALIA ctown following<br \/>\u00a9 Darrian Traynor \/ Getty Images[\/caption]\r\n[caption id=\"attachment_2460\" align=\"alignnone\" width=\"300\"]<img class=\"size-medium wp-image-2460\" src=\"https:\/\/www.greenpeace.org\/static\/planet4-slovenia-stateless\/2020\/01\/5f93755f-gp0stuc54-300x200.jpg\" alt=\"Man with Face Mask in Sydney, NSW. \u00a9 Cole Bennetts \/ Greenpeace\" width=\"300\" height=\"200\" \/> Mo\u0161ki v Sydneyu, zaradi onesna\u017eenega zraka nosi za\u0161\u010ditno masko.[\/caption]\r\n[caption id=\"attachment_2458\" align=\"alignnone\" width=\"1200\"]<img class=\"size-full wp-image-2458\" src=\"https:\/\/www.greenpeace.org\/static\/planet4-slovenia-stateless\/2020\/01\/9c62dd86-gp0stueyg.jpg\" alt=\"AUSTRALIA-WEATHER-FIRES. \u00a9 SAEED KHAN \/ AFP via Getty Images\" width=\"1200\" height=\"800\" \/> The sky turns red from bushfires in Bemboka, in Australia's New South Wales state on January 5, 2020. - Australians on January 5 counted the cost from a day of catastrophic bushfires that caused \"extensive damage\" across swathes of the country and took the death toll from the long-running crisis to 24. (Photo by SAEED KHAN\/AFP via Getty Images), 1191825662[\/caption]","p4_og_image":"","p4_og_image_id":"","p4_seo_canonical_url":"","p4_campaign_name":"not set","p4_local_project":"","p4_basket_name":"not set","p4_department":"","footnotes":""},"categories":[45],"tags":[23],"p4-page-type":[24],"class_list":["post-2457","post","type-post","status-publish","format-standard","has-post-thumbnail","hentry","category-podnebje","tag-podnebje","p4-page-type-blog"],"_links":{"self":[{"href":"https:\/\/www.greenpeace.org\/slovenia\/wp-json\/wp\/v2\/posts\/2457","targetHints":{"allow":["GET"]}}],"collection":[{"href":"https:\/\/www.greenpeace.org\/slovenia\/wp-json\/wp\/v2\/posts"}],"about":[{"href":"https:\/\/www.greenpeace.org\/slovenia\/wp-json\/wp\/v2\/types\/post"}],"author":[{"embeddable":true,"href":"https:\/\/www.greenpeace.org\/slovenia\/wp-json\/wp\/v2\/users\/26"}],"replies":[{"embeddable":true,"href":"https:\/\/www.greenpeace.org\/slovenia\/wp-json\/wp\/v2\/comments?post=2457"}],"version-history":[{"count":14,"href":"https:\/\/www.greenpeace.org\/slovenia\/wp-json\/wp\/v2\/posts\/2457\/revisions"}],"predecessor-version":[{"id":49382,"href":"https:\/\/www.greenpeace.org\/slovenia\/wp-json\/wp\/v2\/posts\/2457\/revisions\/49382"}],"wp:featuredmedia":[{"embeddable":true,"href":"https:\/\/www.greenpeace.org\/slovenia\/wp-json\/wp\/v2\/media\/2471"}],"wp:attachment":[{"href":"https:\/\/www.greenpeace.org\/slovenia\/wp-json\/wp\/v2\/media?parent=2457"}],"wp:term":[{"taxonomy":"category","embeddable":true,"href":"https:\/\/www.greenpeace.org\/slovenia\/wp-json\/wp\/v2\/categories?post=2457"},{"taxonomy":"post_tag","embeddable":true,"href":"https:\/\/www.greenpeace.org\/slovenia\/wp-json\/wp\/v2\/tags?post=2457"},{"taxonomy":"p4-page-type","embeddable":true,"href":"https:\/\/www.greenpeace.org\/slovenia\/wp-json\/wp\/v2\/p4-page-type?post=2457"}],"curies":[{"name":"wp","href":"https:\/\/api.w.org\/{rel}","templated":true}]}}