{"id":2563,"date":"2020-02-28T08:53:58","date_gmt":"2020-02-28T08:53:58","guid":{"rendered":"https:\/\/www.greenpeace.org\/slovenia\/?p=2563"},"modified":"2025-07-02T09:42:07","modified_gmt":"2025-07-02T07:42:07","slug":"price-oceanov","status":"publish","type":"post","link":"https:\/\/www.greenpeace.org\/slovenia\/blog\/2563\/price-oceanov\/","title":{"rendered":"Pri\u010de oceanov"},"content":{"rendered":"\n<p>Mnogi izmed najbolj \u010dudovitih predelov svetovnih\noceanov so za nas v ve\u010dini primerov tako odro\u010dni, da jih ne bomo imeli nikoli\nmo\u017enosti videti. Prav na teh predelih se zaradi svoje odro\u010dnosti, pogostokrat\ntudi izvajajo najbolj uni\u010dujo\u010de industrije, ki ogro\u017eajo oceane in \u017eivljenje v\nnjih.<\/p>\n\n<p>To je seveda problem. Sedaj, v podnebni krizi, je\nbolj kot kdajkoli pomembno, da prepoznamo kako dragoceni in ogoro\u017eeni so. Zato\nsmo na\u0161li na\u010din, kako to zgodbo pribli\u017eati vam.<\/p>\n\n<p><strong>Z veseljem vas vabimo na popotovanje po Atlantskem\noceanu. Pridru\u017ei\u0161 se nam lahko z ogledom serije oddaj Pri\u010de oceanov.<\/strong><\/p>\n\n<p>Vse od lanskega aprila je bila na\u0161a ladja Esperanza\nna atlantskem potovanju od Arktike do Antarktike.<\/p>\n\n<p>Serija oddaj, ki smo jih pripravili vam bo\npribli\u017eala najbolj \u010dudovite, kot tudi srce parajo\u010de trenutke Greenpeacovega\nenoletnega potovanja od Severnega do Ju\u017enega pola.<\/p>\n\n<p>Predstavili vam bomo posamezne \u017eivali, ki jim ta\nmorja predstavljajo dom. Za\u010deli bomo na Antarktiki, kjer se na\u0161a ladja nahaja\nsedaj.<\/p>\n\n<p>Strokovnjaki vam bodo predstavili te\u017eave s katerimi\nse oceani dandanes sre\u010dujejo. Govora o \u010dlovekovih gospodarskih aktivnostih, ki\npospe\u0161ujejo podnebne spremembe, nadaljujejo s prekomernim ribolovom in\nonesna\u017eevanjem morja s plastiko.<\/p>\n\n<p>Vse oddaje v seriji bodo objavljene na na\u0161em <a href=\"https:\/\/www.youtube.com\/channel\/UClE-iQjtVohHR7hii_BIVBg\">YouTube kanalu<\/a>, na katerega se lahko hitro, enostavno in seveda brezpla\u010dno tudi naro\u010dite \u2013 tako boste na teko\u010dem z vsemi posnetki, ki jih objavljamo. <\/p>\n\n<div class=\"wp-block-button aligncenter\"><a class=\"wp-block-button__link\" href=\"https:\/\/www.youtube.com\/channel\/UClE-iQjtVohHR7hii_BIVBg\">naro\u010di se na na\u0161 youtube kanal<\/a><\/div>\n\n<p>Prvi dve epizodi pa delimo z vami tudi tukaj \u2013 upamo, da vas bo ogled navdu\u0161il tako, kot je nas.<\/p>\n\n<p class=\"has-text-align-center\"><strong>1. EPIZODA:<\/strong><\/p>\n\n<figure class=\"wp-block-embed-youtube wp-block-embed is-type-video is-provider-youtube wp-embed-aspect-16-9 wp-has-aspect-ratio\"><div class=\"wp-block-embed__wrapper\">\n<lite-youtube style=\"background-image: url('https:\/\/i.ytimg.com\/vi\/8BLECoXwg7E\/hqdefault.jpg');\" videoid=\"8BLECoXwg7E\" params=\"rel=0\"><\/lite-youtube>\n<\/div><\/figure>\n\n<p class=\"has-text-align-center\"><strong>2. EPIZODA:<\/strong><\/p>\n\n<figure class=\"wp-block-embed-youtube wp-block-embed is-type-video is-provider-youtube wp-embed-aspect-16-9 wp-has-aspect-ratio\"><div class=\"wp-block-embed__wrapper\">\n<lite-youtube style=\"background-image: url('https:\/\/i.ytimg.com\/vi\/5ZC7suxw0ww\/hqdefault.jpg');\" videoid=\"5ZC7suxw0ww\" params=\"rel=0\"><\/lite-youtube>\n<\/div><\/figure>\n<div class=\"EmptyMessage\">Block content is empty. Check the block&#8217;s settings or remove it.<\/div>","protected":false},"excerpt":{"rendered":"<p>Mnogi izmed najbolj \u010dudovitih predelov svetovnih oceanov so za nas v ve\u010dini primerov tako odro\u010dni, da jih ne bomo imeli nikoli mo\u017enosti videti. Prav na teh predelih se zaradi svoje&hellip;<\/p>\n","protected":false},"author":25,"featured_media":2564,"comment_status":"closed","ping_status":"open","sticky":false,"template":"","format":"standard","meta":{"ep_exclude_from_search":false,"p4_og_title":"","p4_og_description":"","p4_og_image":"","p4_og_image_id":"","p4_seo_canonical_url":"","p4_campaign_name":"not set","p4_local_project":"","p4_basket_name":"not set","p4_department":"","footnotes":""},"categories":[43],"tags":[28],"p4-page-type":[24],"class_list":["post-2563","post","type-post","status-publish","format-standard","has-post-thumbnail","hentry","category-narava","tag-oceani","p4-page-type-blog"],"_links":{"self":[{"href":"https:\/\/www.greenpeace.org\/slovenia\/wp-json\/wp\/v2\/posts\/2563","targetHints":{"allow":["GET"]}}],"collection":[{"href":"https:\/\/www.greenpeace.org\/slovenia\/wp-json\/wp\/v2\/posts"}],"about":[{"href":"https:\/\/www.greenpeace.org\/slovenia\/wp-json\/wp\/v2\/types\/post"}],"author":[{"embeddable":true,"href":"https:\/\/www.greenpeace.org\/slovenia\/wp-json\/wp\/v2\/users\/25"}],"replies":[{"embeddable":true,"href":"https:\/\/www.greenpeace.org\/slovenia\/wp-json\/wp\/v2\/comments?post=2563"}],"version-history":[{"count":5,"href":"https:\/\/www.greenpeace.org\/slovenia\/wp-json\/wp\/v2\/posts\/2563\/revisions"}],"predecessor-version":[{"id":52833,"href":"https:\/\/www.greenpeace.org\/slovenia\/wp-json\/wp\/v2\/posts\/2563\/revisions\/52833"}],"wp:featuredmedia":[{"embeddable":true,"href":"https:\/\/www.greenpeace.org\/slovenia\/wp-json\/wp\/v2\/media\/2564"}],"wp:attachment":[{"href":"https:\/\/www.greenpeace.org\/slovenia\/wp-json\/wp\/v2\/media?parent=2563"}],"wp:term":[{"taxonomy":"category","embeddable":true,"href":"https:\/\/www.greenpeace.org\/slovenia\/wp-json\/wp\/v2\/categories?post=2563"},{"taxonomy":"post_tag","embeddable":true,"href":"https:\/\/www.greenpeace.org\/slovenia\/wp-json\/wp\/v2\/tags?post=2563"},{"taxonomy":"p4-page-type","embeddable":true,"href":"https:\/\/www.greenpeace.org\/slovenia\/wp-json\/wp\/v2\/p4-page-type?post=2563"}],"curies":[{"name":"wp","href":"https:\/\/api.w.org\/{rel}","templated":true}]}}