{"id":2586,"date":"2020-03-04T08:17:57","date_gmt":"2020-03-04T08:17:57","guid":{"rendered":"https:\/\/www.greenpeace.org\/slovenia\/?p=2586"},"modified":"2023-06-01T16:12:41","modified_gmt":"2023-06-01T16:12:41","slug":"s-predlaganim-osnutkom-podnebnega-zakona-eu-izgublja-kljucno-desetletje-za-podnebne-ukrepe","status":"publish","type":"post","link":"https:\/\/www.greenpeace.org\/slovenia\/sporocilo-za-javnost\/2586\/s-predlaganim-osnutkom-podnebnega-zakona-eu-izgublja-kljucno-desetletje-za-podnebne-ukrepe\/","title":{"rendered":"S predlaganim Osnutkom podnebnega zakona EU izgublja klju\u010dno desetletje za podnebne ukrepe"},"content":{"rendered":"\n<p><strong>Bruselj, 4. marec 2020<\/strong> \u2013 <strong>Osnutek podnebnega zakona, ki naj bi ga danes objavila Evropska komisija, ne vsebuje nobenih ukrepov za zmanj\u0161anje emisij do leta 2030. Upo\u0161tevajo\u010d opozorila<\/strong><a href=\"https:\/\/www.theguardian.com\/environment\/2018\/oct\/08\/global-warming-must-not-exceed-15c-warns-landmark-un-report\"><strong> znanstvenikov OZN<\/strong><\/a><strong>, pa je ravno zmanj\u0161anje izpustov toplogrednih plinov v naslednjem desetletju klju\u010dnega pomena za uspeh ali neuspeh podnebnih ukrepov.<\/strong><\/p>\n\n<p><strong>Svetovalec Greenpeace EU za podnebno politiko, Sebastian Mang, je izjavil<\/strong>: <em>\u201cBrez na\u010drtov za postavitev, na znanosti temelje\u010dih, ciljev za 2030 in ukinjanja subvencij za fosilna goriva, si tlakujemo pot za neuspeh. Desetletja preusmerjanja in polovi\u010darskih ukrepov so nas pripeljala do to\u010dke, ko smo tik pred podnebnim propadom. \u010cas za ukrepanje je sedaj in ne \u010dez 10 let.\u201d<\/em><\/p>\n\n<p>Osnutek podnebnega zakona sicer ima eno zavezujo\u010do postavko, in sicer da se EU zavezuje k doseganju oglji\u010dne nevtralnosti do leta 2050. A to je rezultat \u017ee decembra 2019 sklenjenega dogovora nacionalnih vlad EU, medtem ko novi predlog omenja vmesne usmeritve za zmanj\u0161anje emisij, ne predlaga pa novih ciljev za 2030. Namesto tega osnutek ponavlja odlo\u010ditev Komisije, da prestavi revizijo ocene vplivov EU ciljev za 2030 na september, kar pomeni, da se bodo vlade EU le s te\u017eavo lahko dogovorile glede novih ciljev pred za\u010detkom zelo pomembne podnebne konference, ki bo organizirana novembra.<\/p>\n\n<p><strong>Predstavnica Greenpeace Slovenija, Katja Podbev\u0161ek, dodaja:<\/strong> <em>\u201cKomisija prelaga odlo\u010ditev na obdobje, ko bo za vse resne ukrepe \u017ee prepozno. Brez podnebnih ciljev za 2030 v podnebnem zakonu in brez konkretnih ukrepov, kot so ukinitev finan\u010dne podpore fosilnim gorivom, intenzivnemu kmetovanju in drugih uni\u010dujo\u010dih dejavnosti, Komisija ne izpolnjuje ideje Evropskega zelenega dogovora, ki naj bi bil paradni konj v tem projektu.&nbsp;<\/em><\/p>\n\n<figure class=\"wp-block-image size-large  caption-style-blue-overlay caption-alignment-center\"><img loading=\"lazy\" decoding=\"async\" width=\"764\" height=\"501\" src=\"https:\/\/www.greenpeace.org\/static\/planet4-slovenia-stateless\/2020\/03\/05569694-annotation-2020-03-04-091010.png\" title=\"Na\u0161a hi\u0161a je v plamenih.\" alt=\"Na\u0161a hi\u0161a je v plamenih.\" class=\"wp-image-2587\" srcset=\"https:\/\/www.greenpeace.org\/static\/planet4-slovenia-stateless\/2020\/03\/05569694-annotation-2020-03-04-091010.png 764w, https:\/\/www.greenpeace.org\/static\/planet4-slovenia-stateless\/2020\/03\/05569694-annotation-2020-03-04-091010-300x197.png 300w, https:\/\/www.greenpeace.org\/static\/planet4-slovenia-stateless\/2020\/03\/05569694-annotation-2020-03-04-091010-510x334.png 510w\" sizes=\"auto, (max-width: 764px) 100vw, 764px\" \/><\/figure>\n\n<p>Ducat dr\u017eav \u010dlanic EU, Austrija, Danska, Finska, Francija, Italija, Latvija, Luksemburg, Nizozemska, Portugalska, \u0160panija, \u0160vedska in tudi Slovenija so Komisiji poslale <a href=\"https:\/\/kefm.dk\/media\/12992\/joint-letter-call-for-plan-to-increase-2030-target.pdf\">pismo<\/a>, kjer pri\u010dakujejo da bo le-ta \u201c\u010dim prej\u201d oblikovala podnebne cilje za 2030, da bo tako EU lahko zgled ostalim dr\u017eavam med nadvse pomembno podnebno konferenco OZN, ki se bo novembra odvijala v Glasgowu.<\/p>\n\n<p>Podnebni zakon tudi pravi, da Novi zeleni dogovor postavlja novo \u2018\u2019strategijo rasti\u2019\u2019 za Evropo, \u010deprav je to v nasprotju z opozorili <a href=\"https:\/\/www.eea.europa.eu\/highlights\/soer2020-europes-environment-state-and-outlook-report\">Evropske okoljske agencije<\/a>, ki pravi, da \u201cEvropa ne bo dosegla okoljskih ciljev,\u201d \u010de bo \u0161e naprej spodbujala gospodarsko rast in hkrati sku\u0161ala mened\u017eirati okoljske in socialne posledice podnebnih sprememb.\u201d<\/p>\n\n<p>Za dodatne informacije si lahko pogledate tudi <a href=\"https:\/\/www.greenpeace.org\/eu-unit\/issues\/climate-energy\/2634\/media-briefing-hollow-eu-climate-law-would-delay-action\/\">EU climate law media briefing<\/a>, v angle\u0161\u010dini.<\/p>\n\n<p>*** <a href=\"https:\/\/media.greenpeace.org\/shoot\/27MZIFJ836T36\">Foto in video material je dostopen na tej povezavi <\/a>***<\/p>\n\n<p><strong>Kontakt<\/strong>:<\/p>\n\n<p><strong>Sebastian Mang &#8211; Greenpeace EU climate policy adviser<\/strong>: +32 (0)479 60 12 89, <a href=\"mailto:sebastian.mang@greenpeace.org\">sebastian.mang@greenpeace.org<\/a><\/p>\n\n<p><strong>Katja Podbev\u0161ek &#8211; predstavnica Greenpeace Slovenija<\/strong> ; +386 40 235 949, katja.podbevsek@greenpeace.org<\/p>\n\n<p><strong>Greenpeace EU press desk<\/strong>: +32 (0)2 274 19 11, <a href=\"mailto:pressdesk.eu@greenpeace.org\">pressdesk.eu@greenpeace.org<\/a><br><\/p>\n","protected":false},"excerpt":{"rendered":"<p>Bruselj, 4. marec 2020 \u2013 Osnutek podnebnega zakona, ki naj bi ga danes objavila Evropska komisija, ne vsebuje nobenih ukrepov za zmanj\u0161anje emisij do leta 2030. Upo\u0161tevajo\u010d opozorila znanstvenikov OZN,&hellip;<\/p>\n","protected":false},"author":25,"featured_media":2587,"comment_status":"closed","ping_status":"open","sticky":false,"template":"","format":"standard","meta":{"ep_exclude_from_search":false,"p4_og_title":"","p4_og_description":"","p4_og_image":"","p4_og_image_id":"","p4_seo_canonical_url":"","p4_campaign_name":"not set","p4_local_project":"","p4_basket_name":"not set","p4_department":"","footnotes":""},"categories":[45],"tags":[23,32],"p4-page-type":[46],"class_list":["post-2586","post","type-post","status-publish","format-standard","has-post-thumbnail","hentry","category-podnebje","tag-podnebje","tag-brezpremoga","p4-page-type-sporocilo-za-javnost"],"_links":{"self":[{"href":"https:\/\/www.greenpeace.org\/slovenia\/wp-json\/wp\/v2\/posts\/2586","targetHints":{"allow":["GET"]}}],"collection":[{"href":"https:\/\/www.greenpeace.org\/slovenia\/wp-json\/wp\/v2\/posts"}],"about":[{"href":"https:\/\/www.greenpeace.org\/slovenia\/wp-json\/wp\/v2\/types\/post"}],"author":[{"embeddable":true,"href":"https:\/\/www.greenpeace.org\/slovenia\/wp-json\/wp\/v2\/users\/25"}],"replies":[{"embeddable":true,"href":"https:\/\/www.greenpeace.org\/slovenia\/wp-json\/wp\/v2\/comments?post=2586"}],"version-history":[{"count":2,"href":"https:\/\/www.greenpeace.org\/slovenia\/wp-json\/wp\/v2\/posts\/2586\/revisions"}],"predecessor-version":[{"id":2589,"href":"https:\/\/www.greenpeace.org\/slovenia\/wp-json\/wp\/v2\/posts\/2586\/revisions\/2589"}],"wp:featuredmedia":[{"embeddable":true,"href":"https:\/\/www.greenpeace.org\/slovenia\/wp-json\/wp\/v2\/media\/2587"}],"wp:attachment":[{"href":"https:\/\/www.greenpeace.org\/slovenia\/wp-json\/wp\/v2\/media?parent=2586"}],"wp:term":[{"taxonomy":"category","embeddable":true,"href":"https:\/\/www.greenpeace.org\/slovenia\/wp-json\/wp\/v2\/categories?post=2586"},{"taxonomy":"post_tag","embeddable":true,"href":"https:\/\/www.greenpeace.org\/slovenia\/wp-json\/wp\/v2\/tags?post=2586"},{"taxonomy":"p4-page-type","embeddable":true,"href":"https:\/\/www.greenpeace.org\/slovenia\/wp-json\/wp\/v2\/p4-page-type?post=2586"}],"curies":[{"name":"wp","href":"https:\/\/api.w.org\/{rel}","templated":true}]}}