{"id":2726,"date":"2020-04-23T09:38:41","date_gmt":"2020-04-23T09:38:41","guid":{"rendered":"https:\/\/www.greenpeace.org\/slovenia\/?p=2726"},"modified":"2023-06-01T16:12:32","modified_gmt":"2023-06-01T16:12:32","slug":"vlada-rs-nam-zeli-onemogociti-varovanje-okolja","status":"publish","type":"post","link":"https:\/\/www.greenpeace.org\/slovenia\/blog\/2726\/vlada-rs-nam-zeli-onemogociti-varovanje-okolja\/","title":{"rendered":"VLADA RS NAM \u017dELI ONEMOGO\u010cITI VAROVANJE OKOLJA"},"content":{"rendered":"\n<p class=\"has-text-align-center\"><strong><em>Odziv na Zakon o spremembah in dopolnitvah Zakona o interventih ukrepih za zajezitev epidemije COVID-19 in omilitev njenih posledic za dr\u017eavljane in gospodarstvo<\/em><\/strong><\/p>\n\n<p>21. april: Vlada Republike Slovenije se pohvali, da se je pridru\u017eila skupni pobudi 16 dr\u017eav EU za ozelenitev gospodarstva po pandemiji koronavirusa.<\/p>\n\n<p>\u0160e vedno 21. april: Vlada RS predlaga spremembo zakonodaje, ki zaostruje pogoje za vklju\u010ditev nevladnih organizacij v postopke pridobivanja gradbenih dovoljenj na ta na\u010din, da tudi profesionalne organizacije kot je Greenpeace Slovenija, katerim je dr\u017eava <strong>posebej prepoznala, da delujemo v javnem interesu (!)<\/strong>\u00a0in moramo svoje delo in prispevek<strong> redno dokazovati<\/strong>,\u00a0<strong>ne izpolnimo teh pogojev<\/strong>. Preprosto: ko\u00a0bi\u00a0\u017eelela zazidati nove hektarje kmetijske povr\u0161ine in to prodati kot razvoj,\u00a0bi\u00a0tak\u0161na uni\u010devanja okolja te\u017eje prepre\u010dili.<\/p>\n\n<figure class=\"wp-block-embed-facebook wp-block-embed is-type-rich is-provider-facebook\"><div class=\"wp-block-embed__wrapper\">\nhttps:\/\/www.facebook.com\/cnvos\/posts\/2694910440742256\n<\/div><\/figure>\n\n<p>Sprememba bi se vpisala v Zakon o interventnih ukrepih za zajezitev epidemije covid-19 in omilitev njenih posledic za dr\u017eavljane in gospodarstvo&nbsp;(100.f in 100.g \u010dlen). O\u010ditno so skrb za \u010dist zrak, za za\u0161\u010dito kmetijskih in gozdnih povr\u0161in, resna ovira pri zajezitvi vseh negativnih posledic epidemije?!&nbsp;\ud83e\udd26\u200d\u2640\ufe0f<\/p>\n\n<p>Tak\u0161ne spremembe bi krhale okoljske standarde in blaginjo vseh prebivalcev Slovenije. Prav epidemija nas je opomnila, <strong>kako dragoceni so osnovni gradniki \u017eivljenja<\/strong>: dostop do pitne vode in kvalitetne hrane, \u010dist zrak, bogati in zdravi gozdovi, in kako pomembno je, da lahko na\u0161e klju\u010dne ekosisteme tudi za\u0161\u010ditimo pred uni\u010dujo\u010dimi posegi.<\/p>\n\n<figure class=\"wp-block-image size-large  caption-style-blue-overlay caption-alignment-center\"><img loading=\"lazy\" decoding=\"async\" width=\"1024\" height=\"683\" src=\"https:\/\/www.greenpeace.org\/static\/planet4-slovenia-stateless\/2020\/04\/fc52df2e-gp0stqox4-1024x683.jpg\" title=\"Heroes\u2019 Veto, pro-NGO Protest in Budapest. \u00a9 Bence Jardany\" alt=\"Heroes\u2019 Veto, pro-NGO Protest in Budapest. \u00a9 Bence Jardany\" class=\"wp-image-2728\" srcset=\"https:\/\/www.greenpeace.org\/static\/planet4-slovenia-stateless\/2020\/04\/fc52df2e-gp0stqox4-1024x683.jpg 1024w, https:\/\/www.greenpeace.org\/static\/planet4-slovenia-stateless\/2020\/04\/fc52df2e-gp0stqox4-300x200.jpg 300w, https:\/\/www.greenpeace.org\/static\/planet4-slovenia-stateless\/2020\/04\/fc52df2e-gp0stqox4-768x512.jpg 768w, https:\/\/www.greenpeace.org\/static\/planet4-slovenia-stateless\/2020\/04\/fc52df2e-gp0stqox4-510x340.jpg 510w, https:\/\/www.greenpeace.org\/static\/planet4-slovenia-stateless\/2020\/04\/fc52df2e-gp0stqox4.jpg 1200w\" sizes=\"auto, (max-width: 1024px) 100vw, 1024px\" \/><figcaption>Tiso\u010de ljudi se je udele\u017eilo nenasilnega protesta za svobodo civilne dru\u017ebe na Trgu herojev v Budimpe\u0161ti.<div class=\"credit icon-left\"> \u00a9 Bence Jardany<\/div><\/figcaption><\/figure>\n\n<p><\/p>\n<div class=\"EmptyMessage\">Block content is empty. Check the block&#8217;s settings or remove it.<\/div>","protected":false},"excerpt":{"rendered":"<p>21. april: Vlada Republike Slovenije RS se pohvali, da se je pridru\u017eila skupni pobudi 16 dr\u017eav EU za ozelenitev gospodarstva po pandemiji koronavirusa. \u0160e vedno 21. april: Vlada Republike Slovenije&hellip;<\/p>\n","protected":false},"author":25,"featured_media":2728,"comment_status":"closed","ping_status":"open","sticky":false,"template":"","format":"standard","meta":{"ep_exclude_from_search":false,"p4_og_title":"","p4_og_description":"","p4_og_image":"","p4_og_image_id":"","p4_seo_canonical_url":"","p4_campaign_name":"not set","p4_local_project":"not set","p4_basket_name":"not set","p4_department":"","footnotes":""},"categories":[45],"tags":[23,53],"p4-page-type":[24],"class_list":["post-2726","post","type-post","status-publish","format-standard","has-post-thumbnail","hentry","category-podnebje","tag-podnebje","tag-koronavirus","p4-page-type-blog"],"_links":{"self":[{"href":"https:\/\/www.greenpeace.org\/slovenia\/wp-json\/wp\/v2\/posts\/2726","targetHints":{"allow":["GET"]}}],"collection":[{"href":"https:\/\/www.greenpeace.org\/slovenia\/wp-json\/wp\/v2\/posts"}],"about":[{"href":"https:\/\/www.greenpeace.org\/slovenia\/wp-json\/wp\/v2\/types\/post"}],"author":[{"embeddable":true,"href":"https:\/\/www.greenpeace.org\/slovenia\/wp-json\/wp\/v2\/users\/25"}],"replies":[{"embeddable":true,"href":"https:\/\/www.greenpeace.org\/slovenia\/wp-json\/wp\/v2\/comments?post=2726"}],"version-history":[{"count":4,"href":"https:\/\/www.greenpeace.org\/slovenia\/wp-json\/wp\/v2\/posts\/2726\/revisions"}],"predecessor-version":[{"id":49371,"href":"https:\/\/www.greenpeace.org\/slovenia\/wp-json\/wp\/v2\/posts\/2726\/revisions\/49371"}],"wp:featuredmedia":[{"embeddable":true,"href":"https:\/\/www.greenpeace.org\/slovenia\/wp-json\/wp\/v2\/media\/2728"}],"wp:attachment":[{"href":"https:\/\/www.greenpeace.org\/slovenia\/wp-json\/wp\/v2\/media?parent=2726"}],"wp:term":[{"taxonomy":"category","embeddable":true,"href":"https:\/\/www.greenpeace.org\/slovenia\/wp-json\/wp\/v2\/categories?post=2726"},{"taxonomy":"post_tag","embeddable":true,"href":"https:\/\/www.greenpeace.org\/slovenia\/wp-json\/wp\/v2\/tags?post=2726"},{"taxonomy":"p4-page-type","embeddable":true,"href":"https:\/\/www.greenpeace.org\/slovenia\/wp-json\/wp\/v2\/p4-page-type?post=2726"}],"curies":[{"name":"wp","href":"https:\/\/api.w.org\/{rel}","templated":true}]}}