{"id":2747,"date":"2020-04-24T08:01:17","date_gmt":"2020-04-24T08:01:17","guid":{"rendered":"https:\/\/www.greenpeace.org\/slovenia\/?p=2747"},"modified":"2023-06-01T16:12:30","modified_gmt":"2023-06-01T16:12:30","slug":"poziv-poslancem-zavrnite-42-clen-novele-anti-koronskega-zakona","status":"publish","type":"post","link":"https:\/\/www.greenpeace.org\/slovenia\/sporocilo-za-javnost\/2747\/poziv-poslancem-zavrnite-42-clen-novele-anti-koronskega-zakona\/","title":{"rendered":"Poziv poslancem: Zavrnite 42. \u010dlen novele anti-koronskega zakona"},"content":{"rendered":"\n<p class=\"has-text-align-center\"><em><strong>Odziv na Zakon o spremembah in dopolnitvah Zakona o interventnih ukrepih za zajezitev epidemije COVID-19 in omilitev njenih posledic za dr\u017eavljane in gospodarstvo (\u010dlen 42).<\/strong><\/em><\/p>\n\n<p>Na isti dan, ko se je Vlada Republike Slovenije pridru\u017eila skupni pobudi 16 dr\u017eav EU za ozelenitev gospodarstva po pandemiji koronavirusa, je Vlada sprejela spremembo zakonodaje, ki zaostruje pogoje za vklju\u010ditev nevladnih organizacij v postopke pridobivanja gradbenih dovoljenj na ta na\u010din, da tudi profesionalne organizacije kot je Greenpeace Slovenija, katerim je dr\u017eava&nbsp;<strong>posebej prepoznala, da delujejo v javnem interesu <\/strong>in morajo svoje delo in prispevek<strong>&nbsp;redno dokazovati<\/strong><strong>,&nbsp;ne izpolnijo teh pogojev. <\/strong>Preprosto: \u010de bi se na\u010drtoval projekt, s katerim bi za voljo \u00bbrazvoja\u00ab zazidali nove hektarje kmetijske povr\u0161ine,&nbsp;bi&nbsp;tak\u0161na uni\u010devanja okolja te\u017eje prepre\u010dili.<\/p>\n\n<p>Minister za okolje Andrej Vizjak razlaga, da nekatere manj\u0161e okoljevarstvene organizacije izkori\u0161\u010dajo status delovanja v javnem interesu, da namerno onemogo\u010dajo gradbene projekte. Greenpeace je organizacija z ve\u010d kot 40 letno zgodovino boja za okoljsko pravi\u010dnost, trenutno delujemo v 55 dr\u017eavah v svetu, v Sloveniji smo aktivni \u017ee ve\u010d kot 10 let, imamo prepoznan status delovanja v javnem interesu, a ne ustrezamo novim pogojem.<\/p>\n\n<p>Ni vsaka investicija tudi investicija, ki prinese blaginjo ljudem. Kako na\u0161a \u017eivljenja izbolj\u0161a recimo betoniranje polj in travnikov za \u0161irjenje avtocestnih pasov, medtem ko se ozra\u010dje segreva izven obvladljivih meja, na\u0161e \u017eeleznice pa stagnirajo in se starajo? Novela zakona na \u0161iroko odpre vrata gradnjam, ki lahko \u0161kodujejo na\u0161im naravnim ekosistemom. In ko izgubi okolje, izgubimo vsi. Prav epidemija nas je opomnila,&nbsp;<strong>kako dragoceni so osnovni gradniki \u017eivljenja<\/strong>: dostop do pitne vode in kvalitetne hrane, \u010dist zrak, bogati in zdravi gozdovi, in kako pomembno je, da lahko na\u0161e klju\u010dne ekosisteme tudi za\u0161\u010ditimo pred uni\u010dujo\u010dimi posegi.<\/p>\n\n<p><strong>Zato vas pozivamo, da predlagane spremembe v 42. \u010dlenu novele anti-koronskega zakona zavrnete.<\/strong><\/p>\n\n<p>*Sprememba bi se ob sprejemu v Dr\u017eavnem zboru vpisala v Zakon o interventnih ukrepih za zajezitev epidemije covid-19 in omilitev njenih posledic za dr\u017eavljane in gospodarstvo&nbsp;(100.f in 100.g \u010dlen).<\/p>\n\n<figure class=\"wp-block-image size-large  caption-style-blue-overlay caption-alignment-center\"><img loading=\"lazy\" decoding=\"async\" width=\"1024\" height=\"683\" src=\"https:\/\/www.greenpeace.org\/static\/planet4-slovenia-stateless\/2020\/04\/95afa76c-gp0stri2e_high_res-1024x683.jpg\" alt=\"\" class=\"wp-image-2749\" srcset=\"https:\/\/www.greenpeace.org\/static\/planet4-slovenia-stateless\/2020\/04\/95afa76c-gp0stri2e_high_res-1024x683.jpg 1024w, https:\/\/www.greenpeace.org\/static\/planet4-slovenia-stateless\/2020\/04\/95afa76c-gp0stri2e_high_res-300x200.jpg 300w, https:\/\/www.greenpeace.org\/static\/planet4-slovenia-stateless\/2020\/04\/95afa76c-gp0stri2e_high_res-768x513.jpg 768w, https:\/\/www.greenpeace.org\/static\/planet4-slovenia-stateless\/2020\/04\/95afa76c-gp0stri2e_high_res-1536x1025.jpg 1536w, https:\/\/www.greenpeace.org\/static\/planet4-slovenia-stateless\/2020\/04\/95afa76c-gp0stri2e_high_res-2048x1366.jpg 2048w, https:\/\/www.greenpeace.org\/static\/planet4-slovenia-stateless\/2020\/04\/95afa76c-gp0stri2e_high_res-510x340.jpg 510w\" sizes=\"auto, (max-width: 1024px) 100vw, 1024px\" \/><figcaption>Pravica za ljudi in okolje! (c) Greenpeace.<\/figcaption><\/figure>\n\n<p class=\"has-text-align-right\"><strong>Katja Podbev\u0161ek, vodja Greenpeace v Sloveniji<\/strong><\/p>\n<div class=\"EmptyMessage\">Block content is empty. Check the block&#8217;s settings or remove it.<\/div>","protected":false},"excerpt":{"rendered":"<p>Odziv na Zakon o spremembah in dopolnitvah Zakona o interventnih ukrepih za zajezitev epidemije COVID-19 in omilitev njenih posledic za dr\u017eavljane in gospodarstvo (\u010dlen 42). Na isti dan, ko se&hellip;<\/p>\n","protected":false},"author":25,"featured_media":2748,"comment_status":"closed","ping_status":"open","sticky":false,"template":"","format":"standard","meta":{"ep_exclude_from_search":false,"p4_og_title":"","p4_og_description":"","p4_og_image":"","p4_og_image_id":"","p4_seo_canonical_url":"","p4_campaign_name":"not set","p4_local_project":"not set","p4_basket_name":"not set","p4_department":"","footnotes":""},"categories":[44],"tags":[26,27,53],"p4-page-type":[46],"class_list":["post-2747","post","type-post","status-publish","format-standard","has-post-thumbnail","hentry","category-o-nas","tag-aktivizem","tag-greenpeace","tag-koronavirus","p4-page-type-sporocilo-za-javnost"],"_links":{"self":[{"href":"https:\/\/www.greenpeace.org\/slovenia\/wp-json\/wp\/v2\/posts\/2747","targetHints":{"allow":["GET"]}}],"collection":[{"href":"https:\/\/www.greenpeace.org\/slovenia\/wp-json\/wp\/v2\/posts"}],"about":[{"href":"https:\/\/www.greenpeace.org\/slovenia\/wp-json\/wp\/v2\/types\/post"}],"author":[{"embeddable":true,"href":"https:\/\/www.greenpeace.org\/slovenia\/wp-json\/wp\/v2\/users\/25"}],"replies":[{"embeddable":true,"href":"https:\/\/www.greenpeace.org\/slovenia\/wp-json\/wp\/v2\/comments?post=2747"}],"version-history":[{"count":5,"href":"https:\/\/www.greenpeace.org\/slovenia\/wp-json\/wp\/v2\/posts\/2747\/revisions"}],"predecessor-version":[{"id":49370,"href":"https:\/\/www.greenpeace.org\/slovenia\/wp-json\/wp\/v2\/posts\/2747\/revisions\/49370"}],"wp:featuredmedia":[{"embeddable":true,"href":"https:\/\/www.greenpeace.org\/slovenia\/wp-json\/wp\/v2\/media\/2748"}],"wp:attachment":[{"href":"https:\/\/www.greenpeace.org\/slovenia\/wp-json\/wp\/v2\/media?parent=2747"}],"wp:term":[{"taxonomy":"category","embeddable":true,"href":"https:\/\/www.greenpeace.org\/slovenia\/wp-json\/wp\/v2\/categories?post=2747"},{"taxonomy":"post_tag","embeddable":true,"href":"https:\/\/www.greenpeace.org\/slovenia\/wp-json\/wp\/v2\/tags?post=2747"},{"taxonomy":"p4-page-type","embeddable":true,"href":"https:\/\/www.greenpeace.org\/slovenia\/wp-json\/wp\/v2\/p4-page-type?post=2747"}],"curies":[{"name":"wp","href":"https:\/\/api.w.org\/{rel}","templated":true}]}}