{"id":3278,"date":"2020-07-27T09:22:11","date_gmt":"2020-07-27T09:22:11","guid":{"rendered":"https:\/\/www.greenpeace.org\/slovenia\/?p=3278"},"modified":"2023-06-01T16:11:29","modified_gmt":"2023-06-01T16:11:29","slug":"slovenija-izostala-iz-evropske-energetske-revolucije","status":"publish","type":"post","link":"https:\/\/www.greenpeace.org\/slovenia\/sporocilo-za-javnost\/3278\/slovenija-izostala-iz-evropske-energetske-revolucije\/","title":{"rendered":"Slovenija izostala iz evropske energetske revolucije"},"content":{"rendered":"\n<p><strong>Ljubljana, 27. 7. 2020: Zadnje <a href=\"https:\/\/ember-climate.org\/project\/renewables-beat-fossil-fuels\/\">poro\u010dilo<\/a> raziskovalne ustanove Ember ugotavlja, da smo v prvih \u0161estih mesecih tega leta v Evropi prvi\u010d v zgodovini proizvedli ve\u010d elektri\u010dne energije iz obnovljivih virov energije (40 %) kot iz fosilnih (34 %), predvsem po zaslugi son\u010dne in vetrne energije. Medtem, ko sta na Danskem v teh \u0161estih mesecih son\u010dna in vetrna energija predstavljali kar 64 % proizvodnje elektri\u010dne energije, na Irskem 49 %, v Nem\u010diji 42 %, v Sloveniji iz son\u010dne in vetrne energije pridobivamo le 2 % na\u0161e elektrike, s \u010dimer se uvr\u0161\u010damo na rep evropskih dr\u017eav.<\/strong><\/p>\n\n<p>Poro\u010dilo \u0161e ugotavlja, da je v primerjavi z istim obdobjem v lanskem letu, proizvodnja iz OVE zrasla za 11 %, proizvodnja iz fosilnih virov pa padla za 18 %. Najve\u010dji udarec je do\u017eivel premog, katerega proizvodnja je v Evropi padla za 32 %. Tudi proizvodnja el. en. iz naslova jedrske energije je padla za 12 %.<\/p>\n\n<p>Slovenija \u010depi na repu evropskih dr\u017eav glede na izkori\u0161\u010danje novih obnovljivih tehnologij \u2013 le 2 % na\u0161e eletri\u010dne energije pridobivamo iz sonca in vetra. Ve\u010dji dele\u017e son\u010dne in vetrne energije kot Slovenija nimajo le evropske ekonomske velesile kot je Nem\u010dija ali &#8220;son\u010dne dr\u017eave&#8221; kot \u0160panija, temve\u010d tudi \u010ce\u0161ka, Mad\u017earska, Bolgarija, celo premogovni mastadont Poljska. Tak\u0161nemu zaostanku Slovenije smo pri\u010da kljub velikem potencialu, ki obstaja. Poro\u010dilo In\u0161tituta Jo\u017eefa \u0160tefana \u00bb<a rel=\"noreferrer noopener\" href=\"https:\/\/www.podnebnapot2050.si\/porocilo-potencial-soncnih-elektrarn-na-strehah-objektov-v-sloveniji-do-leta-2050\/\" target=\"_blank\">Potencial son\u010dnih elektrarn na strehah objektov v Sloveniji do leta 2050<\/a>\u00ab ocenjuje, da je <strong>tehni\u010dni potencial son\u010dnih elektrarn v Sloveniji 27 TWh letno<\/strong> &#8211; skoraj dvakratnik sedanje proizvodnje elektri\u010dne energije v Sloveniji.<\/p>\n\n<p><em><strong>Katja Hu\u0161<\/strong>, predstavnica Greenpeace Slovenija je ugotovitve komentirala:<\/em><\/p>\n\n<p><em>Svet gre naprej, Slovenija pa je obti\u010dala nekje leta 1986. Zdi se, da na\u0161 okoljsko-energetski minister Vizjak tako \u0161e vedno misli, da energetski sistemi temeljijo na premogu, jedrski in vodni energiji. Vse kar sli\u0161imo so zastarele in neprimerne ideje za popolnoma nove problem in \u010dase. Drago bomo pla\u010dali, \u010de ne bomo stopili v korak s \u010dasom in izkoristili prilo\u017enosti, ki jih nove tehnologije kot sta son\u010dna in vetrna ponujajo za u\u010dinkovito zaustavljanje globalnega segrevanja in demokratizacijo energetike.<\/em><\/p>\n\n<figure class=\"wp-block-image size-large  caption-style-blue-overlay caption-alignment-center\"><img loading=\"lazy\" decoding=\"async\" width=\"753\" height=\"1024\" src=\"https:\/\/www.greenpeace.org\/static\/planet4-slovenia-stateless\/2020\/07\/78c8e5b6-gp036dx-753x1024.jpg\" title=\"Renewable Energy Farm in Germany. \u00a9 Paul Langrock \/ Zenit \/ Greenpeace\" alt=\"Renewable Energy Farm in Germany. \u00a9 Paul Langrock \/ Zenit \/ Greenpeace\" class=\"wp-image-3280\" srcset=\"https:\/\/www.greenpeace.org\/static\/planet4-slovenia-stateless\/2020\/07\/78c8e5b6-gp036dx-753x1024.jpg 753w, https:\/\/www.greenpeace.org\/static\/planet4-slovenia-stateless\/2020\/07\/78c8e5b6-gp036dx-221x300.jpg 221w, https:\/\/www.greenpeace.org\/static\/planet4-slovenia-stateless\/2020\/07\/78c8e5b6-gp036dx-768x1044.jpg 768w, https:\/\/www.greenpeace.org\/static\/planet4-slovenia-stateless\/2020\/07\/78c8e5b6-gp036dx-250x340.jpg 250w, https:\/\/www.greenpeace.org\/static\/planet4-slovenia-stateless\/2020\/07\/78c8e5b6-gp036dx.jpg 883w\" sizes=\"auto, (max-width: 753px) 100vw, 753px\" \/><figcaption>Vetrna in son\u010dna energija kot stebra obnovljive energetike 21. stoletja.<div class=\"credit icon-left\"> \u00a9 Paul Langrock \/ Zenit \/ Greenpeace<\/div><\/figcaption><\/figure>\n<div class=\"EmptyMessage\">Block content is empty. Check the block&#8217;s settings or remove it.<\/div>","protected":false},"excerpt":{"rendered":"<p>Ljubljana, 27. 7. 2020: Zadnje poro\u010dilo raziskovalne ustanove Ember ugotavlja, da smo v prvih \u0161estih mesecih tega leta v Evropi prvi\u010d v zgodovini proizvedli ve\u010d elektri\u010dne energije iz obnovljivih virov&hellip;<\/p>\n","protected":false},"author":25,"featured_media":3280,"comment_status":"closed","ping_status":"open","sticky":false,"template":"","format":"standard","meta":{"ep_exclude_from_search":false,"p4_og_title":"","p4_og_description":"","p4_og_image":"","p4_og_image_id":"","p4_seo_canonical_url":"","p4_campaign_name":"not set","p4_local_project":"not set","p4_basket_name":"not set","p4_department":"","footnotes":""},"categories":[45],"tags":[32,41],"p4-page-type":[46],"class_list":["post-3278","post","type-post","status-publish","format-standard","has-post-thumbnail","hentry","category-podnebje","tag-brezpremoga","tag-obnovljivivirienergije","p4-page-type-sporocilo-za-javnost"],"_links":{"self":[{"href":"https:\/\/www.greenpeace.org\/slovenia\/wp-json\/wp\/v2\/posts\/3278","targetHints":{"allow":["GET"]}}],"collection":[{"href":"https:\/\/www.greenpeace.org\/slovenia\/wp-json\/wp\/v2\/posts"}],"about":[{"href":"https:\/\/www.greenpeace.org\/slovenia\/wp-json\/wp\/v2\/types\/post"}],"author":[{"embeddable":true,"href":"https:\/\/www.greenpeace.org\/slovenia\/wp-json\/wp\/v2\/users\/25"}],"replies":[{"embeddable":true,"href":"https:\/\/www.greenpeace.org\/slovenia\/wp-json\/wp\/v2\/comments?post=3278"}],"version-history":[{"count":3,"href":"https:\/\/www.greenpeace.org\/slovenia\/wp-json\/wp\/v2\/posts\/3278\/revisions"}],"predecessor-version":[{"id":49357,"href":"https:\/\/www.greenpeace.org\/slovenia\/wp-json\/wp\/v2\/posts\/3278\/revisions\/49357"}],"wp:featuredmedia":[{"embeddable":true,"href":"https:\/\/www.greenpeace.org\/slovenia\/wp-json\/wp\/v2\/media\/3280"}],"wp:attachment":[{"href":"https:\/\/www.greenpeace.org\/slovenia\/wp-json\/wp\/v2\/media?parent=3278"}],"wp:term":[{"taxonomy":"category","embeddable":true,"href":"https:\/\/www.greenpeace.org\/slovenia\/wp-json\/wp\/v2\/categories?post=3278"},{"taxonomy":"post_tag","embeddable":true,"href":"https:\/\/www.greenpeace.org\/slovenia\/wp-json\/wp\/v2\/tags?post=3278"},{"taxonomy":"p4-page-type","embeddable":true,"href":"https:\/\/www.greenpeace.org\/slovenia\/wp-json\/wp\/v2\/p4-page-type?post=3278"}],"curies":[{"name":"wp","href":"https:\/\/api.w.org\/{rel}","templated":true}]}}