{"id":3284,"date":"2020-07-29T08:46:28","date_gmt":"2020-07-29T08:46:28","guid":{"rendered":"https:\/\/www.greenpeace.org\/slovenia\/?p=3284"},"modified":"2023-06-01T16:11:28","modified_gmt":"2023-06-01T16:11:28","slug":"maske-za-ponovno-uporabo-za-zascito-ljudi-in-planeta","status":"publish","type":"post","link":"https:\/\/www.greenpeace.org\/slovenia\/blog\/3284\/maske-za-ponovno-uporabo-za-zascito-ljudi-in-planeta\/","title":{"rendered":"Maske za ponovno uporabo &#8211; za za\u0161\u010dito ljudi in planeta"},"content":{"rendered":"\n<p>Medtem ko pandemija COVID-19 \u0161e naprej pusto\u0161i po dr\u017eavah, kot so ZDA in Brazilija, znanstveniki po vsem svetu poudarjajo pomen no\u0161enja za\u0161\u010ditnih mask, da bi prepre\u010dili prenos virusa.<\/p>\n\n<p>\u010cedalje ve\u010dja uporaba osebne za\u0161\u010ditne opreme, kot so za\u0161\u010ditne maske, pomeni, da smo tudi pri\u010da velikemu porastu odpadkov in velik del jih je narejen iz plastike.<\/p>\n\n<p>Vsak izziv je tudi prilo\u017enost za u\u010denje. Zavedamo se, da sta v tem trenutku za nas pomembni dve lekciji: (1) nositi moramo masko za za\u0161\u010dito ljudi; in (2)<strong> izbrati moramo masko za ve\u010dkratno uporabo za za\u0161\u010dito ljudi in planeta<\/strong>.<\/p>\n\n<p>Nositi masko za obraz ne pomeni samo za\u0161\u010dito sebe, gre tudi za za\u0161\u010dito drugih.<\/p>\n\n<p>\u010ce nam pandemija kaj sporo\u010da, je to, da moramo izpra\u0161ati na\u0161 odnos do so\u010dloveka in narave, ki bi moral temeljiti na na\u0161i \u010dlove\u010dnosti. Uporaba obrazne maske za ve\u010dkratno uporabo predstavlja altruizem, ki vodi k za\u0161\u010diti na\u0161e dru\u017ebe in okolja. Maske za ve\u010dkratno uporabo morda niso edina re\u0161itev za prepre\u010devanje oku\u017ebe, a kot pravijo zdravstveni strokovnjaki, pomaga, da se oku\u017eba ne \u0161iri, \u010de jo nosite.<\/p>\n\n<p>Pove\u010danje uporabe osebne za\u0161\u010ditne opreme dodaja nov raven k \u017ee tako hudi krizi z odpadki, zato <a href=\"https:\/\/www.greenpeace.org\/international\/press-release\/44356\/health-experts-reusable-ppe-protect-people-planet\/\">moramo prisluhniti zdravstvenim strokovnjakom<\/a> in ukrepati tudi v skladu s tem. \u010ce ne spadate v skupino zaposlenih v panogah, ki so najbolj izpostavljene virusu (npr. zdravstveni delavci), strokovnjaki zagotavljajo, da se maski za enkratno uporabo lahko izognete in namesto nje uporabite tak\u0161no za ve\u010dkratno uporabo in tako pripomorete k re\u0161evanju dveh kriz hkrati. <strong>Kako pa narediti svojo lastno masko za ve\u010dkratno uporabo?<\/strong><\/p>\n\n<figure class=\"wp-block-embed-youtube wp-block-embed is-type-video is-provider-youtube wp-embed-aspect-4-3 wp-has-aspect-ratio\"><div class=\"wp-block-embed__wrapper\">\n<lite-youtube style=\"background-image: url('https:\/\/i.ytimg.com\/vi\/CjR8yl4eXog\/hqdefault.jpg');\" videoid=\"CjR8yl4eXog\" params=\"rel=0\"><\/lite-youtube>\n<\/div><\/figure>\n\n<p>Nositi masko za ve\u010dkratno uporabo, ki jo lahko naredite doma, se morda zdi majhna stvar v primerjavi z veliko sliko, vendar je to pozitivno dejanje, ki ga lahko storite zase, za druge in za okolje.<\/p>\n\n<p>Za\u0161\u010ditimo ljudi in planet med to globalno pandemijo in izberimo masko za ve\u010dkratno uporabo.<\/p>\n\n<h3 class=\"wp-block-heading\"><strong>POMEMBNO: Maske ne pozabite redno umivati!<\/strong><\/h3>\n\n<p>Da bo va\u0161a maska za ve\u010dkratno uporabo varna, je pomembno, da jo<a href=\"https:\/\/www.facebook.com\/WHO\/photos\/rpp.154163327962392\/3335701809808512\/?type=3&amp;theater\"> pravilno nosite <\/a>in \u010distite!<\/p>\n\n<p>Poskrbite da:<\/p>\n\n<ul class=\"wp-block-list\"><li>je masko iz blaga mo\u017eno strojno ali ro\u010dno oprati z detergentom na 90 stopinj vsaj 5 minut<\/li><\/ul>\n\n<ul class=\"wp-block-list\"><li>imate na razpolago ve\u010d mask, ki jih je mogo\u010de prekuhati, tako da imate vedno na voljo \u010disto.<\/li><\/ul>\n\n<ul class=\"wp-block-list\"><li>ko kon\u010date s pranjem maske, si ne pozabite temeljito umiti rok.<\/li><\/ul>\n\n<div class=\"wp-block-image  caption-style-blue-overlay caption-alignment-center\"><figure class=\"aligncenter size-large is-resized\"><img loading=\"lazy\" decoding=\"async\" src=\"https:\/\/www.greenpeace.org\/static\/planet4-slovenia-stateless\/2020\/07\/c15b5d1c-ppe-slide-1-si-1024x1024.jpg\" alt=\"\" class=\"wp-image-3285\" width=\"515\" height=\"515\" srcset=\"https:\/\/www.greenpeace.org\/static\/planet4-slovenia-stateless\/2020\/07\/c15b5d1c-ppe-slide-1-si-1024x1024.jpg 1024w, https:\/\/www.greenpeace.org\/static\/planet4-slovenia-stateless\/2020\/07\/c15b5d1c-ppe-slide-1-si-300x300.jpg 300w, https:\/\/www.greenpeace.org\/static\/planet4-slovenia-stateless\/2020\/07\/c15b5d1c-ppe-slide-1-si-150x150.jpg 150w, https:\/\/www.greenpeace.org\/static\/planet4-slovenia-stateless\/2020\/07\/c15b5d1c-ppe-slide-1-si-768x768.jpg 768w, https:\/\/www.greenpeace.org\/static\/planet4-slovenia-stateless\/2020\/07\/c15b5d1c-ppe-slide-1-si-1366x1366.jpg 1366w, https:\/\/www.greenpeace.org\/static\/planet4-slovenia-stateless\/2020\/07\/c15b5d1c-ppe-slide-1-si-340x340.jpg 340w, https:\/\/www.greenpeace.org\/static\/planet4-slovenia-stateless\/2020\/07\/c15b5d1c-ppe-slide-1-si.jpg 1500w\" sizes=\"auto, (max-width: 515px) 100vw, 515px\" \/><\/figure><\/div>\n\t\t\t<section\n\t\t\tclass=\"boxout post-28 \"\n\t\t\t\n\t\t>\n\t\t\t<a\n\t\t\t\tdata-ga-category=\"Take Action Boxout\"\n\t\t\t\tdata-ga-action=\"Image\"\n\t\t\t\tdata-ga-label=\"n\/a\"\n\t\t\t\tclass=\"cover-card-overlay\"\n\t\t\t\thref=\"https:\/\/www.greenpeace.org\/slovenia\/ukrepaj\/osvobodimo-se-plastike\/\" \n\t\t\t><\/a>\n\t\t\t\t\t\t\t<img\n\t\t\t\t\t\tsrc=\"https:\/\/www.greenpeace.org\/static\/planet4-slovenia-stateless\/2019\/10\/3f018d1e-gp0stq7oo-1024x733.jpg\"\n\t\t\t\t\t\tsrcset=\"https:\/\/www.greenpeace.org\/static\/planet4-slovenia-stateless\/2019\/10\/3f018d1e-gp0stq7oo-300x215.jpg 300w, https:\/\/www.greenpeace.org\/static\/planet4-slovenia-stateless\/2019\/10\/3f018d1e-gp0stq7oo-768x550.jpg 768w, https:\/\/www.greenpeace.org\/static\/planet4-slovenia-stateless\/2019\/10\/3f018d1e-gp0stq7oo-1024x733.jpg 1024w, https:\/\/www.greenpeace.org\/static\/planet4-slovenia-stateless\/2019\/10\/3f018d1e-gp0stq7oo-475x340.jpg 475w, https:\/\/www.greenpeace.org\/static\/planet4-slovenia-stateless\/2019\/10\/3f018d1e-gp0stq7oo.jpg 1199w\"\n\t\t\t\t\t\tsizes=\"(min-width: 1000px) 358px, (min-width: 780px) 313px, 88px\"\n\t\t\t\t\t\talt=\"Plastic Waste Blown Away from Waste Landfill La Crau in France. \u00a9 Wolf Wichmann \/ Greenpeace\" title=\"Plastic Waste Blown Away from Waste Landfill La Crau in France. \u00a9 Wolf Wichmann \/ Greenpeace\"\n\t\t\t\t\/>\n            \t\t\t<div class=\"boxout-content\">\n\t\t\t\t\t\t\t\t\t<a\n\t\t\t\t\t\tclass=\"boxout-heading medium\"\n\t\t\t\t\t\tdata-ga-category=\"Take Action Boxout\"\n\t\t\t\t\t\tdata-ga-action=\"Title\"\n\t\t\t\t\t\tdata-ga-label=\"n\/a\"\n\t\t\t\t\t\thref=\"https:\/\/www.greenpeace.org\/slovenia\/ukrepaj\/osvobodimo-se-plastike\/\"\n\t\t\t\t\t\t\n\t\t\t\t\t>\n\t\t\t\t\t\tNaredimo konec onesna\u017eevanju s plastiko za enkratno uporabo!\n\t\t\t\t\t<\/a>\n\t\t\t\t\t\t\t\t\t\t\t\t\t<p class=\"boxout-excerpt\">Na\u0161 planet se du\u0161i v odpadni plastiki. \u010cas je, da vsi skupaj (vklju\u010dno s podjetji in politiki) kon\u010damo dobo plastike za enkratno uporabo.<\/p>\n\t\t\t\t                                    <a\n                        class=\"btn btn-primary\"\n                        data-ga-category=\"Take Action Boxout\"\n                        data-ga-action=\"Call to Action\"\n                        data-ga-label=\"n\/a\"\n                        href=\"https:\/\/www.greenpeace.org\/slovenia\/ukrepaj\/osvobodimo-se-plastike\/\"\n                        \n                    >\n                        Pridru\u017ei se\n                    <\/a>\n                \t\t\t<\/div>\n\t\t\t\t\t<\/section>\n\t","protected":false},"excerpt":{"rendered":"<p>Medtem ko pandemija COVID-19 \u0161e naprej pusto\u0161i po dr\u017eavah, kot so ZDA in Brazilija, znanstveniki po vsem svetu poudarjajo pomen no\u0161enja mask za obraz, da bi prepre\u010dili prenos virusa.<\/p>\n","protected":false},"author":25,"featured_media":3285,"comment_status":"closed","ping_status":"open","sticky":false,"template":"","format":"standard","meta":{"ep_exclude_from_search":false,"p4_og_title":"","p4_og_description":"","p4_og_image":"","p4_og_image_id":"","p4_seo_canonical_url":"","p4_campaign_name":"not set","p4_local_project":"not set","p4_basket_name":"not set","p4_department":"","footnotes":""},"categories":[42],"tags":[22,53],"p4-page-type":[24],"class_list":["post-3284","post","type-post","status-publish","format-standard","has-post-thumbnail","hentry","category-prekomerna-potrosnja","tag-plastika","tag-koronavirus","p4-page-type-blog"],"_links":{"self":[{"href":"https:\/\/www.greenpeace.org\/slovenia\/wp-json\/wp\/v2\/posts\/3284","targetHints":{"allow":["GET"]}}],"collection":[{"href":"https:\/\/www.greenpeace.org\/slovenia\/wp-json\/wp\/v2\/posts"}],"about":[{"href":"https:\/\/www.greenpeace.org\/slovenia\/wp-json\/wp\/v2\/types\/post"}],"author":[{"embeddable":true,"href":"https:\/\/www.greenpeace.org\/slovenia\/wp-json\/wp\/v2\/users\/25"}],"replies":[{"embeddable":true,"href":"https:\/\/www.greenpeace.org\/slovenia\/wp-json\/wp\/v2\/comments?post=3284"}],"version-history":[{"count":5,"href":"https:\/\/www.greenpeace.org\/slovenia\/wp-json\/wp\/v2\/posts\/3284\/revisions"}],"predecessor-version":[{"id":49356,"href":"https:\/\/www.greenpeace.org\/slovenia\/wp-json\/wp\/v2\/posts\/3284\/revisions\/49356"}],"wp:featuredmedia":[{"embeddable":true,"href":"https:\/\/www.greenpeace.org\/slovenia\/wp-json\/wp\/v2\/media\/3285"}],"wp:attachment":[{"href":"https:\/\/www.greenpeace.org\/slovenia\/wp-json\/wp\/v2\/media?parent=3284"}],"wp:term":[{"taxonomy":"category","embeddable":true,"href":"https:\/\/www.greenpeace.org\/slovenia\/wp-json\/wp\/v2\/categories?post=3284"},{"taxonomy":"post_tag","embeddable":true,"href":"https:\/\/www.greenpeace.org\/slovenia\/wp-json\/wp\/v2\/tags?post=3284"},{"taxonomy":"p4-page-type","embeddable":true,"href":"https:\/\/www.greenpeace.org\/slovenia\/wp-json\/wp\/v2\/p4-page-type?post=3284"}],"curies":[{"name":"wp","href":"https:\/\/api.w.org\/{rel}","templated":true}]}}