{"id":3745,"date":"2021-02-19T10:45:36","date_gmt":"2021-02-19T10:45:36","guid":{"rendered":"https:\/\/www.greenpeace.org\/slovenia\/?p=3745"},"modified":"2025-07-02T09:41:52","modified_gmt":"2025-07-02T07:41:52","slug":"pristanek-na-marsu-zivljenje-na-zemlji","status":"publish","type":"post","link":"https:\/\/www.greenpeace.org\/slovenia\/blog\/3745\/pristanek-na-marsu-zivljenje-na-zemlji\/","title":{"rendered":"Pristanek na Marsu, \u017eivljenje na Zemlji"},"content":{"rendered":"\n<p>Dragi,<\/p>\n\n<p><strong>v\u010deraj je na Marsu pristal novi Nasin rover<\/strong> na pomembni misiji: poiskati sledi o obstoju (nekdanjega) \u017eivljenja na tem planetu. Gre nedvomno za velik uspeh znanosti, ki me navdaja z ob\u010dutki, ki jih ste\u017eka opi\u0161em. V za\u010detku leta sem se pridru\u017eila ekipi Greenpeace Slovenija kot vodja kampanj in od takrat gledam na svet skozi druga\u010dne o\u010di in do\u017eivljam druga\u010dne emocije.<\/p>\n\n<p>Ob tem neverjetnem mejniku pristanka na Marsu sem recimo najprej pomislila na to, kako \u010dudovito je, da \u017eivimo na edinem planetu v bli\u017enjem vesolju, ki je prekrit z vodo. In ta voda je polna \u017eivljenja! Kiti, pingvini, polarni medvedi, vse \u017eivljenje pre\u010dudovitih koralnih grebenov in otokov vsepovsod po svetu.&nbsp;<a href=\"https:\/\/podpiram.greenpeace.si\/donacija\/\" target=\"_blank\" rel=\"noreferrer noopener\">\u017delim pomagati za\u0161\u010dititi oceane z mese\u010dnim prispevkom<\/a><\/p>\n\n<p>Ampak ni vse tako lepo, kot se sprva zdi. Zato bi vam rada povedala zgodbo o vodi. Zato, ker na\u0161 Modri planet potrebuje na\u0161o pomo\u010d. Te\u017eko namre\u010d govorimo o okolju, brez da bi se ozrli dlje od na\u0161e neposredne okolice, ne ravno do Marsa, ampak tja, proti prostranim oceanom.<\/p>\n\n<div class=\"wp-block-image  caption-style-medium caption-alignment-center\"><figure class=\"aligncenter\"><img decoding=\"async\" src=\"https:\/\/ci6.googleusercontent.com\/proxy\/KihYXrbdx6kaV3KF9ZMWw4ZsX0E9wuvqE6ZMyqyx2-ZqkHPmpojYxZ0Wp-tfPgAkJyK4UOh9uhYik1riOVO4nxfYC4Kf_3M01OcVIB6nvonF7FaZ6Vff-RYUBhkCHtlpJdRSV4TQoXyYkTCnmHdsoWB-8xzuqb3XM9SZESGOumFNBgXQCDKLecdVQDr2Bw5o=s0-d-e1-ft#https:\/\/aaf1a18515da0e792f78-c27fdabe952dfc357fe25ebf5c8897ee.ssl.cf5.rackcdn.com\/1850\/GP0STOE31_Web_size.jpg?v=1613727446000\" alt=\"\"\/><\/figure><\/div>\n\n<p>In tu zgodba postane \u017ealostna, saj kljub temu, da oceani nudijo dom neverjetnim bitjem, zagotavljajo hrano ve\u010d milijardam ljudi in pomagajo pri ohranjanju ravnovesja na\u0161ega podnebja, <strong>njihovo zdravje zelo hitro pe\u0161a.<\/strong> Ogro\u017eajo jih \u010dezmeren ribolov, vrtanje za nafto in onesna\u017eevanje s plastiko. Poleg vsega tega na njih zelo mo\u010dno vplivajo tudi podnebne spremembe. <strong>Leta 2020 so svetovni oceani dosegli svojo najbolj vro\u010do stopnjo v vsej zabele\u017eeni zgodovini.<\/strong> Nara\u0161\u010dajo\u010da morska gladina, ki se vi\u0161a tudi zaradi taljenja ledenikov in ledenih pokrovov, neposredno ogro\u017ea \u017eivljenja skupnosti vsepovsod po svetu.<\/p>\n\n<p>Zdi se mi nemogo\u010de sprejeti dejstvo, da je za\u0161\u010ditenih le pribli\u017eno 1 % mednarodnih voda.<\/p>\n\n<p><strong><a href=\"https:\/\/podpiram.greenpeace.si\/donacija\/\" target=\"_blank\" rel=\"noreferrer noopener\">\u017delim pomagati za\u0161\u010dititi oceane z mese\u010dnim prispevkom<\/a><\/strong><\/p>\n\n<p><strong>Zaupamo v znanost, ko gre za pristanek na Marsu. Pa ji zaupamo tudi druga\u010de?<\/strong> <strong>Znanstveniki namre\u010d pravijo, da moramo do leta 2030 za\u0161\u010diti vsaj 30 % na\u0161ih oceanov,<\/strong> \u010de \u017eelimo zaustaviti njihovo propadanje, zato moramo ukrepati hitro. \u010ce jih \u017eelimo ohraniti zdrave, potrebujemo<strong> globalno omre\u017eje<\/strong> <strong>morskih rezervatov<\/strong>.&nbsp;<\/p>\n\n<p>Za\u0161\u010dita oceanov sega izven meja posamezne dr\u017eave in potrebno bo mednarodno sodelovanje. Pri Zdru\u017eenih narodih se razpravlja o <strong>Sporazumu o svetovnih oceanih,<\/strong> ki bi imel mo\u010d ustvariti morske rezervate po celem svetu. Hitrost teh pogajanj \u017eal ne dohaja vse bolj nujne potrebe po ukrepanju za ohranitev na\u0161ih oceanov, za\u0161\u010dito na\u0161ega planeta in prepre\u010ditev izgube biotske raznovrstnosti. Zaskrbljujo\u010de je pomanjkanje politi\u010dne motivacije za progresiven izid teh pogajanj, saj nekatere dr\u017eave \u0161e vedno v ospredje postavljajo izkori\u0161\u010danje okolja in ne njegove za\u0161\u010dite.<\/p>\n\n<div class=\"wp-block-image  caption-style-medium caption-alignment-center\"><figure class=\"aligncenter\"><img decoding=\"async\" src=\"https:\/\/ci4.googleusercontent.com\/proxy\/QSgLSlvvWHYl08GO4iDOpStnRwjAwbcKLrVBlb8Uu7F55LygTEg_0uti3Ldpj4kKUKZEIIdPD3NaXbOCQGEYT2r66eorGDNhfg23YiGdxFtEYsxwe34-UtrTyHbOWQfRgFOhvG2Ygj9gVFSymGQX21xjtMq9Zj2foR_gc1iA1oel4tF3o0QCZuYRGM90sh1I=s0-d-e1-ft#https:\/\/aaf1a18515da0e792f78-c27fdabe952dfc357fe25ebf5c8897ee.ssl.cf5.rackcdn.com\/1850\/GP0STU61Y_Web_size.jpg?v=1613727447000\" alt=\"\"\/><\/figure><\/div>\n\n<p>Ponosna sem na milijone ljudi po celem svetu, ki se pod okriljem na\u0161ih kolegov pri Greenpeace Zdru\u017eeno Kraljestvo \u017ee leta trudijo in promovirajo svojo kampanjo <strong>Za\u0161\u010ditimo oceane<\/strong>. S svojim delom mo\u010dno prispevajo k temu, da se bi vlade \u010dim ve\u010dih dr\u017eav strinjale in skupaj oblikovale trden <strong>Sporazum o svetovnih oceanih<\/strong> \u017ee v leto\u0161njem letu.<\/p>\n\n<p>Tudi na\u0161a ekipa je del tega &#8211; do sedaj se je v Sloveniji kampanji pridru\u017eilo skoraj pet tiso\u010d ljudi &#8211; in tudi v prihodnje bomo nudili na\u0161o podporo po svojih najbolj\u0161ih mo\u010deh.<\/p>\n\n<p>To je namre\u010d zlata prilo\u017enost, da popravimo storjeno \u0161kodo.<\/p>\n\n<p>Glede na to, kako zelo smo odvisni od na\u0161ih oceanov, je sedaj \u010das, da jim nekaj vrnemo in jih za\u0161\u010ditimo.<\/p>\n\n<p>Ste z nami?<\/p>\n\n<p>Ker ne sprejemamo denarja od korporacij ali vlad, za svoje delovanje potrebujemo va\u0161o mese\u010dno podporo, s pomo\u010djo katere ostajamo neodvisni in strate\u0161ki ter lahko delujemo za dobrobit okolja.<\/p>\n\n<p><strong>Vemo, da ste nam s finan\u010dnim prispevkom pomagali \u017ee v preteklosti. Bi lahko razmislili <a href=\"https:\/\/podpiram.greenpeace.si\/donacija\/\" target=\"_blank\" rel=\"noreferrer noopener\">o nekajevrskem mese\u010dnem prispevku<\/a>?<\/strong><\/p>\n\n<p>Iskrena hvala,<\/p>\n\n<p>Sara, nova pri Greenpeace Slovenija<\/p>\n\t\t\t<section\n\t\t\tclass=\"boxout post-2045 \"\n\t\t\t\n\t\t>\n\t\t\t<a\n\t\t\t\tdata-ga-category=\"Take Action Boxout\"\n\t\t\t\tdata-ga-action=\"Image\"\n\t\t\t\tdata-ga-label=\"n\/a\"\n\t\t\t\tclass=\"cover-card-overlay\"\n\t\t\t\thref=\"https:\/\/www.greenpeace.org\/slovenia\/ukrepaj\/doniraj\/\" \n\t\t\t><\/a>\n\t\t\t\t\t\t\t<img\n\t\t\t\t\t\tsrc=\"https:\/\/www.greenpeace.org\/static\/planet4-slovenia-stateless\/2019\/04\/61238f7f-gp04k5b-1024x683.jpg\"\n\t\t\t\t\t\tsrcset=\"https:\/\/www.greenpeace.org\/static\/planet4-slovenia-stateless\/2019\/04\/61238f7f-gp04k5b-300x200.jpg 300w, https:\/\/www.greenpeace.org\/static\/planet4-slovenia-stateless\/2019\/04\/61238f7f-gp04k5b-768x512.jpg 768w, https:\/\/www.greenpeace.org\/static\/planet4-slovenia-stateless\/2019\/04\/61238f7f-gp04k5b-1024x683.jpg 1024w, https:\/\/www.greenpeace.org\/static\/planet4-slovenia-stateless\/2019\/04\/61238f7f-gp04k5b-510x340.jpg 510w, https:\/\/www.greenpeace.org\/static\/planet4-slovenia-stateless\/2019\/04\/61238f7f-gp04k5b.jpg 1200w\"\n\t\t\t\t\t\tsizes=\"(min-width: 1000px) 358px, (min-width: 780px) 313px, 88px\"\n\t\t\t\t\t\talt=\"Rainbow Warrior Near the Queensland Coast. \u00a9 Tom  Jefferson \/ Greenpeace\" title=\"Rainbow Warrior Near the Queensland Coast. \u00a9 Tom  Jefferson \/ Greenpeace\"\n\t\t\t\t\/>\n            \t\t\t<div class=\"boxout-content\">\n\t\t\t\t\t\t\t\t\t<a\n\t\t\t\t\t\tclass=\"boxout-heading medium\"\n\t\t\t\t\t\tdata-ga-category=\"Take Action Boxout\"\n\t\t\t\t\t\tdata-ga-action=\"Title\"\n\t\t\t\t\t\tdata-ga-label=\"n\/a\"\n\t\t\t\t\t\thref=\"https:\/\/www.greenpeace.org\/slovenia\/ukrepaj\/doniraj\/\"\n\t\t\t\t\t\t\n\t\t\t\t\t>\n\t\t\t\t\t\tDoniraj\n\t\t\t\t\t<\/a>\n\t\t\t\t\t\t\t\t\t\t\t\t\t<p class=\"boxout-excerpt\">Greenpeace ne sprejema finan\u010dnih sredstev in\u0161titucij EU, vlad, korporacij ali politi\u010dnih strank &#8211; na\u0161e delo je mogo\u010de le zaradi donacij posameznikov.<\/p>\n\t\t\t\t                                    <a\n                        class=\"btn btn-primary\"\n                        data-ga-category=\"Take Action Boxout\"\n                        data-ga-action=\"Call to Action\"\n                        data-ga-label=\"n\/a\"\n                        href=\"https:\/\/www.greenpeace.org\/slovenia\/ukrepaj\/doniraj\/\"\n                        \n                    >\n                        Pridru\u017ei se\n                    <\/a>\n                \t\t\t<\/div>\n\t\t\t\t\t<\/section>\n\t","protected":false},"excerpt":{"rendered":"<p>v\u010deraj je na Marsu pristal novi Nasin rover na pomembni misiji: poiskati sledi o obstoju (nekdanjega) \u017eivljenja na tem planetu.<\/p>\n","protected":false},"author":23,"featured_media":1556,"comment_status":"closed","ping_status":"open","sticky":false,"template":"","format":"standard","meta":{"ep_exclude_from_search":false,"p4_og_title":"","p4_og_description":"","p4_og_image":"","p4_og_image_id":"","p4_seo_canonical_url":"","p4_campaign_name":"not set","p4_local_project":"not set","p4_basket_name":"not set","p4_department":"","footnotes":""},"categories":[43,44],"tags":[27,28],"p4-page-type":[],"class_list":["post-3745","post","type-post","status-publish","format-standard","has-post-thumbnail","hentry","category-narava","category-o-nas","tag-greenpeace","tag-oceani"],"_links":{"self":[{"href":"https:\/\/www.greenpeace.org\/slovenia\/wp-json\/wp\/v2\/posts\/3745","targetHints":{"allow":["GET"]}}],"collection":[{"href":"https:\/\/www.greenpeace.org\/slovenia\/wp-json\/wp\/v2\/posts"}],"about":[{"href":"https:\/\/www.greenpeace.org\/slovenia\/wp-json\/wp\/v2\/types\/post"}],"author":[{"embeddable":true,"href":"https:\/\/www.greenpeace.org\/slovenia\/wp-json\/wp\/v2\/users\/23"}],"replies":[{"embeddable":true,"href":"https:\/\/www.greenpeace.org\/slovenia\/wp-json\/wp\/v2\/comments?post=3745"}],"version-history":[{"count":8,"href":"https:\/\/www.greenpeace.org\/slovenia\/wp-json\/wp\/v2\/posts\/3745\/revisions"}],"predecessor-version":[{"id":52826,"href":"https:\/\/www.greenpeace.org\/slovenia\/wp-json\/wp\/v2\/posts\/3745\/revisions\/52826"}],"wp:featuredmedia":[{"embeddable":true,"href":"https:\/\/www.greenpeace.org\/slovenia\/wp-json\/wp\/v2\/media\/1556"}],"wp:attachment":[{"href":"https:\/\/www.greenpeace.org\/slovenia\/wp-json\/wp\/v2\/media?parent=3745"}],"wp:term":[{"taxonomy":"category","embeddable":true,"href":"https:\/\/www.greenpeace.org\/slovenia\/wp-json\/wp\/v2\/categories?post=3745"},{"taxonomy":"post_tag","embeddable":true,"href":"https:\/\/www.greenpeace.org\/slovenia\/wp-json\/wp\/v2\/tags?post=3745"},{"taxonomy":"p4-page-type","embeddable":true,"href":"https:\/\/www.greenpeace.org\/slovenia\/wp-json\/wp\/v2\/p4-page-type?post=3745"}],"curies":[{"name":"wp","href":"https:\/\/api.w.org\/{rel}","templated":true}]}}