{"id":3752,"date":"2021-03-02T12:26:03","date_gmt":"2021-03-02T12:26:03","guid":{"rendered":"https:\/\/www.greenpeace.org\/slovenia\/?p=3752"},"modified":"2023-06-01T16:10:50","modified_gmt":"2023-06-01T16:10:50","slug":"spletna-konferenca-konec-premoga-sreda-17-3-2021","status":"publish","type":"post","link":"https:\/\/www.greenpeace.org\/slovenia\/sporocilo-za-javnost\/3752\/spletna-konferenca-konec-premoga-sreda-17-3-2021\/","title":{"rendered":"Spletna konferenca: Konec premoga (sreda, 17. 3. 2021)"},"content":{"rendered":"\n<p>V leto\u0161njem letu bo Slovenija sprejela Nacionalno strategijo za izstop iz premoga. Trenutni osnutek strategije ponuja tri scenarije oz. \u010dasovnice za konec se\u017eiga premoga v TE\u0160: 2033, 2038 in 2042.<\/p>\n\n<p>V pri\u010dakovanju javne razprave o opu\u0161\u010danju premoga v Sloveniji vas vabimo na mednarodno spletno konferenco<strong>&nbsp;End of Coal:&nbsp;Climate Crisis, EU Policies and Economic Trends<\/strong>, ki bo potekala v&nbsp;<strong>sredo&nbsp;17. marca med 10.00 in 13.30 uro.<\/strong><\/p>\n\n<p>Na dogodku bomo prisluhnili strokovnjakom iz raziskovalnih oz. analiti\u010dnih institucij Climate Analytics in Ember ter predstavnikoma dveh ve\u010djih energetskih podjetij, ki nameravata do leta 2023 v celoti opustiti premog (\u00d8rsted in EDP &#8211; Energias de Portugal).<br>Celoten program in opis govorcev lahko najdete <a href=\"https:\/\/www.greenpeace.org\/static\/planet4-slovenia-stateless\/2021\/03\/759c69d9-end-of-coal_program.pdf\" target=\"_blank\" rel=\"noreferrer noopener\">v tej datoteki<\/a>.<\/p>\n\n<p>Dogodek bo potekal v angle\u0161\u010dini.<\/p>\n\n<p>Prosimo, da nam s kratkim mailom na na\u0161 naslov info.si@greenpeace.org ali s klikom na spodnji gumb <strong><u>potrdite svojo udele\u017ebo<\/u><\/strong>&nbsp;in nam tako pomagate bolje na\u010drtovati dogodek. Vsi prijavljeni boste dan pred&nbsp; sre\u010danjem prejeli Zoom povezavo in navodila.<\/p>\n\n<div class=\"wp-block-buttons aligncenter is-layout-flex wp-block-buttons-is-layout-flex\">\n<div class=\"wp-block-button\"><a class=\"wp-block-button__link\" href=\"mailto:info.si@greenpeace.org?subject=Prijava na konferenco\" target=\"_blank\" rel=\"noreferrer noopener\">Potrditev udele\u017ebe<\/a><\/div>\n<\/div>\n\n<div class=\"wp-block-image  caption-style-medium caption-alignment-center\"><figure class=\"aligncenter size-large is-resized\"><img loading=\"lazy\" decoding=\"async\" src=\"https:\/\/www.greenpeace.org\/static\/planet4-slovenia-stateless\/2021\/03\/68c0f470-gp01h8l-1024x683.jpg\" title=\"Ferrybridge Power Station in the UK. \u00a9 Steve Morgan \/ Greenpeace\" alt=\"Ferrybridge Power Station in the UK. \u00a9 Steve Morgan \/ Greenpeace\" class=\"wp-image-3756\" width=\"746\" height=\"498\" srcset=\"https:\/\/www.greenpeace.org\/static\/planet4-slovenia-stateless\/2021\/03\/68c0f470-gp01h8l-1024x683.jpg 1024w, https:\/\/www.greenpeace.org\/static\/planet4-slovenia-stateless\/2021\/03\/68c0f470-gp01h8l-300x200.jpg 300w, https:\/\/www.greenpeace.org\/static\/planet4-slovenia-stateless\/2021\/03\/68c0f470-gp01h8l-768x512.jpg 768w, https:\/\/www.greenpeace.org\/static\/planet4-slovenia-stateless\/2021\/03\/68c0f470-gp01h8l-510x340.jpg 510w, https:\/\/www.greenpeace.org\/static\/planet4-slovenia-stateless\/2021\/03\/68c0f470-gp01h8l.jpg 1200w\" sizes=\"auto, (max-width: 746px) 100vw, 746px\" \/><figcaption><div class=\"credit icon-left\"> \u00a9 Steve Morgan \/ Greenpeace<\/div><\/figcaption><\/figure><\/div>\n\n<p><\/p>\n","protected":false},"excerpt":{"rendered":"<p>V leto\u0161njem letu bo Slovenija sprejela Nacionalno strategijo za izstop iz premoga. Trenutni osnutek strategije ponuja tri scenarije oz. \u010dasovnice za konec se\u017eiga premoga v TE\u0160: 2033, 2038 in 2042.<\/p>\n","protected":false},"author":25,"featured_media":3756,"comment_status":"closed","ping_status":"open","sticky":false,"template":"","format":"standard","meta":{"ep_exclude_from_search":false,"p4_og_title":"","p4_og_description":"","p4_og_image":"","p4_og_image_id":"","p4_seo_canonical_url":"","p4_campaign_name":"not set","p4_local_project":"not set","p4_basket_name":"not set","p4_department":"","footnotes":""},"categories":[45,1],"tags":[23,32,33],"p4-page-type":[46],"class_list":["post-3752","post","type-post","status-publish","format-standard","has-post-thumbnail","hentry","category-podnebje","category-uncategorized","tag-podnebje","tag-brezpremoga","tag-tes","p4-page-type-sporocilo-za-javnost"],"_links":{"self":[{"href":"https:\/\/www.greenpeace.org\/slovenia\/wp-json\/wp\/v2\/posts\/3752","targetHints":{"allow":["GET"]}}],"collection":[{"href":"https:\/\/www.greenpeace.org\/slovenia\/wp-json\/wp\/v2\/posts"}],"about":[{"href":"https:\/\/www.greenpeace.org\/slovenia\/wp-json\/wp\/v2\/types\/post"}],"author":[{"embeddable":true,"href":"https:\/\/www.greenpeace.org\/slovenia\/wp-json\/wp\/v2\/users\/25"}],"replies":[{"embeddable":true,"href":"https:\/\/www.greenpeace.org\/slovenia\/wp-json\/wp\/v2\/comments?post=3752"}],"version-history":[{"count":4,"href":"https:\/\/www.greenpeace.org\/slovenia\/wp-json\/wp\/v2\/posts\/3752\/revisions"}],"predecessor-version":[{"id":3758,"href":"https:\/\/www.greenpeace.org\/slovenia\/wp-json\/wp\/v2\/posts\/3752\/revisions\/3758"}],"wp:featuredmedia":[{"embeddable":true,"href":"https:\/\/www.greenpeace.org\/slovenia\/wp-json\/wp\/v2\/media\/3756"}],"wp:attachment":[{"href":"https:\/\/www.greenpeace.org\/slovenia\/wp-json\/wp\/v2\/media?parent=3752"}],"wp:term":[{"taxonomy":"category","embeddable":true,"href":"https:\/\/www.greenpeace.org\/slovenia\/wp-json\/wp\/v2\/categories?post=3752"},{"taxonomy":"post_tag","embeddable":true,"href":"https:\/\/www.greenpeace.org\/slovenia\/wp-json\/wp\/v2\/tags?post=3752"},{"taxonomy":"p4-page-type","embeddable":true,"href":"https:\/\/www.greenpeace.org\/slovenia\/wp-json\/wp\/v2\/p4-page-type?post=3752"}],"curies":[{"name":"wp","href":"https:\/\/api.w.org\/{rel}","templated":true}]}}