{"id":4008,"date":"2021-05-20T08:10:32","date_gmt":"2021-05-20T08:10:32","guid":{"rendered":"https:\/\/www.greenpeace.org\/slovenia\/?p=4008"},"modified":"2023-06-01T16:10:38","modified_gmt":"2023-06-01T16:10:38","slug":"referendum-ima-podporo","status":"publish","type":"post","link":"https:\/\/www.greenpeace.org\/slovenia\/blog\/4008\/referendum-ima-podporo\/","title":{"rendered":"Referendum ima podporo!"},"content":{"rendered":"\n<p>Uspelo nam je!!!<\/p>\n\n<p><strong>Naj se v\u010deraj\u0161nji dan zapi\u0161e v zgodovino kot eden najve\u010djih okoljskih uspehov v Sloveniji. <\/strong>\u010cudovito gibanje, ki zdru\u017eije okoljevarstvenike, borce_ke za spolno enakost, upokojence, mlade mamice, knji\u017eni\u010darke in mnoge druge, se je zedinilo okoli najbolj temeljne vrednote &#8211; vode. To me navdaja z nepopisljivimi ob\u010dutki. Pred upravnimi enotami \u0161irom Slovenije je ve\u010d kot 150 prostovoljcev in prostovoljk dnevno zbiralo podpise za razpis referenduma &#8211; ne glede na vreme! In priznajmo, vreme nam ni bilo ravno naklonjeno. Kot da so tudi de\u017ene kaplje na nek na\u010din \u017eelele biti prisotne v tej pomembni zgodbi, \u010de\u0161 <em>\u201cHej, tudi za nas se gre!<\/em>\u201d in vsakega, ki je oddal svoj podpis, ne\u017eno poljubile v zahvalo. \ud83d\ude42<\/p>\n\n<p>Gibanje za pitno vodo, ki zdru\u017euje \u0161tevilne nevladne organizacije, dru\u0161tva, civilne iniciative in posameznike, je v\u010deraj v Dr\u017eavni zbor vlo\u017eilo podpise in zahtevalo razpis referenduma. Mre\u017ea aktivistov za pitno vodo je v ote\u017eenih okoli\u0161\u010dinah, kljub izredni epidemiolo\u0161ki situaciji, uspela zbrati <a href=\"https:\/\/www.facebook.com\/institut8.marec\/posts\/1199838693779701\">52.230 overjenih podpisov<\/a>. Dr\u017eavni zbor ima zdaj \u0161e \u0161est dni \u010dasa, da razpi\u0161e rok za izvedbo referenduma.<\/p>\n\n<div class=\"wp-block-image\"><figure class=\"aligncenter size-large\"><img loading=\"lazy\" decoding=\"async\" width=\"1024\" height=\"727\" src=\"https:\/\/www.greenpeace.org\/static\/planet4-slovenia-stateless\/2021\/05\/ab77902c-referendum_za-pitno-vodo-1024x727.png\" alt=\"52230 podpisov podpore za referendum!\" class=\"wp-image-4010\" srcset=\"https:\/\/www.greenpeace.org\/static\/planet4-slovenia-stateless\/2021\/05\/ab77902c-referendum_za-pitno-vodo-1024x727.png 1024w, https:\/\/www.greenpeace.org\/static\/planet4-slovenia-stateless\/2021\/05\/ab77902c-referendum_za-pitno-vodo-300x213.png 300w, https:\/\/www.greenpeace.org\/static\/planet4-slovenia-stateless\/2021\/05\/ab77902c-referendum_za-pitno-vodo-768x545.png 768w, https:\/\/www.greenpeace.org\/static\/planet4-slovenia-stateless\/2021\/05\/ab77902c-referendum_za-pitno-vodo-1536x1090.png 1536w, https:\/\/www.greenpeace.org\/static\/planet4-slovenia-stateless\/2021\/05\/ab77902c-referendum_za-pitno-vodo-479x340.png 479w, https:\/\/www.greenpeace.org\/static\/planet4-slovenia-stateless\/2021\/05\/ab77902c-referendum_za-pitno-vodo.png 1747w\" sizes=\"auto, (max-width: 1024px) 100vw, 1024px\" \/><\/figure><\/div>\n\n<p>Naj spomnimo: Vlada Janeza Jan\u0161e je aprila v nov Zakon o vodah, prakti\u010dno mimo javne razprave in po skraj\u0161anem postopku, vklju\u010dila sporen \u010dlen, ki omogo\u010da privatizacijo obmo\u010dij ob morju, jezerih, rekah in potokih, kar bi lahko pripeljalo do omejitve prostega in brezpla\u010dnega gibanja na teh obmo\u010djih ter dodatno ogrozilo ranljive in za pitno vodo pomembne ekosisteme.&nbsp;<\/p>\n\n<p><strong>Gre le za zadnje teptanje narave v nizu stampedov \u010dez okoljsko zakonodajo trenutne Vlade.<\/strong> \u017de celo leto namre\u010d spremljamo demonta\u017eo okoljskih varovalk v Sloveniji \u2013 vse to v imenu \u201cgospodarskega razvoja\u201d.<\/p>\n\n<p>V preteklem mesecu pa nam je uspelo oblikovati za\u0161\u010ditno mre\u017eo borcev, ki naj bo v svarilo vsem, ki bi v prihodnje drznili interese kapitala postaviti pred ljudi in naravo.&nbsp;<\/p>\n\n<p>Ne dvomimo, da bo okolje tudi v prihodnje tar\u010da kapitalisti\u010dnih pu\u0161\u010dic, zato vas vabimo, da spremljate na\u0161e spletno mesto <a href=\"https:\/\/www.greenpeace.org\/slovenia\/vec-narave-manj-betona\/\">https:\/\/www.greenpeace.org\/slovenia\/vec-narave-manj-betona\/<\/a>, kjer vas bomo sproti obve\u0161\u010dali o aktualnih gro\u017enjah naravi ter mo\u017enostih, da jo za\u0161\u010ditite &#8211; ena izmed naslednjih bo zagotovo referendum!<\/p>\n\n<div class=\"wp-block-buttons is-layout-flex wp-block-buttons-is-layout-flex\">\n<div class=\"wp-block-button is-style-secondary\"><a class=\"wp-block-button__link\" href=\"https:\/\/www.greenpeace.org\/slovenia\/vec-narave-manj-betona\/\">Obi\u0161\u010di spletno mesto<\/a><\/div>\n<\/div>\n\n<p>Usoda vode je v na\u0161i rokah. Na referendumu glasujmo PROTI spornim spremembam Zakona o vodi.<\/p>\n\n<p>Borbeno naprej!<\/p>\n","protected":false},"excerpt":{"rendered":"<p>Gibanje za pitno vodo, ki zdru\u017euje \u0161tevilne nevladne organizacije, dru\u0161tva, civilne iniciative in posameznike, je v\u010deraj v Dr\u017eavni zbor vlo\u017eilo podpise in zahtevalo razpis referenduma.<\/p>\n","protected":false},"author":23,"featured_media":4010,"comment_status":"closed","ping_status":"open","sticky":false,"template":"","format":"standard","meta":{"ep_exclude_from_search":false,"p4_og_title":"","p4_og_description":"","p4_og_image":"","p4_og_image_id":"","p4_seo_canonical_url":"","p4_campaign_name":"not set","p4_local_project":"not set","p4_basket_name":"not set","p4_department":"","footnotes":""},"categories":[43],"tags":[26,27],"p4-page-type":[24],"class_list":["post-4008","post","type-post","status-publish","format-standard","has-post-thumbnail","hentry","category-narava","tag-aktivizem","tag-greenpeace","p4-page-type-blog"],"_links":{"self":[{"href":"https:\/\/www.greenpeace.org\/slovenia\/wp-json\/wp\/v2\/posts\/4008","targetHints":{"allow":["GET"]}}],"collection":[{"href":"https:\/\/www.greenpeace.org\/slovenia\/wp-json\/wp\/v2\/posts"}],"about":[{"href":"https:\/\/www.greenpeace.org\/slovenia\/wp-json\/wp\/v2\/types\/post"}],"author":[{"embeddable":true,"href":"https:\/\/www.greenpeace.org\/slovenia\/wp-json\/wp\/v2\/users\/23"}],"replies":[{"embeddable":true,"href":"https:\/\/www.greenpeace.org\/slovenia\/wp-json\/wp\/v2\/comments?post=4008"}],"version-history":[{"count":5,"href":"https:\/\/www.greenpeace.org\/slovenia\/wp-json\/wp\/v2\/posts\/4008\/revisions"}],"predecessor-version":[{"id":4014,"href":"https:\/\/www.greenpeace.org\/slovenia\/wp-json\/wp\/v2\/posts\/4008\/revisions\/4014"}],"wp:featuredmedia":[{"embeddable":true,"href":"https:\/\/www.greenpeace.org\/slovenia\/wp-json\/wp\/v2\/media\/4010"}],"wp:attachment":[{"href":"https:\/\/www.greenpeace.org\/slovenia\/wp-json\/wp\/v2\/media?parent=4008"}],"wp:term":[{"taxonomy":"category","embeddable":true,"href":"https:\/\/www.greenpeace.org\/slovenia\/wp-json\/wp\/v2\/categories?post=4008"},{"taxonomy":"post_tag","embeddable":true,"href":"https:\/\/www.greenpeace.org\/slovenia\/wp-json\/wp\/v2\/tags?post=4008"},{"taxonomy":"p4-page-type","embeddable":true,"href":"https:\/\/www.greenpeace.org\/slovenia\/wp-json\/wp\/v2\/p4-page-type?post=4008"}],"curies":[{"name":"wp","href":"https:\/\/api.w.org\/{rel}","templated":true}]}}