{"id":4078,"date":"2021-06-10T12:17:00","date_gmt":"2021-06-10T12:17:00","guid":{"rendered":"https:\/\/www.greenpeace.org\/slovenia\/?p=4078"},"modified":"2023-06-01T16:09:41","modified_gmt":"2023-06-01T16:09:41","slug":"pripravljeni-na-vec","status":"publish","type":"post","link":"https:\/\/www.greenpeace.org\/slovenia\/blog\/4078\/pripravljeni-na-vec\/","title":{"rendered":"Pripravljeni na ve\u010d"},"content":{"rendered":"\n<p><strong>Slova\u0161ki mladinski podnebni aktivisti: \u00bbPripravljeni smo, da naredimo ve\u010d neposrednih akcij\u00ab<\/strong><\/p>\n\n<p><em>\u00bbNajprej nas je bilo strah, nato pa smo se odlo\u010dili, da je sporo\u010dilo protesta pomembno in da to \u017eelimo storiti\u00ab<\/em>, pravi <strong>Karol\u00edna Blun\u00e1rov\u00e1<\/strong>, \u0161tudentka prvega letnika univerze na Slova\u0161kem. Karolina in dijakinja srednje \u0161ole <strong>Katar\u00edna Slov\u00e1kov\u00e1,<\/strong> sta prej\u0161njega oktobra blokirali vhod v stavbo Ministrstva za okolje v Bratislavi. Takrat njihova podnebna aktivisti\u010dna skupina \u0161e ni imela imena, za takratno prilo\u017enost so se poimenovali \u201c\u0160tudenti bez mena\u201d (\u0160tudentje brez imena), potem pa so se odlo\u010dili, da se pridru\u017eijo protestu Climate Care Uprising, ki so ga organizirale razli\u010dne podnebne skupine na Slova\u0161kem in po celotni Evropi.<\/p>\n\n<div class=\"wp-block-image caption-alignment-left\"><figure class=\"aligncenter size-large is-resized\"><img loading=\"lazy\" decoding=\"async\" src=\"https:\/\/www.greenpeace.org\/static\/planet4-slovenia-stateless\/2021\/06\/a0ef84e7-personal-archive-768x1024.jpg\" alt=\"Katarina in Karolina (osebni arhiv)\" class=\"wp-image-4079\" width=\"384\" height=\"512\" srcset=\"https:\/\/www.greenpeace.org\/static\/planet4-slovenia-stateless\/2021\/06\/a0ef84e7-personal-archive-768x1024.jpg 768w, https:\/\/www.greenpeace.org\/static\/planet4-slovenia-stateless\/2021\/06\/a0ef84e7-personal-archive-225x300.jpg 225w, https:\/\/www.greenpeace.org\/static\/planet4-slovenia-stateless\/2021\/06\/a0ef84e7-personal-archive-1152x1536.jpg 1152w, https:\/\/www.greenpeace.org\/static\/planet4-slovenia-stateless\/2021\/06\/a0ef84e7-personal-archive-1536x2048.jpg 1536w, https:\/\/www.greenpeace.org\/static\/planet4-slovenia-stateless\/2021\/06\/a0ef84e7-personal-archive-1025x1366.jpg 1025w, https:\/\/www.greenpeace.org\/static\/planet4-slovenia-stateless\/2021\/06\/a0ef84e7-personal-archive-255x340.jpg 255w, https:\/\/www.greenpeace.org\/static\/planet4-slovenia-stateless\/2021\/06\/a0ef84e7-personal-archive-scaled.jpg 1920w\" sizes=\"auto, (max-width: 384px) 100vw, 384px\" \/><figcaption>Karolina (levo) in Katarina (desno)<\/figcaption><\/figure><\/div>\n\n<p><em>\u00bbTo je bila na\u0161a prva neposredna akcija. Zanjo je vedela le moja sestra, mami sem rekla le, da tisti dan ne grem v \u0161olo. Bila sem zelo \u017eiv\u010dna, ampak \u010de lahko sodeluje skupina mater, sem sklenila, da lahko sodelujemo tudi mi\u00ab,<\/em> opi\u0161e Katar\u00edna in se navezuje na kolektiv Znepokojen\u00e9 matky (Zaskrbljene matere), ki je prav tako sodeloval na protestu.<\/p>\n\n<p>Medtem ko sta Karol\u00edna in Katar\u00edna dve uri blokirali vhod na Ministrstvo za okolje, so Greenpeace in podnebne skupnosti Zaskrbljene matere, Bod Obratu (Odlo\u010dilen trenutek) in Extinction Rebellion blokirali stavbe drugih ministrstev v mestu ter od politi\u010dnih vodij zahtevali, da problematika podnebnih sprememb postane prioriteta.<\/p>\n\n<div class=\"wp-block-image\"><figure class=\"aligncenter size-large is-resized\"><img loading=\"lazy\" decoding=\"async\" src=\"https:\/\/www.greenpeace.org\/static\/planet4-slovenia-stateless\/2021\/06\/4ae6a323-credits-jozef-forro-2-1024x683.jpg\" alt=\"\" class=\"wp-image-4085\" width=\"768\" height=\"512\" srcset=\"https:\/\/www.greenpeace.org\/static\/planet4-slovenia-stateless\/2021\/06\/4ae6a323-credits-jozef-forro-2-1024x683.jpg 1024w, https:\/\/www.greenpeace.org\/static\/planet4-slovenia-stateless\/2021\/06\/4ae6a323-credits-jozef-forro-2-300x200.jpg 300w, https:\/\/www.greenpeace.org\/static\/planet4-slovenia-stateless\/2021\/06\/4ae6a323-credits-jozef-forro-2-768x512.jpg 768w, https:\/\/www.greenpeace.org\/static\/planet4-slovenia-stateless\/2021\/06\/4ae6a323-credits-jozef-forro-2-1536x1024.jpg 1536w, https:\/\/www.greenpeace.org\/static\/planet4-slovenia-stateless\/2021\/06\/4ae6a323-credits-jozef-forro-2-2048x1366.jpg 2048w, https:\/\/www.greenpeace.org\/static\/planet4-slovenia-stateless\/2021\/06\/4ae6a323-credits-jozef-forro-2-510x340.jpg 510w\" sizes=\"auto, (max-width: 768px) 100vw, 768px\" \/><figcaption>Karol\u00edna in Katar\u00edna sta dve uri blokirali vhod na Ministrstvo za okolje in od vlade zahtevali glasovanje za ve\u010dje zmanj\u0161anje emisij. (Foto: Jozef Forr\u00f3)<\/figcaption><\/figure><\/div>\n\n<p>Ker se je v tistem \u010dasu Covid-19 stanje na Slova\u0161kem slab\u0161alo, na enem kraju niso zbrali veliko protestnikov, ampak so drugi \u010dlani mladinske skupine \u0160tudentje brez imena sodelovali na razli\u010dne na\u010dine, od objavljanja na dru\u017eabnih omre\u017ejih, slikanja, itd. \u010ceprav so ljudje na Ministrstvu klicali policijo, jim je le-ta, po tem, ko je videla, da niso nasilni, pustila \u0161e naprej protestirati. Na koncu niso prejeli veliko medijske pozornosti, so pa dobili termin sre\u010danja z ministrom za okolje. Celoten protest je bil organiziran pred pomembnim glasovanjem Sveta Evropske unije, da bi prosili vlado, naj glasuje za ve\u010dje zmanj\u0161anje emisij do leta 2030 od tiste predlagane s strani Evropske komisije (\u201355 %) in Evropskega parlamenta (\u201360 %).<\/p>\n\n<p><em>\u00bb\u017deleli smo izpostaviti pomembnost cilja 65 % zmanj\u0161anja emisij. \u010ceprav je minister medijem rekel, da nas podpira, je na sestanku spremenil svojo retoriko in se vrnil nazaj na cilj 55 % zmanj\u0161anja. Bili smo malce razo\u010darani, ampak ne bomo se strinjali z ni\u010dimer kar je pod 65 %\u00ab, <\/em>pravi Katar\u00edna.<\/p>\n\n<p>Podnebno gibanje na Slova\u0161kem je raznoliko in aktivno kljub pandemiji in njenim okoli\u0161\u010dinam, zaradi katerih so prilo\u017enosti za velika zbiranja okrnjene. \u0160tudentje brez imena so v tem \u010dasu dobili tudi ime \u2013 \u201cZ lav\u00edc do ul\u00edc\u201d (Od miz na ulice (dobesedno) ali \u0160tudentski kolektiv za podnebno pravi\u010dnost s Slova\u0161ke (ime, ki ga uporabljajo v mednarodnem okolju)) in nadaljujejo svoja sodelovanja z drugimi skupinami, ki so sodelovale na oktobrskem protestu za podnebje. Imajo tedenske sestanke, kjer se pogovarjajo o nadaljnjih ukrepih in si izmenjujejo ideje ter razli\u010dne poglede.<\/p>\n\n<p><em>\u00bbVedno izrabimo prilo\u017enost, da se lahko u\u010dimo od drugih. Raznolikost je za nas blagoslov\u00ab,<\/em> pravi Karol\u00edna, ki se je o podnebni tematiki za\u010dela zanimati pred tremi leti.<\/p>\n\n<div class=\"wp-block-image\"><figure class=\"aligncenter size-large is-resized\"><img loading=\"lazy\" decoding=\"async\" src=\"https:\/\/www.greenpeace.org\/static\/planet4-slovenia-stateless\/2021\/06\/4c8d2116-sk-student-1024x1024.jpg\" alt=\"\" class=\"wp-image-4081\" width=\"768\" height=\"768\" srcset=\"https:\/\/www.greenpeace.org\/static\/planet4-slovenia-stateless\/2021\/06\/4c8d2116-sk-student-1024x1024.jpg 1024w, https:\/\/www.greenpeace.org\/static\/planet4-slovenia-stateless\/2021\/06\/4c8d2116-sk-student-300x300.jpg 300w, https:\/\/www.greenpeace.org\/static\/planet4-slovenia-stateless\/2021\/06\/4c8d2116-sk-student-150x150.jpg 150w, https:\/\/www.greenpeace.org\/static\/planet4-slovenia-stateless\/2021\/06\/4c8d2116-sk-student-768x768.jpg 768w, https:\/\/www.greenpeace.org\/static\/planet4-slovenia-stateless\/2021\/06\/4c8d2116-sk-student-340x340.jpg 340w, https:\/\/www.greenpeace.org\/static\/planet4-slovenia-stateless\/2021\/06\/4c8d2116-sk-student.jpg 1080w\" sizes=\"auto, (max-width: 768px) 100vw, 768px\" \/><\/figure><\/div>\n\n<p><em>\u00bbNajprej je \u0161lo za individualne ukrepe, prenehala sem z uporabo plasti\u010dnih slamic, jedla sem manj mesa \u2026 Mislim, da ve\u010dina ljudi za\u010dne tako, ampak nimamo \u010dasa, da bi lahko spremenili svet z individualnimi ukrepi. Ugotovila sem, da moramo ustvariti sistemske spremembe. Po protestih oktobra, sem se poglobila v t.i. prese\u010dnost. Veseli me, da je na\u0161a skupina ubrala to pot\u00ab,<\/em> doda Karol\u00edna.<\/p>\n\n<p>Prese\u010dnost je temelj motivacije skupine. Do svojega boja pristopajo z mo\u010dnim razumevanjem, da podnebni problem ni zgolj problem podnebja, ampak tudi problem \u010dlovekovih pravic in da ukrepanje na podnebni problematiki pomeni tudi boj zoper neenakostim v dru\u017ebi.<\/p>\n\n<p><em>\u00bbSocialne krivice so ukoreninjene v sistem, so tisto, kar je ustvarilo podnebno krizo kot jo poznamo danes\u00ab,<\/em> trdi Katar\u00edna, ki jo je za podnebje za\u010delo skrbeti v prvem letniku srednje \u0161ole, ko je \u017ee za\u010dela pisati za \u0161olski \u010dasopis, organizirati izmenjavo obla\u010dil in podobne dogodke. Pred enim letom je spoznala Karol\u00edno in ostale ljudi iz skupine, ki jo sedaj sestavlja pribli\u017eno 10 do 15 aktivistov in podpornikov.<\/p>\n\n<p>Protest Climate Care Uprising je bil za njih odlo\u010dujo\u010dega pomena, da tudi zase poi\u0161\u010dejo ime in danes ne sodelujejo le s skupinami iz Slova\u0161ke, ampak tudi mednarodno sodelujejo s skupino Fridays for Future (Petki za prihodnost) ter drugimi mladinskimi podnebnimi skupinami in gibanji.<\/p>\n\n<p><em>\u00bbPo dejanskem protestu oktobra, smo postali resni\u010dno navdu\u0161eni in odlo\u010deni. Pripravljeni smo storiti \u0161e ve\u010d\u00ab,<\/em> za zaklju\u010dek doda Karol\u00edna.<\/p>\n\n<hr class=\"wp-block-separator\"\/>\n\n<p>\u010clanek prvotno objavljen\u00a0<a rel=\"noreferrer noopener\" href=\"https:\/\/cee.press.greenpeace.org\/slovak-youth-climate-activists\/\" target=\"_blank\">tukaj<\/a>.<\/p>\n","protected":false},"excerpt":{"rendered":"<p>Karolina in dijakinja srednje \u0161ole Katar\u00edna Slov\u00e1kov\u00e1, sta prej\u0161njega oktobra blokirali vhod v stavbo Ministrstva za okolje v Bratislavi.<\/p>\n<p>\u00bbPripravljeni smo, da naredimo ve\u010d neposrednih akcij.\u00ab<\/p>\n","protected":false},"author":23,"featured_media":4079,"comment_status":"closed","ping_status":"open","sticky":false,"template":"","format":"standard","meta":{"ep_exclude_from_search":false,"p4_og_title":"","p4_og_description":"","p4_og_image":"","p4_og_image_id":"","p4_seo_canonical_url":"","p4_campaign_name":"not set","p4_local_project":"not set","p4_basket_name":"not set","p4_department":"","footnotes":""},"categories":[45],"tags":[26],"p4-page-type":[24],"class_list":["post-4078","post","type-post","status-publish","format-standard","has-post-thumbnail","hentry","category-podnebje","tag-aktivizem","p4-page-type-blog"],"_links":{"self":[{"href":"https:\/\/www.greenpeace.org\/slovenia\/wp-json\/wp\/v2\/posts\/4078","targetHints":{"allow":["GET"]}}],"collection":[{"href":"https:\/\/www.greenpeace.org\/slovenia\/wp-json\/wp\/v2\/posts"}],"about":[{"href":"https:\/\/www.greenpeace.org\/slovenia\/wp-json\/wp\/v2\/types\/post"}],"author":[{"embeddable":true,"href":"https:\/\/www.greenpeace.org\/slovenia\/wp-json\/wp\/v2\/users\/23"}],"replies":[{"embeddable":true,"href":"https:\/\/www.greenpeace.org\/slovenia\/wp-json\/wp\/v2\/comments?post=4078"}],"version-history":[{"count":12,"href":"https:\/\/www.greenpeace.org\/slovenia\/wp-json\/wp\/v2\/posts\/4078\/revisions"}],"predecessor-version":[{"id":4095,"href":"https:\/\/www.greenpeace.org\/slovenia\/wp-json\/wp\/v2\/posts\/4078\/revisions\/4095"}],"wp:featuredmedia":[{"embeddable":true,"href":"https:\/\/www.greenpeace.org\/slovenia\/wp-json\/wp\/v2\/media\/4079"}],"wp:attachment":[{"href":"https:\/\/www.greenpeace.org\/slovenia\/wp-json\/wp\/v2\/media?parent=4078"}],"wp:term":[{"taxonomy":"category","embeddable":true,"href":"https:\/\/www.greenpeace.org\/slovenia\/wp-json\/wp\/v2\/categories?post=4078"},{"taxonomy":"post_tag","embeddable":true,"href":"https:\/\/www.greenpeace.org\/slovenia\/wp-json\/wp\/v2\/tags?post=4078"},{"taxonomy":"p4-page-type","embeddable":true,"href":"https:\/\/www.greenpeace.org\/slovenia\/wp-json\/wp\/v2\/p4-page-type?post=4078"}],"curies":[{"name":"wp","href":"https:\/\/api.w.org\/{rel}","templated":true}]}}