{"id":4156,"date":"2021-07-06T13:06:51","date_gmt":"2021-07-06T13:06:51","guid":{"rendered":"https:\/\/www.greenpeace.org\/slovenia\/?p=4156"},"modified":"2025-07-02T09:41:38","modified_gmt":"2025-07-02T07:41:38","slug":"akcija-na-bledu-zasciti-vodo-glasuj-proti","status":"publish","type":"post","link":"https:\/\/www.greenpeace.org\/slovenia\/sporocilo-za-javnost\/4156\/akcija-na-bledu-zasciti-vodo-glasuj-proti\/","title":{"rendered":"AKCIJA NA BLEDU: Za\u0161\u010diti vodo, glasuj PROTI!"},"content":{"rendered":"\n<p><strong>Sporo\u010dilo za javnost<\/strong><\/p>\n\n<p><strong>Bled, 6. julij 2021: Ob za\u010detku pred\u010dasnega glasovanja na referendumu o spornem Zakonu o vodah so aktivisti Greenpeaca<a href=\"#_ftn1\"><strong>[1]<\/strong><\/a> na Blejskem jezeru razprli velik plavajo\u010d transparent z napisom \u201cZa\u0161\u010diti vodo, glasuj proti\u201d in s tem pozvali ljudi, da se v \u010dim ve\u010djem \u0161tevilu udele\u017eijo referenduma in glasujejo PROTI \u0161kodljivemu zakonu.<\/strong><\/p>\n\n<p>Sara Kosirnik, predstavnica Greenpeace Slovenija, je ob tem dejala:<\/p>\n\n<p><em>\u00bbKer ne dovolimo betoniranja in privatizacije na\u0161ih obal. Ker obale na\u0161ih rek niso le donosna lokacija za luksuzen hotel. Ker obre\u017eja pripadajo vsem, ne glede na debelino denarnice. Ker bi se tveganje za onesna\u017eenje pitne vode pove\u010dalo. Ker moramo varovati ravnovesje vodnih ekosistemov. Ker so naravni viri \u017ee tako iz\u010drpani prek meja. Ker smo od narave \u017eivljenjsko odvisni. Ker je edina mo\u017ena pot naprej tista, ki se zaveda globalne ekolo\u0161ke krize in v sredi\u0161\u010de vseh politik postavlja varovanje naravnega sveta. Zato je potrebno glasovati PROTI \u0161kodljivemu zakonu o vodah. <\/em><em>To nedeljo lahko dose\u017eemo zgodovinsko zmago za ljudi in za ves \u017eivi svet v Sloveniji. A zmaga na referendumu je mogo\u010da le, \u010de bo 340 000 ljudi<\/em><em> oddalo glas PROTI. Zato pozivamo vse, da se v tem tednu udele\u017eijo referenduma in glasujejo PROTI. Prav vsak glas je lahko odlo\u010dilen!\u00ab<\/em><\/p>\n\n<p>Poleg <strong>splo\u0161nega glasovanja<\/strong>, ki bo v <strong>nedeljo, 11. julija<\/strong>, lahko ljudje na referendumu glasujejo lahko tudi&nbsp;<strong>pred\u010dasno<\/strong>, in sicer v: <strong>torek, 6. 7. 2021&nbsp;<\/strong><strong>(7:00-19:00),<\/strong><strong> sreda, 7. 7. 2021&nbsp;(7:00-19:00) in v \u010detrtek, 8. 7. 2021&nbsp;(7:00-19:00)<\/strong>. Pred\u010dasno se lahko glasuje samo na voli\u0161\u010du, ki je na sede\u017eu tiste volilne komisije, na obmo\u010dju katere so volilci vpisani v volilni imenik.&nbsp;Predhodna najava za glasovanje ni potrebna. Seznam vseh voli\u0161\u010d za pred\u010dasno glasovanje lahk najdete na strani <strong><u><a href=\"https:\/\/zapitnovodo.si\/kako-lahko-glasujem-na-referendumu\/#splosno-glasovanje\"><strong>zapitnovodo.si<\/strong><\/a><\/u><\/strong><strong><u>.<\/u><\/strong> Prav tako pa je v&nbsp; sredo, 7. julija, rok za prijave za glasovanje na referendumsko nedeljo izven okraja stalnega prebivali\u0161\u010da, na <strong>voli\u0161\u010du \u201cOMNIA\u201d<\/strong>.<\/p>\n\n<p>Fotografije z dogodka v ve\u010dih resolucijah so na voljo <a href=\"https:\/\/www.flickr.com\/photos\/142523172@N06\/albums\/72157719514953897\">tukaj<\/a>.<\/p>\n\n<figure class=\"wp-block-embed is-type-rich is-provider-flickr wp-block-embed-flickr\"><div class=\"wp-block-embed__wrapper\">\nhttps:\/\/www.flickr.com\/photos\/142523172@N06\/albums\/72157719514953897\n<\/div><\/figure>\n\n<p>Oglej si \u0161e video z dogodka:<\/p>\n\n<figure class=\"wp-block-embed is-type-video is-provider-youtube wp-block-embed-youtube wp-embed-aspect-16-9 wp-has-aspect-ratio\"><div class=\"wp-block-embed__wrapper\">\n<lite-youtube style=\"background-image: url('https:\/\/i.ytimg.com\/vi\/poUdNG7sIPw\/hqdefault.jpg');\" videoid=\"poUdNG7sIPw\" params=\"rel=0\"><\/lite-youtube>\n<\/div><\/figure>\n\n<p>Kontakt:<\/p>\n\n<p>Katja Hu\u0161, <a href=\"mailto:katja.hus@greenpeace.org\">katja.hus@greenpeace.org<\/a>, 040 981 621<\/p>\n\n<hr class=\"wp-block-separator\"\/>\n\n<p><a href=\"#_ftnref1\">[1]<\/a> Organizacija Greenpeace Slovenija je eden izmed uradnih organizatorjev referendum.<\/p>\n","protected":false},"excerpt":{"rendered":"<p>Ob za\u010detku pred\u010dasnega glasovanja na referendumu o spornem Zakonu o vodah so aktivisti Greenpeaca na Blejskem jezeru razprli velik plavajo\u010d transparent z napisom \u201cZa\u0161\u010diti vodo, glasuj proti\u201d in s tem pozvali ljudi, da se v \u010dim ve\u010djem \u0161tevilu udele\u017eijo referenduma in glasujejo PROTI \u0161kodljivemu zakonu.<\/p>\n","protected":false},"author":23,"featured_media":4157,"comment_status":"closed","ping_status":"open","sticky":false,"template":"","format":"standard","meta":{"ep_exclude_from_search":false,"p4_og_title":"","p4_og_description":"","p4_og_image":"","p4_og_image_id":"","p4_seo_canonical_url":"","p4_campaign_name":"not set","p4_local_project":"not set","p4_basket_name":"not set","p4_department":"","footnotes":""},"categories":[43],"tags":[26],"p4-page-type":[46],"class_list":["post-4156","post","type-post","status-publish","format-standard","has-post-thumbnail","hentry","category-narava","tag-aktivizem","p4-page-type-sporocilo-za-javnost"],"_links":{"self":[{"href":"https:\/\/www.greenpeace.org\/slovenia\/wp-json\/wp\/v2\/posts\/4156","targetHints":{"allow":["GET"]}}],"collection":[{"href":"https:\/\/www.greenpeace.org\/slovenia\/wp-json\/wp\/v2\/posts"}],"about":[{"href":"https:\/\/www.greenpeace.org\/slovenia\/wp-json\/wp\/v2\/types\/post"}],"author":[{"embeddable":true,"href":"https:\/\/www.greenpeace.org\/slovenia\/wp-json\/wp\/v2\/users\/23"}],"replies":[{"embeddable":true,"href":"https:\/\/www.greenpeace.org\/slovenia\/wp-json\/wp\/v2\/comments?post=4156"}],"version-history":[{"count":9,"href":"https:\/\/www.greenpeace.org\/slovenia\/wp-json\/wp\/v2\/posts\/4156\/revisions"}],"predecessor-version":[{"id":52821,"href":"https:\/\/www.greenpeace.org\/slovenia\/wp-json\/wp\/v2\/posts\/4156\/revisions\/52821"}],"wp:featuredmedia":[{"embeddable":true,"href":"https:\/\/www.greenpeace.org\/slovenia\/wp-json\/wp\/v2\/media\/4157"}],"wp:attachment":[{"href":"https:\/\/www.greenpeace.org\/slovenia\/wp-json\/wp\/v2\/media?parent=4156"}],"wp:term":[{"taxonomy":"category","embeddable":true,"href":"https:\/\/www.greenpeace.org\/slovenia\/wp-json\/wp\/v2\/categories?post=4156"},{"taxonomy":"post_tag","embeddable":true,"href":"https:\/\/www.greenpeace.org\/slovenia\/wp-json\/wp\/v2\/tags?post=4156"},{"taxonomy":"p4-page-type","embeddable":true,"href":"https:\/\/www.greenpeace.org\/slovenia\/wp-json\/wp\/v2\/p4-page-type?post=4156"}],"curies":[{"name":"wp","href":"https:\/\/api.w.org\/{rel}","templated":true}]}}