{"id":49054,"date":"2021-06-05T11:00:00","date_gmt":"2021-06-05T11:00:00","guid":{"rendered":"https:\/\/www.greenpeace.org\/slovenia\/?p=49054"},"modified":"2023-06-01T16:09:45","modified_gmt":"2023-06-01T16:09:45","slug":"30-stvari-ki-jih-lahko-naredite-za-zascito-planeta","status":"publish","type":"post","link":"https:\/\/www.greenpeace.org\/slovenia\/blog\/49054\/30-stvari-ki-jih-lahko-naredite-za-zascito-planeta\/","title":{"rendered":"30 stvari, ki jih lahko naredite za za\u0161\u010dito planeta"},"content":{"rendered":"\n<p><strong>5. junija obele\u017eujemo svetovni dan okolja. \u010ce tudi vas skrbijo novice o podnebnih spremembah, hitri degradaciji na\u0161ih gozdov in mno\u017ei\u010dnem izumiranju rastlinskih in \u017eivalskih vrst, si boste na ta dan morda tudi sami za\u017eeleli \u0161e bolj pomagati pri za\u0161\u010diti na\u0161ega planeta. Spodaj je seznam 30 stvari, ki jih lahko naredite, da boste lahko rekli, da ste postali pravi okoljevarstvenik!<\/strong><\/p>\n\n<h2 class=\"wp-block-heading\"><strong>1. Odrecite se plastiki za enkratno uporabo<\/strong><\/h2>\n\n<p>\u010ce berete ta prispevek, za nakupovanje verjetno \u017ee uporabljate lastno vre\u010dko za ve\u010dkratno uporabo, imate svojo steklenico za vodo in svojo pija\u010do naro\u010date brez slamice. Vsak tak posamezen ukrep je zelo pomemben, vendar pa imamo brez odgovornih odlo\u010ditev podjetij in stroge zakonodaje le malo mo\u017enosti, da se re\u0161imo te\u017eav s plastiko. Skupaj smo \u017ee uspeli dose\u010di \u0161tevilne omejitve. Zdaj pa je \u010das, da se osredoto\u010dimo \u0161e na preostalo plastiko za enkratno uporabo, ki vse bolj onesna\u017euje na\u0161e reke, gozdove in parke. <a href=\"https:\/\/act.greenpeace.org\/page\/22881\/petition\/1\">Pridru\u017eite se nam<\/a> pri zavezi, da bo\u0161 v svojem \u017eivljenju zmanj\u0161al_a porabo plastike za enkratno uporabo ter tako poka\u017ei, da ti je mar. Z nami pa od podjetij ter politikov zahtevaj, da ukrepajo tudi oni! Zahtevaj, da najve\u010dji svetovni onesna\u017eevalci s plastiko investirajo v izdelke za ve\u010dkratno uporabo.<\/p>\n\n<div class=\"wp-block-image\"><figure class=\"aligncenter size-large\"><img loading=\"lazy\" decoding=\"async\" width=\"1024\" height=\"768\" src=\"https:\/\/www.greenpeace.org\/static\/planet4-slovenia-stateless\/2020\/07\/f491d36b-gp0stskbr-1024x768.jpg\" title=\"Zero Waste Shop Zurich, container with food, person filling container. \u00a9 Greenpeace\" alt=\"Zero Waste Shop Zurich, container with food, person filling container. \u00a9 Greenpeace\" class=\"wp-image-3275\" srcset=\"https:\/\/www.greenpeace.org\/static\/planet4-slovenia-stateless\/2020\/07\/f491d36b-gp0stskbr-1024x768.jpg 1024w, https:\/\/www.greenpeace.org\/static\/planet4-slovenia-stateless\/2020\/07\/f491d36b-gp0stskbr-300x225.jpg 300w, https:\/\/www.greenpeace.org\/static\/planet4-slovenia-stateless\/2020\/07\/f491d36b-gp0stskbr-768x576.jpg 768w, https:\/\/www.greenpeace.org\/static\/planet4-slovenia-stateless\/2020\/07\/f491d36b-gp0stskbr-453x340.jpg 453w, https:\/\/www.greenpeace.org\/static\/planet4-slovenia-stateless\/2020\/07\/f491d36b-gp0stskbr.jpg 1200w\" sizes=\"auto, (max-width: 1024px) 100vw, 1024px\" \/><figcaption><div class=\"credit icon-left\"> \u00a9 Greenpeace<\/div><\/figcaption><\/figure><\/div>\n\n<h2 class=\"wp-block-heading\"><strong>2. Po mo\u017enosti uporabljajte javni prevoz<\/strong><\/h2>\n\n<p>Predstavljajte si, kaj bi se zgodilo, \u010de bi vsi, ki trenutno uporabljajo javni prevoz, presedlali na avtomobile \u2013 ceste bi bile preobremenjene in nastal bi popoln kaos. Kako pa bi bil videti promet, \u010de bi \u0161e ve\u010d ljudi pustilo svoje avtomobile doma in namesto njih potovali z vlaki, avtobusi, podzemno \u017eeleznico in tramvaji? <a href=\"https:\/\/www.greenpeace.org\/international\/story\/24312\/the-future-of-transport-is-zero-carbon\/\">Z vidika prostora in energije je javni prevoz naju\u010dinkovitej\u0161i na\u010din za potovanje milijonov ljudi od to\u010dke A do to\u010dke B<\/a>. Poleg tega je dobro razvit prometni sistem tudi nekak\u0161no socialno varovalo za ljudi z ni\u017ejimi prihodki, saj jim ni treba kupovati in vzdr\u017eevati lastnih avtomobilov. Pri Greenpeaceu si prizadevamo za \u010dimprej\u0161nji razvoj okoljsko \u010distega in kakovostnega javnega prevoza, vendar pa lahko ta razvoj z uporabo javnega prevoza podprete \u017ee zdaj.<\/p>\n\n<div class=\"wp-block-image\"><figure class=\"aligncenter size-large\"><img loading=\"lazy\" decoding=\"async\" width=\"1024\" height=\"683\" src=\"https:\/\/www.greenpeace.org\/static\/planet4-slovenia-stateless\/2020\/09\/092478cd-gp0stpcrd-1024x683.jpg\" alt=\"\" class=\"wp-image-3371\" srcset=\"https:\/\/www.greenpeace.org\/static\/planet4-slovenia-stateless\/2020\/09\/092478cd-gp0stpcrd-1024x683.jpg 1024w, https:\/\/www.greenpeace.org\/static\/planet4-slovenia-stateless\/2020\/09\/092478cd-gp0stpcrd-300x200.jpg 300w, https:\/\/www.greenpeace.org\/static\/planet4-slovenia-stateless\/2020\/09\/092478cd-gp0stpcrd-768x512.jpg 768w, https:\/\/www.greenpeace.org\/static\/planet4-slovenia-stateless\/2020\/09\/092478cd-gp0stpcrd-1536x1024.jpg 1536w, https:\/\/www.greenpeace.org\/static\/planet4-slovenia-stateless\/2020\/09\/092478cd-gp0stpcrd-2048x1366.jpg 2048w, https:\/\/www.greenpeace.org\/static\/planet4-slovenia-stateless\/2020\/09\/092478cd-gp0stpcrd-510x340.jpg 510w\" sizes=\"auto, (max-width: 1024px) 100vw, 1024px\" \/><\/figure><\/div>\n\n<h2 class=\"wp-block-heading\"><strong>3. Kolesarite in hodite pe\u0161<\/strong><\/h2>\n\n<p>Ve\u010d kot \u010detrtino vseh izpustov toplogrednih plinov v EU povzro\u010di sektor prometa \u2013 in pri tem niti niso upo\u0161tevane emisije iz proizvodnje bencina in plinskega olja, ki poganjata avtomobilske motorje. Vozila, ki jih poganjajo motorji z notranjim izgorevanjem, onesna\u017eujejo zrak v mestih, onesna\u017een zrak \u0161kodljivo vpliva na zdravje ljudi, to pa posledi\u010dno prispeva k ve\u010dji izpostavljenosti razli\u010dnim virusom. \u010ce lahko, se namesto avtomobila odlo\u010dite za kolo, na kraj\u0161e razdalje pa se odpravite pe\u0161 ali s skirojem. \u010ce pa se \u017ee odlo\u010dite, da greste z avtom, si izberite eno izmed storitev skupne rabe avtomobilov, ki ponuja elektri\u010dna vozila.<\/p>\n\n<div class=\"wp-block-image\"><figure class=\"aligncenter size-large\"><img loading=\"lazy\" decoding=\"async\" width=\"1024\" height=\"684\" src=\"https:\/\/www.greenpeace.org\/static\/planet4-slovenia-stateless\/2021\/08\/d601922c-gp0sts03k-1024x684.jpg\" title=\"Bike &quot;Ride of Silence&quot; for Safe Urban Infrastructures in Germany. \u00a9 Carlos Fern\u00e1ndez Laser \/ Greenpeace\" alt=\"Bike &quot;Ride of Silence&quot; for Safe Urban Infrastructures in Germany. \u00a9 Carlos Fern\u00e1ndez Laser \/ Greenpeace\" class=\"wp-image-49060\" srcset=\"https:\/\/www.greenpeace.org\/static\/planet4-slovenia-stateless\/2021\/08\/d601922c-gp0sts03k-1024x684.jpg 1024w, https:\/\/www.greenpeace.org\/static\/planet4-slovenia-stateless\/2021\/08\/d601922c-gp0sts03k-300x201.jpg 300w, https:\/\/www.greenpeace.org\/static\/planet4-slovenia-stateless\/2021\/08\/d601922c-gp0sts03k-768x513.jpg 768w, https:\/\/www.greenpeace.org\/static\/planet4-slovenia-stateless\/2021\/08\/d601922c-gp0sts03k-510x340.jpg 510w, https:\/\/www.greenpeace.org\/static\/planet4-slovenia-stateless\/2021\/08\/d601922c-gp0sts03k.jpg 1200w\" sizes=\"auto, (max-width: 1024px) 100vw, 1024px\" \/><figcaption><div class=\"credit icon-left\"> \u00a9 Carlos Fern\u00e1ndez Laser \/ Greenpeace<\/div><\/figcaption><\/figure><\/div>\n\n<h2 class=\"wp-block-heading\"><strong>4.&nbsp;\u010ce potujete, po\u010dnite to na trajnosten na\u010din<\/strong><\/h2>\n\n<p>Pred potovanjem preverite, ali obstaja \u0161e kak\u0161na druga mo\u017enost razen avtomobila ali letala. \u010ce le lahko, se raje odlo\u010dite za vlak kot za letalo, ob prihodu pa uporabite lokalni prevoz, kolo ali pa se sprehodite. S seboj imejte lastno steklenico z vodo in jo sproti polnite, namesto da vedno znova kupujete ustekleni\u010deno vodo. Na ciljni destinaciji preizkusite, kaj ponujajo zdrave restavracije s hrano rastlinskega izvora. Po mo\u017enosti izberite nastanitev, kjer spo\u0161tujejo varovanje okolja, na primer z energetsko u\u010dinkovitim poslovanjem, ponudbo zajtrkov z lokalnimi, sezonskimi in ekolo\u0161kimi sestavinami ali brez plastike za enkratno uporabo.<\/p>\n\n<h2 class=\"wp-block-heading\"><strong>5. Uporabljajte trpe\u017ene, popravljive izdelke ter od proizvajalcev zahtevajte, naj bodo njihovi izdelki tak\u0161ni<\/strong><\/h2>\n\n<p>Na nek na\u010din so v 21. stoletju plasti\u010dne vre\u010dke za enkratno uporabo in plastenke iz PET v trenutku postale simbol iz\u010drpavanja naravnih virov. Simbolizirajo ve\u010d razli\u010dnih vidikov potro\u0161ni\u0161ke dru\u017ebe: prekomerno embaliranje izdelkov, ki imajo kratek rok trajanja in hitro zastarajo, s sestavnimi deli, ki jih ni mogo\u010de izbolj\u0161ati, popraviti ali zamenjati, s \u010dimer takoj povzro\u010dijo nastajanje kupov odpadkov. Pomislite samo na mobilne telefone. \u010ce je le mogo\u010de, uporabljajte trpe\u017ene izdelke za ve\u010dkratno uporabo, ki jih je mogo\u010de popraviti, ter z e-po\u0161to in komentarji na socialnih omre\u017ejih tak\u0161ne izdelke zahtevajte tudi od podjetij.<\/p>\n\n<div class=\"wp-block-image\"><figure class=\"aligncenter size-large\"><img loading=\"lazy\" decoding=\"async\" width=\"1024\" height=\"684\" src=\"https:\/\/www.greenpeace.org\/static\/planet4-slovenia-stateless\/2021\/08\/6736152a-gp0stq7mi-1024x684.jpg\" title=\"Greenpeace Repair Cafe in Hamburg. \u00a9 Mauricio Bustamante \/ Greenpeace\" alt=\"Greenpeace Repair Cafe in Hamburg. \u00a9 Mauricio Bustamante \/ Greenpeace\" class=\"wp-image-49063\" srcset=\"https:\/\/www.greenpeace.org\/static\/planet4-slovenia-stateless\/2021\/08\/6736152a-gp0stq7mi-1024x684.jpg 1024w, https:\/\/www.greenpeace.org\/static\/planet4-slovenia-stateless\/2021\/08\/6736152a-gp0stq7mi-300x200.jpg 300w, https:\/\/www.greenpeace.org\/static\/planet4-slovenia-stateless\/2021\/08\/6736152a-gp0stq7mi-768x513.jpg 768w, https:\/\/www.greenpeace.org\/static\/planet4-slovenia-stateless\/2021\/08\/6736152a-gp0stq7mi-510x340.jpg 510w, https:\/\/www.greenpeace.org\/static\/planet4-slovenia-stateless\/2021\/08\/6736152a-gp0stq7mi.jpg 1200w\" sizes=\"auto, (max-width: 1024px) 100vw, 1024px\" \/><figcaption><div class=\"credit icon-left\"> \u00a9 Mauricio Bustamante \/ Greenpeace<\/div><\/figcaption><\/figure><\/div>\n\n<h2 class=\"wp-block-heading\"><strong>6. U\u017eivajte manj mesa<\/strong><\/h2>\n\n<p>\u010ce \u017eelite k boju proti podnebnim spremembam prispevati tudi s svojo prehrano, lahko za\u010dnete \u017ee danes. Za\u010dnite jesti manj mesa in mle\u010dnih izdelkov iz industrijskega kmetijstva in namesto tega poskusite z \u017eivili rastlinskega izvora \u2013 odlo\u010dite se za vegetarijanski hamburger namesto za mesnega iz hitre prehrane. \u010ce \u017ee jeste ali pijete izdelke \u017eivalskega izvora, poskusite poiskati tak\u0161ne, ki prihajajo od lokalne \u017eivine v prosti reji. Industrijska proizvodnja mesa je eden glavnih dejavnikov kr\u010denja gozdov na svetu. Amazonski de\u017eevni gozd sekajo predvsem zaradi pridobivanja prostora za rejo govedi ali za pridelovanje soje za \u017eivinsko krmo.<\/p>\n\n<div class=\"wp-block-image\"><figure class=\"aligncenter size-large\"><img loading=\"lazy\" decoding=\"async\" width=\"1024\" height=\"683\" src=\"https:\/\/www.greenpeace.org\/static\/planet4-slovenia-stateless\/1c7b96b6-gp0strmec-1024x683.jpg\" title=\"Family Eating Vegetarian Food at Home in Vienna. \u00a9 Mitja  Kobal \/ Greenpeace\" alt=\"Family Eating Vegetarian Food at Home in Vienna. \u00a9 Mitja  Kobal \/ Greenpeace\" class=\"wp-image-3551\"\/><figcaption><div class=\"credit icon-left\"> \u00a9 Mitja  Kobal \/ Greenpeace<\/div><\/figcaption><\/figure><\/div>\n\n<h2 class=\"wp-block-heading\"><strong>7. <\/strong><strong>U\u017eivajte ekolo\u0161ko pridelano hrano<\/strong><\/h2>\n\n<p>To, kar jeste, ne vpliva samo na va\u0161e zdravje, ampak tudi na okolje. Danes ve\u010dina na\u0161e hrane prihaja iz mno\u017ei\u010dne proizvodnje, kjer uporabljajo ne\u0161teto kemikalij in strupenih snovi ter z njimi uni\u010dujejo zdrav ekosistem tal, zmanj\u0161ujejo \u0161tevilo opra\u0161evalcev in onesna\u017eujejo vodo. Kmetijstvo velikega obsega je velik dejavnik podnebnih sprememb, kr\u010denja gozdov ter izumiranja desetin vrst organizmov. U\u017eivajte hrano, pridelano na lokalnih ekolo\u0161kih kmetijah, ki delujejo v so\u017eitju z naravo, in poskusite jesti ve\u010dinoma sezonsko sadje in zelenjavo.<\/p>\n\n<div class=\"wp-block-image\"><figure class=\"aligncenter size-large\"><img loading=\"lazy\" decoding=\"async\" width=\"1024\" height=\"684\" src=\"https:\/\/www.greenpeace.org\/static\/planet4-slovenia-stateless\/2021\/08\/ee346862-gp0stpa95-1024x684.jpg\" title=\"Ecological Farm in Slovakia. \u00a9 Tomas Halasz \/ Greenpeace\" alt=\"Ecological Farm in Slovakia. \u00a9 Tomas Halasz \/ Greenpeace\" class=\"wp-image-49065\" srcset=\"https:\/\/www.greenpeace.org\/static\/planet4-slovenia-stateless\/2021\/08\/ee346862-gp0stpa95-1024x684.jpg 1024w, https:\/\/www.greenpeace.org\/static\/planet4-slovenia-stateless\/2021\/08\/ee346862-gp0stpa95-300x200.jpg 300w, https:\/\/www.greenpeace.org\/static\/planet4-slovenia-stateless\/2021\/08\/ee346862-gp0stpa95-768x513.jpg 768w, https:\/\/www.greenpeace.org\/static\/planet4-slovenia-stateless\/2021\/08\/ee346862-gp0stpa95-510x340.jpg 510w, https:\/\/www.greenpeace.org\/static\/planet4-slovenia-stateless\/2021\/08\/ee346862-gp0stpa95.jpg 1200w\" sizes=\"auto, (max-width: 1024px) 100vw, 1024px\" \/><figcaption><div class=\"credit icon-left\"> \u00a9 Tomas Halasz \/ Greenpeace<\/div><\/figcaption><\/figure><\/div>\n\n<h2 class=\"wp-block-heading\"><strong>8. Pomagajte opra\u0161evalcem<\/strong><\/h2>\n\n<p>Za tretjino hrane, ki jo zau\u017eijemo, se moramo zahvaliti medonosnim in divjim \u010debelam ter drugim opra\u0161evalcem. Ena sama kolonija vsak dan opra\u0161i 300 milijonov cvetov. Vendar pa se z vsemi herbicidi in insekticidi po vsem svetu uporablja preve\u010d strupenih pesticidov, zaradi \u010desar \u0161tevil\u010dnost \u010debel upada s skrb vzbujajo\u010do hitrostjo. \u010ce imate vrt ali kmetijo, se izogibajte uporabi kemikalij, ki ubijajo \u010debele. Samotarskim divjim \u010debelam lahko pomagate tako, da jim postavite \u010debelje domove ali posejete rastline, ki jih imajo radi opra\u0161evalci, metulji, hro\u0161\u010di, ka\u010dji pastirji in pajki. Okoli sivke, \u017eajblja, timijana in davidovega metuljnika in podobnih rastlin v \u010dasu cvetenja kar mrgoli \u017eu\u017eelk.<\/p>\n\n<div class=\"wp-block-image\"><figure class=\"aligncenter size-large\"><img loading=\"lazy\" decoding=\"async\" width=\"1024\" height=\"683\" src=\"https:\/\/www.greenpeace.org\/static\/planet4-slovenia-stateless\/2021\/08\/697baa29-gp0stozqe-1024x683.jpg\" title=\"Bees on Blossoms in Germany. \u00a9 Axel Kirchhof \/ Greenpeace\" alt=\"Bees on Blossoms in Germany. \u00a9 Axel Kirchhof \/ Greenpeace\" class=\"wp-image-49066\" srcset=\"https:\/\/www.greenpeace.org\/static\/planet4-slovenia-stateless\/2021\/08\/697baa29-gp0stozqe-1024x683.jpg 1024w, https:\/\/www.greenpeace.org\/static\/planet4-slovenia-stateless\/2021\/08\/697baa29-gp0stozqe-300x200.jpg 300w, https:\/\/www.greenpeace.org\/static\/planet4-slovenia-stateless\/2021\/08\/697baa29-gp0stozqe-768x512.jpg 768w, https:\/\/www.greenpeace.org\/static\/planet4-slovenia-stateless\/2021\/08\/697baa29-gp0stozqe-510x340.jpg 510w, https:\/\/www.greenpeace.org\/static\/planet4-slovenia-stateless\/2021\/08\/697baa29-gp0stozqe.jpg 1200w\" sizes=\"auto, (max-width: 1024px) 100vw, 1024px\" \/><figcaption><div class=\"credit icon-left\"> \u00a9 Axel Kirchhof \/ Greenpeace<\/div><\/figcaption><\/figure><\/div>\n\n<h2 class=\"wp-block-heading\"><strong>9. Svoj vrt in kmetijske povr\u0161ine obdelujte na trajnosten na\u010din<\/strong><\/h2>\n\n<p>Tako za na\u0161e zdravje kot za planet je pomembno, da spremenimo na\u010din pridelovanja hrane in prenehamo uporabljati strupene kemikalije. V Sloveniji so odli\u010dni pogoji za ekolo\u0161ko kmetijstvo \u2013 \u010de vas ta tema zanima, <a href=\"https:\/\/www.greenpeace.org\/static\/planet4-africa-stateless\/2020\/05\/7a6b2e27-ecological-farming-how-to-guide-8.pdf\">si oglejte ta priro\u010dnik<\/a>, ki vam bo v pomo\u010d pri za\u010detku! U\u010dite se lahko tudi od ekolo\u0161kih kmetovalcev ali iz \u0161tevilnih spletnih publikacij.<\/p>\n\n<div class=\"wp-block-image\"><figure class=\"aligncenter size-large\"><img loading=\"lazy\" decoding=\"async\" width=\"1024\" height=\"768\" src=\"https:\/\/www.greenpeace.org\/static\/planet4-slovenia-stateless\/2021\/08\/9cfb72ce-gp0stp6jx-1024x768.jpg\" title=\"Owner of Casa Verde in Brazil. \u00a9 Peter Caton \/ Greenpeace\" alt=\"Owner of Casa Verde in Brazil. \u00a9 Peter Caton \/ Greenpeace\" class=\"wp-image-49067\" srcset=\"https:\/\/www.greenpeace.org\/static\/planet4-slovenia-stateless\/2021\/08\/9cfb72ce-gp0stp6jx-1024x768.jpg 1024w, https:\/\/www.greenpeace.org\/static\/planet4-slovenia-stateless\/2021\/08\/9cfb72ce-gp0stp6jx-300x225.jpg 300w, https:\/\/www.greenpeace.org\/static\/planet4-slovenia-stateless\/2021\/08\/9cfb72ce-gp0stp6jx-768x576.jpg 768w, https:\/\/www.greenpeace.org\/static\/planet4-slovenia-stateless\/2021\/08\/9cfb72ce-gp0stp6jx-453x340.jpg 453w, https:\/\/www.greenpeace.org\/static\/planet4-slovenia-stateless\/2021\/08\/9cfb72ce-gp0stp6jx.jpg 1200w\" sizes=\"auto, (max-width: 1024px) 100vw, 1024px\" \/><figcaption><div class=\"credit icon-left\"> \u00a9 Peter Caton \/ Greenpeace<\/div><\/figcaption><\/figure><\/div>\n\n<h2 class=\"wp-block-heading\"><strong>10.&nbsp;<\/strong><strong>Spoznajte in varujte naravo<\/strong><\/h2>\n\n<p>\u010ce varujemo naravo, bo tudi ta varovala nas. Vendar pa moramo najprej spoznati njene \u010dudovite ekosisteme. Veliko \u010dasa pre\u017eivite v naravi, preu\u010dujte drevesa, \u017eu\u017eelke in ptice. Ve\u010d kot se boste nau\u010dili o pogosto precej presenetljivih medsebojnih povezavah med \u017eivimi organizmi, bolj si boste \u017eeleli prepre\u010diti majhnim skupinam ljudi, da monopolizirajo ali uni\u010dijo te neprecenljive sisteme. To je izjemno pomembno tudi zato, ker izkori\u0161\u010danje narave ustvarja pogoje za pojave in \u0161irjenje oku\u017eb, kot je bolezen Covid-19. \u010ce ne bomo ni\u010desar spremenili, se ne bomo mogli izogniti vedno novim pandemijam.<\/p>\n\n<div class=\"wp-block-image\"><figure class=\"aligncenter size-large\"><img loading=\"lazy\" decoding=\"async\" width=\"1024\" height=\"684\" src=\"https:\/\/www.greenpeace.org\/static\/planet4-slovenia-stateless\/2021\/08\/0d38bbbe-gp0stqp90-1024x684.jpg\" title=\"Hiking Tour through the Spessart Mountains. \u00a9 Andreas Varnhorn \/ Greenpeace\" alt=\"Hiking Tour through the Spessart Mountains. \u00a9 Andreas Varnhorn \/ Greenpeace\" class=\"wp-image-49068\" srcset=\"https:\/\/www.greenpeace.org\/static\/planet4-slovenia-stateless\/2021\/08\/0d38bbbe-gp0stqp90-1024x684.jpg 1024w, https:\/\/www.greenpeace.org\/static\/planet4-slovenia-stateless\/2021\/08\/0d38bbbe-gp0stqp90-300x200.jpg 300w, https:\/\/www.greenpeace.org\/static\/planet4-slovenia-stateless\/2021\/08\/0d38bbbe-gp0stqp90-768x513.jpg 768w, https:\/\/www.greenpeace.org\/static\/planet4-slovenia-stateless\/2021\/08\/0d38bbbe-gp0stqp90-510x340.jpg 510w, https:\/\/www.greenpeace.org\/static\/planet4-slovenia-stateless\/2021\/08\/0d38bbbe-gp0stqp90.jpg 1200w\" sizes=\"auto, (max-width: 1024px) 100vw, 1024px\" \/><figcaption><div class=\"credit icon-left\"> \u00a9 Andreas Varnhorn \/ Greenpeace<\/div><\/figcaption><\/figure><\/div>\n\n<h2 class=\"wp-block-heading\"><strong>11.&nbsp;Pozovite vlado, naj za\u0161\u010diti na\u0161e naravne vire<\/strong><\/h2>\n\n<p>Da bi bile strategije za biotsko raznovrstnost resni\u010dno u\u010dinkovite, se moramo skupaj zavzeti za za\u0161\u010dito na\u0161ega ekosistema. Lobisti\u010dne skupine, ki zgolj zaradi dobi\u010dka uni\u010dujejo na\u0161 planet, so zelo mo\u010dne, toda lahko jih pomagate ustaviti. Podprite na\u0161e peticije za zavarovanje dragocenih ekosistemov pred uni\u010devanjem z onesna\u017eevanjem ter prepre\u010dite razbijanje ekosistemov s cestami, zalivanje obre\u017eij rek in jezer z betonom, sekanje starodavnih gozdov ter uporabo ogromnih koli\u010din strupenih kemikalij v kmetijstvu.<\/p>\n\n<div class=\"wp-block-image\"><figure class=\"aligncenter size-large\"><img loading=\"lazy\" decoding=\"async\" width=\"1024\" height=\"768\" src=\"https:\/\/www.greenpeace.org\/static\/planet4-slovenia-stateless\/2021\/08\/70ce6d41-gp0stq06k-1024x768.jpg\" title=\"Tapajos Dam Group Action Day in Freiburg. \u00a9 Martin Storz \/ Greenpeace\" alt=\"Tapajos Dam Group Action Day in Freiburg. \u00a9 Martin Storz \/ Greenpeace\" class=\"wp-image-49069\" srcset=\"https:\/\/www.greenpeace.org\/static\/planet4-slovenia-stateless\/2021\/08\/70ce6d41-gp0stq06k-1024x768.jpg 1024w, https:\/\/www.greenpeace.org\/static\/planet4-slovenia-stateless\/2021\/08\/70ce6d41-gp0stq06k-300x225.jpg 300w, https:\/\/www.greenpeace.org\/static\/planet4-slovenia-stateless\/2021\/08\/70ce6d41-gp0stq06k-768x576.jpg 768w, https:\/\/www.greenpeace.org\/static\/planet4-slovenia-stateless\/2021\/08\/70ce6d41-gp0stq06k-453x340.jpg 453w, https:\/\/www.greenpeace.org\/static\/planet4-slovenia-stateless\/2021\/08\/70ce6d41-gp0stq06k.jpg 1200w\" sizes=\"auto, (max-width: 1024px) 100vw, 1024px\" \/><figcaption><div class=\"credit icon-left\"> \u00a9 Martin Storz \/ Greenpeace<\/div><\/figcaption><\/figure><\/div>\n\n<h2 class=\"wp-block-heading\"><strong>12.&nbsp;<\/strong><strong>Pred sajenjem dreves se posvetujte s strokovnjaki<\/strong><\/h2>\n\n<p>V zadnjih letih so \u0161tevilni ljudje in skupnosti za\u010deli samostojno saditi drevesa. A dolgoro\u010dno je lahko pogozdovanje uspe\u0161no samo, \u010de je pravilno na\u010drtovano. \u010ce na\u010drtujete tovrstno akcijo, se pred tem posvetujte s strokovnjaki. Pomembno je namre\u010d, kaj, kako in kje zasadite. Smiselno je saditi vrste, ki so bodisi avtohtone na dolo\u010denem obmo\u010dju bodisi so primerne za obstoje\u010di ekosistem. Pomembno je, da se izogibamo sajenju invazivnih vrst, ki lahko s hitrim \u0161irjenjem povzro\u010dijo veliko \u0161kodo celo zdravim ekosistemom.<\/p>\n\n<div class=\"wp-block-image\"><figure class=\"aligncenter size-large\"><img loading=\"lazy\" decoding=\"async\" width=\"1024\" height=\"683\" src=\"https:\/\/www.greenpeace.org\/static\/planet4-slovenia-stateless\/2021\/08\/daed1da3-gp0stpdfg-1024x683.jpg\" title=\"Tree Planting in Russia. \u00a9 Liza  Udilova \/ Greenpeace\" alt=\"Tree Planting in Russia. \u00a9 Liza  Udilova \/ Greenpeace\" class=\"wp-image-49072\" srcset=\"https:\/\/www.greenpeace.org\/static\/planet4-slovenia-stateless\/2021\/08\/daed1da3-gp0stpdfg-1024x683.jpg 1024w, https:\/\/www.greenpeace.org\/static\/planet4-slovenia-stateless\/2021\/08\/daed1da3-gp0stpdfg-300x200.jpg 300w, https:\/\/www.greenpeace.org\/static\/planet4-slovenia-stateless\/2021\/08\/daed1da3-gp0stpdfg-768x512.jpg 768w, https:\/\/www.greenpeace.org\/static\/planet4-slovenia-stateless\/2021\/08\/daed1da3-gp0stpdfg-510x340.jpg 510w, https:\/\/www.greenpeace.org\/static\/planet4-slovenia-stateless\/2021\/08\/daed1da3-gp0stpdfg.jpg 1200w\" sizes=\"auto, (max-width: 1024px) 100vw, 1024px\" \/><figcaption><div class=\"credit icon-left\"> \u00a9 Liza  Udilova \/ Greenpeace<\/div><\/figcaption><\/figure><\/div>\n\n<h2 class=\"wp-block-heading\"><strong>13. Uporabljajte izdelke, ki niso povezani z kr\u010denjem gozdov<\/strong><\/h2>\n\n<p>Hitro \u0161irjenje kmetijstva velikega obsega \u00ad\u2013 vklju\u010dno s proizvodnjo govedine, mle\u010dnih izdelkov, soje za \u017eivinsko krmo, palmovega olja, kakava in papirja \u2013 je <a href=\"https:\/\/www.greenpeace.org\/international\/publication\/22247\/countdown-extinction-report-deforestation-commodities-soya-palm-oil\/\">odgovorno za skoraj 80 odstotkov kr\u010denja gozdov<\/a>. \u010ceprav je na obmo\u010dju Evropske unije le 4 odstotke vseh gozdov na svetu, je EU zaradi porabe izdelkov, ki so povezani s kr\u010denjem gozdov, odgovorna za ve\u010d kot 10 odstotkov deforestacije na globalni ravni. Pri nakupovanju sku\u0161ajte izbirati \u017eivila in izdelke iz lokalnih in trajnostnih virov ter izdelke brez sestavin, za katere je potrebno kr\u010denje gozdov v Amazoniji, Indoneziji, pore\u010dju Konga ali kjer koli drugje po svetu.<\/p>\n\n<h2 class=\"wp-block-heading\"><strong>14. Pridru\u017eite se prizadevanjem za za\u0161\u010dito oceanov<\/strong><\/h2>\n\n<p>Podnebne spremembe, onesna\u017eevanje s plastiko, globokomorsko rudarjenje, prekomerni ribolov \u2013 nevarnosti za na\u0161e oceane so vsak dan ve\u010dje. Vendar pa je za\u0161\u010dita oceanov klju\u010dnega pomena za na\u0161e ekosisteme in za pre\u017eivetje \u010dlove\u0161tva kot celote, saj nam zagotavljajo polovico kisika, ki ga dihamo. Dr\u017eave sveta so za\u010dela pogajanja o globalnem sporazumu o za\u0161\u010diti oceanov. \u010ce bodo uspele dose\u010di dogovor, bi bila za\u0161\u010ditena tretjina svetovnih oceanov. Na\u0161i globalni peticiji na to temo se je pridru\u017eilo \u017ee ve\u010d kot 3,5 milijona ljudi \u2013 <a href=\"https:\/\/act.greenpeace.org\/page\/42636\/petition\/1\">podprite in podpi\u0161ite jo \u0161e sami<\/a>.<\/p>\n\n<div class=\"wp-block-image\"><figure class=\"aligncenter size-large\"><img loading=\"lazy\" decoding=\"async\" width=\"1024\" height=\"662\" src=\"https:\/\/www.greenpeace.org\/static\/planet4-slovenia-stateless\/2021\/08\/73264a1b-gp0sttove-1024x662.jpg\" title=\"&quot;Protect the Oceans&quot; Message in the Sargasso Sea. \u00a9 Shane Gross \/ Greenpeace\" alt=\"&quot;Protect the Oceans&quot; Message in the Sargasso Sea. \u00a9 Shane Gross \/ Greenpeace\" class=\"wp-image-49074\" srcset=\"https:\/\/www.greenpeace.org\/static\/planet4-slovenia-stateless\/2021\/08\/73264a1b-gp0sttove-1024x662.jpg 1024w, https:\/\/www.greenpeace.org\/static\/planet4-slovenia-stateless\/2021\/08\/73264a1b-gp0sttove-300x194.jpg 300w, https:\/\/www.greenpeace.org\/static\/planet4-slovenia-stateless\/2021\/08\/73264a1b-gp0sttove-768x497.jpg 768w, https:\/\/www.greenpeace.org\/static\/planet4-slovenia-stateless\/2021\/08\/73264a1b-gp0sttove-510x330.jpg 510w, https:\/\/www.greenpeace.org\/static\/planet4-slovenia-stateless\/2021\/08\/73264a1b-gp0sttove.jpg 1200w\" sizes=\"auto, (max-width: 1024px) 100vw, 1024px\" \/><figcaption><div class=\"credit icon-left\"> \u00a9 Shane Gross \/ Greenpeace<\/div><\/figcaption><\/figure><\/div>\n\n<h2 class=\"wp-block-heading\"><strong>15.&nbsp;<\/strong><strong>Podpi\u0161ite in podprite na\u0161o peticijo o podnebni krizi<\/strong><\/h2>\n\n<p>Zaradi podnebnih sprememb se je \u0161tevilo ekstremnih vremenskih pojavov v zadnjih 50 letih pove\u010dalo. Vse pogosteje smo pri\u010de uni\u010dujo\u010dim poplavam, dolgotrajnim su\u0161am, katastrofalnim gozdnim po\u017earom in mo\u010dnim nevihtam. Ves svet mora sprejeti ukrepe za upo\u010dasnitev segrevanja. Tudi va\u0161e odlo\u010devalce na nacionalni ravni bi morali pozvati, naj imajo pri svojih odlo\u010ditvah v mislih podnebno krizo. Opozarjamo na klju\u010dna vpra\u0161anja, kot so pomen za\u0161\u010dite na\u0161ih gozdov in ekosistema ter potreba po reformi na\u0161ih transportnih sistemov in spremembi na\u0161ih potro\u0161ni\u0161kih vzorcev. \u010ce nas bo spremembe zahtevalo veliko, oblikovalci politik ne bodo imeli druge izbire, kot da ukrepajo. <a href=\"https:\/\/www.podnebnakriza.si\/\">Pridru\u017ei se nam<\/a> in nam pomagaj dose\u010di ta cilj.<\/p>\n\n<h2 class=\"wp-block-heading\"><strong>16. <\/strong><strong>Pridru\u017eite se podnebnim gibanjem<\/strong><\/h2>\n\n<p>Odlo\u010devalcem lahko po\u0161ljete sporo\u010dilo na razli\u010dne na\u010dine. V tem trenutku je najpomembneje, da vidijo, da nas je veliko in da zahtevamo takoj\u0161nje in u\u010dinkovite ukrepe. \u010ce \u017eelite, se lahko pridru\u017eite podnebnim gibanjem. Na ta na\u010din se boste pridru\u017eili skupini podobno misle\u010dih ljudi, in skupaj boste lahko od politikov in podjetij zahtevali ukrepe za to, da bo na\u0161 planet \u0161e dolgo primeren za \u017eivljenje. \u010ceprav so se zaradi pandemije koronavirusa podnebni protesti ve\u010dinoma preselili na splet, je smiselno, da vseeno <a href=\"https:\/\/mzpp.si\/\">stopite v stik s temi gibanji<\/a> in se pozanimate o njihovih na\u010drtih in dogodkih ter povpra\u0161ate, kako lahko pomagate.<\/p>\n\n<h2 class=\"wp-block-heading\"><strong>17. Pri vodenju gospodinjstva mislite na okolje&nbsp;<\/strong><\/h2>\n\n<p>Z nekoliko pozornosti in nekaj preprostimi koraki lahko svoje domovanje spremenite v energetsko u\u010dinkovito. Nekaj primerov: med umivanjem zob, tu\u0161iranjem ali pomivanjem posode ne pu\u0161\u010dajte po nepotrebnem te\u010di vode. V stanovanju uporabljajte energetsko var\u010dne sijalke LED, v primeru, da zaradi nepopravljive okvare starih potrebujete nove gospodinjske aparate, pa kupite energetsko var\u010dne. Tudi \u010de nimate mo\u017enosti za toplotno izolacijo ali zamenjavo oken in vrat, \u0161e vedno lahko ravnate razumno: \u010de temperaturo v stanovanju zni\u017eate za 1 stopinjo, boste za ogrevanje porabili 6 odstotkov manj energije. Poleg tega odpadke zbirajte lo\u010deno in se pozanimajte, kaj odvre\u010di kam, da bodo va\u0161i odpadki lahko dejansko reciklirani, namesto da po nepotrebnem kon\u010dajo na odlagali\u0161\u010di ali v se\u017eigalnici.<\/p>\n\n<div class=\"wp-block-image\"><figure class=\"aligncenter size-large\"><img loading=\"lazy\" decoding=\"async\" width=\"1024\" height=\"680\" src=\"https:\/\/www.greenpeace.org\/static\/planet4-slovenia-stateless\/2021\/08\/1563fb5b-gp01jlx-1024x680.jpg\" title=\"Portrait of Sophie Hilbrand with Low Energy Light Bulb. \u00a9 Greenpeace \/ Rob Marinissen\" alt=\"Portrait of Sophie Hilbrand with Low Energy Light Bulb. \u00a9 Greenpeace \/ Rob Marinissen\" class=\"wp-image-49075\" srcset=\"https:\/\/www.greenpeace.org\/static\/planet4-slovenia-stateless\/2021\/08\/1563fb5b-gp01jlx-1024x680.jpg 1024w, https:\/\/www.greenpeace.org\/static\/planet4-slovenia-stateless\/2021\/08\/1563fb5b-gp01jlx-300x199.jpg 300w, https:\/\/www.greenpeace.org\/static\/planet4-slovenia-stateless\/2021\/08\/1563fb5b-gp01jlx-768x510.jpg 768w, https:\/\/www.greenpeace.org\/static\/planet4-slovenia-stateless\/2021\/08\/1563fb5b-gp01jlx-510x340.jpg 510w, https:\/\/www.greenpeace.org\/static\/planet4-slovenia-stateless\/2021\/08\/1563fb5b-gp01jlx.jpg 1200w\" sizes=\"auto, (max-width: 1024px) 100vw, 1024px\" \/><figcaption><div class=\"credit icon-left\"> \u00a9 Greenpeace \/ Rob Marinissen<\/div><\/figcaption><\/figure><\/div>\n\n<h2 class=\"wp-block-heading\"><strong>18. Zahtevajte \u0161irjenje obnovljive energije<\/strong><\/h2>\n\n<p>Na mednarodni ravni sta najhitreje rasto\u010da vira energije vetrna in son\u010dna energija. Potrebujemo obnovljive vire energije, saj moramo za uresni\u010denje cilja omejitve dviga globalne temperature na 1,5 stopinje Celzija, dolo\u010denega v Pari\u0161kem sporazumu, najkasneje do leta 2050 na\u0161o ekonomijo preoblikovati v oglji\u010dno nevtralno. V ta namen moramo razviti decentraliziran in prilagodljiv elektroenergetski sistem, ki bo v najve\u010dji mo\u017eni meri temeljil na obnovljivi tehnologiji in s pomo\u010djo katerega bomo ustvarili u\u010dinkovito gospodarstvo z ni\u010delnimi ali nizkimi emisijami ogljika. Pri tem lahko pomagate tako, da podpi\u0161ete na\u0161e peticije, s katerimi zahtevamo revolucijo obnovljive energije.<\/p>\n\n<div class=\"wp-block-image\"><figure class=\"aligncenter size-large\"><img loading=\"lazy\" decoding=\"async\" width=\"1024\" height=\"576\" src=\"https:\/\/www.greenpeace.org\/static\/planet4-slovenia-stateless\/2021\/08\/c019a037-gp0str5cd-1024x576.jpg\" title=\"Sunrise Action in the Center of Ljubljana, Slovenia. \u00a9 OneDrone\" alt=\"Sunrise Action in the Center of Ljubljana, Slovenia. \u00a9 OneDrone\" class=\"wp-image-49076\" srcset=\"https:\/\/www.greenpeace.org\/static\/planet4-slovenia-stateless\/2021\/08\/c019a037-gp0str5cd-1024x576.jpg 1024w, https:\/\/www.greenpeace.org\/static\/planet4-slovenia-stateless\/2021\/08\/c019a037-gp0str5cd-300x169.jpg 300w, https:\/\/www.greenpeace.org\/static\/planet4-slovenia-stateless\/2021\/08\/c019a037-gp0str5cd-768x432.jpg 768w, https:\/\/www.greenpeace.org\/static\/planet4-slovenia-stateless\/2021\/08\/c019a037-gp0str5cd-510x287.jpg 510w, https:\/\/www.greenpeace.org\/static\/planet4-slovenia-stateless\/2021\/08\/c019a037-gp0str5cd.jpg 1200w\" sizes=\"auto, (max-width: 1024px) 100vw, 1024px\" \/><figcaption>Greenpeaceovi aktivisti na Pre\u0161ernovem trgu v Ljubljani zahtevajo podporo obnovljivim virom energije. <div class=\"credit icon-left\"> \u00a9 OneDrone<\/div><\/figcaption><\/figure><\/div>\n\n<h2 class=\"wp-block-heading\"><strong>19. <\/strong><strong>Izberite finan\u010dno institucijo, ki ne vlaga v onesna\u017eujo\u010de industrijske panoge<\/strong><\/h2>\n\n<p>Mo\u017eno je, da so v va\u0161i banki za\u010deli uporabljati elektri\u010dne avtomobile in svojo stavbo opremili s son\u010dnimi kolektorji, toda ve\u010dinoma tak\u0161no \u00bbozelenjevanje\u00ab zbledi ob investicijah in posojilih banke, ki podpirajo industrijo fosilnih goriv. Banko je vredno vpra\u0161ati, s \u010dim se borijo proti podnebnim spremembam, \u010de imajo resni\u010dno zelen finan\u010dni produkt ter kako lahko zagotovijo, da ne bodo \u0161e dodatno prispevali k zaostrovanju podnebne krize.<\/p>\n\n<h2 class=\"wp-block-heading\"><strong>20.&nbsp;Zahtevajte zeleno posodobitev gospodarstva<\/strong><\/h2>\n\n<p>Pandemija koronavirusa je pokazala, kako ranljiva je na\u0161a dru\u017eba, in zdaj je jasno, da mora obnova gospodarstva po pandemiji vklju\u010devati tudi re\u0161evanje podnebne in okoljske krize, sicer se bomo morali v prihodnje soo\u010dati s \u0161e huj\u0161imi katastrofami. <a href=\"https:\/\/act.greenpeace.org\/page\/59518\/petition\/1\">Pridru\u017eite se nam pri pozivu<\/a> dr\u017eavam, naj nadgradijo ukrepe proti pandemiji, sprejmejo svojo zgodovinsko odgovornost ter javna sredstva, namenjena gospodarskemu okrevanju, namenijo za globalno obnovo za bolj zelen, bolj zdrav in pravi\u010dnej\u0161i svet.<\/p>\n\n<div class=\"wp-block-image\"><figure class=\"aligncenter size-large\"><img loading=\"lazy\" decoding=\"async\" width=\"1024\" height=\"683\" src=\"https:\/\/www.greenpeace.org\/static\/planet4-slovenia-stateless\/2021\/08\/7f643a44-gp0stu0w4-1024x683.jpg\" title=\"United for Climate Justice March in Luxembourg. \u00a9 Greenpeace \/ Anais Hector\" alt=\"United for Climate Justice March in Luxembourg. \u00a9 Greenpeace \/ Anais Hector\" class=\"wp-image-49080\" srcset=\"https:\/\/www.greenpeace.org\/static\/planet4-slovenia-stateless\/2021\/08\/7f643a44-gp0stu0w4-1024x683.jpg 1024w, https:\/\/www.greenpeace.org\/static\/planet4-slovenia-stateless\/2021\/08\/7f643a44-gp0stu0w4-300x200.jpg 300w, https:\/\/www.greenpeace.org\/static\/planet4-slovenia-stateless\/2021\/08\/7f643a44-gp0stu0w4-768x512.jpg 768w, https:\/\/www.greenpeace.org\/static\/planet4-slovenia-stateless\/2021\/08\/7f643a44-gp0stu0w4-510x340.jpg 510w, https:\/\/www.greenpeace.org\/static\/planet4-slovenia-stateless\/2021\/08\/7f643a44-gp0stu0w4.jpg 1200w\" sizes=\"auto, (max-width: 1024px) 100vw, 1024px\" \/><figcaption><div class=\"credit icon-left\"> \u00a9 Greenpeace \/ Anais Hector<\/div><\/figcaption><\/figure><\/div>\n\n<h2 class=\"wp-block-heading\"><strong>21. Pi\u0161ite podjetjem, da bodo resni\u010dno postala zelena<\/strong><\/h2>\n\n<p>Podjetja rada poka\u017eejo, kako so zamenjala plasti\u010dno embala\u017eo z reciklirano, kako so na strehe svojih pisarn namestila son\u010dne kolektorje ali kako so zmanj\u0161ala svoje emisije. Vendar pa se za atraktivno tr\u017eno fasado pogosto \u0161e naprej odvijajo \u0161kodljive prakse po starih scenarijih. Podjetja za proizvodnjo pija\u010d \u0161e naprej preplavljajo planet s plastenkami iz PET za enkratno uporabo, naftna podjetja na\u010drtujejo nove in nove vrtine, police supermarketov pa so natrpane z izdelki, katerih proizvodnja nekje na svetu povzro\u010da kr\u010denje gozdov. Kot posamezniki lahko od podjetij zahtevamo, da sprejmejo resni\u010dno ambiciozne zaveze glede trajnosti. Pokli\u010dite jih, pi\u0161ite jim ali stopite v stik z njimi po dru\u017eabnih omre\u017ejih, da bodo spoznala, kako zelo pomembna je njihovim potro\u0161nikom za\u0161\u010dita okolja.<\/p>\n\n<h2 class=\"wp-block-heading\"><strong>22.&nbsp;Podprite organizacijo, ki vam je pri srcu<\/strong><\/h2>\n\n<p>\u010ce vas zanima dolo\u010dena problematika, razmislite o tem, da z donacijo podprete kak\u0161no od organizacij, ki se ukvarja s tem. Zavedajte se, da se lahko za strokovno pomo\u010d vedno obrnete na kak\u0161no izmed nevladnih organizacij, in sodelovanje organizacij lahko pritegne pozornost javnosti glede dolo\u010denega vpra\u0161anja, pa tudi znatno pove\u010da podporo zanj. Greenpeace se od samega za\u010detka financira izklju\u010dno z donacijami posameznikov in neodvisnih fundacij. Na\u0161i redni podporniki zagotavljajo na\u0161e pre\u017eivetje in tako omogo\u010dajo na\u0161 boj za bolj zelen, bolj zdrav in pravi\u010dnej\u0161i svet. Zahvaljujemo se vam za odlo\u010ditev, da na\u0161a prizadevanja podprete z donacijo. Za ve\u010d informacij obi\u0161\u010dite na\u0161o <a href=\"https:\/\/cee.donate.greenpeace.org\/sl\/campaigns\">spletno stran<\/a>.<\/p>\n\n<h2 class=\"wp-block-heading\"><strong>23. Sodelujte pri dnevih, namenjenih okolju<\/strong><\/h2>\n\n<p>Razli\u010dni dnevi okolja so pomembni zato, ker opozarjajo na dolo\u010dena vpra\u0161anja varovanja narave in okolja, pa tudi na izzive in re\u0161itve v zvezi z njimi. Poleg tega vas lahko tak\u0161ni prazniki motivirajo za sodelovanje pri vpra\u0161anjih, kjer si \u017eelite sprememb. Tako je na primer dan brez avtomobila odli\u010dna prilo\u017enost za to, da na dru\u017ebenih omre\u017ejih delite informacije o \u010distem zraku. \u010ce si prizadevate za opustitev plastenk iz PET za enkratno uporabo, lahko izzovete prijatelje, naj se za en mesec odpovejo pija\u010dam iz plastenk. Ne pozabite: za spremembe na lokalni ravni je pogosto dovolj \u017ee ena sama oseba \u2013 zakaj ne bi bili to prav vi?<\/p>\n\n<h2 class=\"wp-block-heading\"><strong>24. Zoperstavite se uni\u010devanju okolja na lokalni ravni<\/strong><\/h2>\n\n<p>Se\u010dnja dreves, nezakonito odlaganje odpadkov, onesna\u017eevanje zraka \u2013 da bi na\u0161 planet postal bolj zelen in zdrav za \u017eivljenje, je pomembno, da se uni\u010devanju okolja upirajo ljudje po vsem svetu. \u010ce opazite degradacijo okolja, raz\u0161irite glas o tem na lokalni ravni ter vzpostavite skupnost, ki se bo s skupnimi mo\u010dmi borila za za\u0161\u010dito lokalnega okolja. Smiselno je tudi obvestiti ob\u010dino in lokalne oblasti. Za strokovno pomo\u010d se obrnite na lokalne okoljske organizacije, za obve\u0161\u010danje javnosti in medijev o dolo\u010denem vpra\u0161anju pa so koristna tudi dru\u017ebena omre\u017eja. Ni potrebno posebej poudarjati, da lahko ve\u010d hrabrih posameznikov, ki se zavzame za dolo\u010deno stvar, dela \u010dude\u017ee,<\/p>\n\n<h2 class=\"wp-block-heading\"><strong>25. <\/strong><strong>Od izvoljenih predstavnikov zahtevajte izpolnitev njihovih obljub<\/strong><\/h2>\n\n<p>\u010ce \u017eelite, da bo imela dolo\u010dena tema politi\u010dnega zastopnika ali da bodo obljube v kampanjah izpolnjene, se s pismom, po dru\u017ebenih omre\u017ejih ali osebno v \u010dasu uradnih ur obrnite na poslance evropskega in nacionalnega parlamenta. Spomnite jih na njihovo odgovornost ter jih povpra\u0161ajte, na kak\u0161ne konkretne in smiselne na\u010dine nameravajo ukrepati za prepre\u010ditev podnebne katastrofe, za \u010dist zrak, za re\u0161itev krize s plastiko, za zagotovitev zdrave hrane ali za spodbujanje obnovljive energije. Vpra\u0161anja so sama po sebi mo\u010dno orodje, \u0161e posebej, \u010de jih postavlja veliko ljudi!<\/p>\n\n<h2 class=\"wp-block-heading\"><strong>26. \u0160irite glas o tem, kako si prizadevate za za\u0161\u010dito planeta<\/strong><\/h2>\n\n<p>Po spletu kro\u017eijo \u0161tevilne navdihujo\u010de zgodbe, fotografije in videoposnetki, ki ka\u017eejo, kako lahko en sam pogumen posameznik ali skupnost s svojimi prizadevanji privede do sprememb ter uspe\u0161no re\u0161i dolo\u010deno okoljsko te\u017eavo. \u010ce ste uspeli prepre\u010diti posek drevesa, si prizadevali za nove kolesarske proge v svojem mestu ali z odstranili plasti\u010dne odpadke s priljubljene rekreacijske povr\u0161ine, tega ne zadr\u017eite zase, ampak sporo\u010dite naprej. Lahko se zgodi, da bodo prav z va\u0161o zgodbo ljudje dobili motiv, da se tudi sami zavzamejo za vpra\u0161anje, ki jim je pomembno. Svojo zgodbo lahko delite na dru\u017ebenih omre\u017ejih ali jo po\u0161ljite na <a href=\"https:\/\/storytelling.greenpeace.org\/\">spletno stran Greenpeacea za pripovedovanje zgodb<\/a>.<\/p>\n\n<h2 class=\"wp-block-heading\"><strong>27. Zmanj\u0161ajte porabo \u2013 manj je ve\u010d<\/strong><\/h2>\n\n<p>Sistem, ki temelji na iluziji neomejene rasti, na\u0161o dru\u017ebo stalno \u017eene v prekomerno potro\u0161njo, ki jo spremljata potratna raba surovin in virov ter onesna\u017eevanje. Prizadevajte si postati vse bolj ozave\u0161\u010den potro\u0161nik oziroma potro\u0161nica. Kako? Vzemimo za primer kos obla\u010dila. Preden si kupite nove kratke hla\u010de, razmislite, ali si jih morda lahko se\u0161ijete sami, ali lahko kupite rabljene, popravite stare ali jih zamenjate z nekom drugim? Lahko pa boste celo ugotovili, da jih pravzaprav sploh ne potrebujete.<\/p>\n\n<div class=\"wp-block-image\"><figure class=\"aligncenter size-large\"><img loading=\"lazy\" decoding=\"async\" width=\"1024\" height=\"683\" src=\"https:\/\/www.greenpeace.org\/static\/planet4-slovenia-stateless\/2021\/08\/d30bfc12-gp0stp3qa-1024x683.jpg\" title=\"Clothes Swapping Party in Hannover. \u00a9 Michael L\u00f6wa \/ Greenpeace\" alt=\"Clothes Swapping Party in Hannover. \u00a9 Michael L\u00f6wa \/ Greenpeace\" class=\"wp-image-49078\" srcset=\"https:\/\/www.greenpeace.org\/static\/planet4-slovenia-stateless\/2021\/08\/d30bfc12-gp0stp3qa-1024x683.jpg 1024w, https:\/\/www.greenpeace.org\/static\/planet4-slovenia-stateless\/2021\/08\/d30bfc12-gp0stp3qa-300x200.jpg 300w, https:\/\/www.greenpeace.org\/static\/planet4-slovenia-stateless\/2021\/08\/d30bfc12-gp0stp3qa-768x512.jpg 768w, https:\/\/www.greenpeace.org\/static\/planet4-slovenia-stateless\/2021\/08\/d30bfc12-gp0stp3qa-510x340.jpg 510w, https:\/\/www.greenpeace.org\/static\/planet4-slovenia-stateless\/2021\/08\/d30bfc12-gp0stp3qa.jpg 1200w\" sizes=\"auto, (max-width: 1024px) 100vw, 1024px\" \/><figcaption>Izmenjevalnica obla\u010dil<div class=\"credit icon-left\"> \u00a9 Michael L\u00f6wa \/ Greenpeace<\/div><\/figcaption><\/figure><\/div>\n\n<h2 class=\"wp-block-heading\"><strong>28. Javite se za prostovoljsko delo pri Greenpeaceu<\/strong><\/h2>\n\n<p>Na\u0161 planet potrebuje veliko vztrajnih in zavzetih ljudi, ki se zavzemajo zanj. Greenpeace poganjajo vsakdanji junaki, prav tak\u0161ni, kot ste vi. Vsakdo ima mo\u010d, voljo in potenciale, ki jih lahko uporabi za za\u0161\u010dito Zemlje. \u010ce bi tudi sami radi sodelovali v kampanjah za bolj zeleno in mirnej\u0161o prihodnost, se nam pridru\u017eite kot prostovoljec oz. prostovoljka! Pridru\u017eite se nam lahko na razli\u010dne na\u010dine, pri \u010demer ne potrebujete predhodnih znanj ali ve\u0161\u010din. Nujna je samo ena stvar: skupna predanost cilju za\u0161\u010dite na\u0161ega planeta. Ostalo bo pri\u0161lo samo po sebi. Za prostovoljsko delo se lahko prijavite <a href=\"https:\/\/greenwire-cee.greenpeace.org\/\">tukaj<\/a>.<\/p>\n\n<h2 class=\"wp-block-heading\"><strong>29. Poslu\u0161ajte poddaje o okoljskih temah<\/strong><\/h2>\n\n<p>Poddaja (angl. podcast) je zvo\u010dno ali video gradivo, ki ji na voljo na spletu. Danes je na spletu veliko poddaj, ki pokrivajo \u0161iroko paleto okoljskih tem. To je super, saj lahko dobite podrobnej\u0161e informacije o temi, ki vas zanima, ne da bi bili omejeni na dolo\u010deno lokacijo. Poddaje lahko poslu\u0161ate na poti v slu\u017ebo, na ve\u010dernem sprehodu ali med pripravljanjem ve\u010derje. Ena izmed odli\u010dnih tovrstnih oddaj je <a href=\"https:\/\/www.bbcearth.com\/\">BBC Earth<\/a> (v angle\u0161\u010dini).<\/p>\n\n<h2 class=\"wp-block-heading\"><strong>30. Naro\u010dite se na na\u0161e novice, da boste na teko\u010dem<\/strong> <\/h2>\n\n<p>\u010ce \u017eelite ostati na teko\u010dem z najpomembnej\u0161imi stvarmi, ki jih lahko storite za boj proti onesna\u017eevanju s plastiko, zdravju \u0161kodljivemu onesna\u017eevanju zraka ali za omilitev podnebnih sprememb, \u010de \u017eelite biti obve\u0161\u010deni o najnujnej\u0161ih zadevah na podro\u010dju varstva okolja, se <a href=\"https:\/\/act.greenpeace.org\/page\/24839\/subscriptions\/1\">naro\u010dite na na\u0161e spletne novice<\/a> z informacijami iz prve roke o na\u0161ih nacionalnih in mednarodnih kampanjah, dejavnostih, peticijah in dogodkih. \u010ce smo vas uspeli prepri\u010dati, se prijavite na na\u0161 novi\u010dnik. Obljubimo vam, da vas ne bomo nadlegovali z nepotrebnimi sporo\u010dili.<\/p>\n","protected":false},"excerpt":{"rendered":"<p>5. junija obele\u017eujemo svetovni dan okolja. \u010ce tudi vas skrbijo novice o podnebnih spremembah, hitri degradaciji na\u0161ih gozdov in mno\u017ei\u010dnem izumiranju rastlinskih in \u017eivalskih vrst, si boste na ta dan&hellip;<\/p>\n","protected":false},"author":23,"featured_media":3275,"comment_status":"closed","ping_status":"open","sticky":false,"template":"","format":"standard","meta":{"ep_exclude_from_search":false,"p4_og_title":"","p4_og_description":"","p4_og_image":"","p4_og_image_id":"","p4_seo_canonical_url":"","p4_campaign_name":"not set","p4_local_project":"not set","p4_basket_name":"not set","p4_department":"","footnotes":""},"categories":[42],"tags":[26,27],"p4-page-type":[],"class_list":["post-49054","post","type-post","status-publish","format-standard","has-post-thumbnail","hentry","category-prekomerna-potrosnja","tag-aktivizem","tag-greenpeace"],"_links":{"self":[{"href":"https:\/\/www.greenpeace.org\/slovenia\/wp-json\/wp\/v2\/posts\/49054","targetHints":{"allow":["GET"]}}],"collection":[{"href":"https:\/\/www.greenpeace.org\/slovenia\/wp-json\/wp\/v2\/posts"}],"about":[{"href":"https:\/\/www.greenpeace.org\/slovenia\/wp-json\/wp\/v2\/types\/post"}],"author":[{"embeddable":true,"href":"https:\/\/www.greenpeace.org\/slovenia\/wp-json\/wp\/v2\/users\/23"}],"replies":[{"embeddable":true,"href":"https:\/\/www.greenpeace.org\/slovenia\/wp-json\/wp\/v2\/comments?post=49054"}],"version-history":[{"count":12,"href":"https:\/\/www.greenpeace.org\/slovenia\/wp-json\/wp\/v2\/posts\/49054\/revisions"}],"predecessor-version":[{"id":49084,"href":"https:\/\/www.greenpeace.org\/slovenia\/wp-json\/wp\/v2\/posts\/49054\/revisions\/49084"}],"wp:featuredmedia":[{"embeddable":true,"href":"https:\/\/www.greenpeace.org\/slovenia\/wp-json\/wp\/v2\/media\/3275"}],"wp:attachment":[{"href":"https:\/\/www.greenpeace.org\/slovenia\/wp-json\/wp\/v2\/media?parent=49054"}],"wp:term":[{"taxonomy":"category","embeddable":true,"href":"https:\/\/www.greenpeace.org\/slovenia\/wp-json\/wp\/v2\/categories?post=49054"},{"taxonomy":"post_tag","embeddable":true,"href":"https:\/\/www.greenpeace.org\/slovenia\/wp-json\/wp\/v2\/tags?post=49054"},{"taxonomy":"p4-page-type","embeddable":true,"href":"https:\/\/www.greenpeace.org\/slovenia\/wp-json\/wp\/v2\/p4-page-type?post=49054"}],"curies":[{"name":"wp","href":"https:\/\/api.w.org\/{rel}","templated":true}]}}