{"id":49096,"date":"2021-09-10T10:25:58","date_gmt":"2021-09-10T10:25:58","guid":{"rendered":"https:\/\/www.greenpeace.org\/slovenia\/?p=49096"},"modified":"2023-06-01T16:09:23","modified_gmt":"2023-06-01T16:09:23","slug":"pridruzi-se-nam-na-krovu-ladje-rainbow-warrior","status":"publish","type":"post","link":"https:\/\/www.greenpeace.org\/slovenia\/blog\/49096\/pridruzi-se-nam-na-krovu-ladje-rainbow-warrior\/","title":{"rendered":"Pridru\u017ei se nam na krovu ladje Rainbow Warrior"},"content":{"rendered":"\n<p>Ob prihajajo\u010di 50. letnici na\u0161ega obstoja, smo za vas prevedli prav posebno vabilo kapitanke Greenpeaceove ladje Rainbow Warrior (Mavri\u010dni bojevnik), Hettie Geenen. \ud83d\ude42 Vabljeni na virtualni ogled ladje!<\/p>\n\n<hr class=\"wp-block-separator\"\/>\n\n<p><em>Spo\u0161tovani,<\/em><\/p>\n\n<p><em>moje ime je Hettie in sem kapitanka Greenpeaceove ladje Rainbow Warrior.<\/em><\/p>\n\n<p><strong><em>Bli\u017ea se 50. obletnica na\u0161e organizacije in na dan obletnice vas vabim na krov na\u0161e ladje.<\/em><\/strong><\/p>\n\n<p><em>Odkar je leta 1978 ladja Rainbow Warrior I prvi\u010d izplula je v ospredju boja proti uni\u010devanju okolja. Postala je ikona nenasilnega neposrednega delovanja in svetilnik upanja za milijone ljudi po vsem svetu.<\/em><\/p>\n\n<p><em>Kot veste, pa je bila 10. julija 1985 na\u0161a ladja Rainbow Warrior I privezana v Aucklandu na Novi Zelandiji in pripravljena na nenasilno soo\u010denje z jedrskimi poskusi na atolu Moruroa, ko so agentje francoskih tajnih slu\u017eb na trup ladje nastavili dve bombi. Zaradi posledic eksplozij bomb smo bili primorani prvotno ladjo Rainbow Warrior I zamenjati z novim plovilom. Rainbow Warrior II se je \u201cdo upokojitve\u201d 22 let zavzemal za zeleno in mirno prihodnost.<\/em><\/p>\n\n<p><em>Leta 2011 smo izpluli z ladjo Rainbow Warrior III &#8211; prva ladja na svetu namensko izdelana za izvajanje okoljskih kampanj, ki nadaljuje poslanstvo svojih dveh predhodnic. Ne gre za navadno jadrnico, saj je bila ladja zgrajena tako, da ustreza strogim okoljskim zahtevam. Gre za elegantno, u\u010dinkovito eko plovilo, pri katerem so vse podrobnosti izdelane v mislih trajnosti. Od barv s katerimi je pobarvana do lesa z FSC certifikatom v njenih kabinah; toplota, proizvedena iz motorja se reciklira za ogrevanje kabin, odpadna voda pa gre skozi sistem biolo\u0161ke obdelave in \u010di\u0161\u010denja odplak.<\/em><\/p>\n\n<p><strong><em>Virtualne oglede ladij si lahko ogledate v sredo, 15. septembra, na na\u0161i globalni strani <a href=\"https:\/\/www.youtube.com\/c\/greenpeace\">Youtube<\/a> ob 10.30 in na na\u0161i globalni Facebook strani ob 17. uri.<\/em><\/strong><\/p>\n\n<div class=\"wp-block-image\"><figure class=\"aligncenter size-large\"><img loading=\"lazy\" decoding=\"async\" width=\"1024\" height=\"683\" src=\"https:\/\/www.greenpeace.org\/static\/planet4-slovenia-stateless\/2021\/09\/c133c1c6-gp0stp7vi-1024x683.jpg\" title=\"The Rainbow Warrior on the Great Barrier Reef. \u00a9 Jeff Tan \/ Greenpeace\" alt=\"The Rainbow Warrior on the Great Barrier Reef. \u00a9 Jeff Tan \/ Greenpeace\" class=\"wp-image-49097\" srcset=\"https:\/\/www.greenpeace.org\/static\/planet4-slovenia-stateless\/2021\/09\/c133c1c6-gp0stp7vi-1024x683.jpg 1024w, https:\/\/www.greenpeace.org\/static\/planet4-slovenia-stateless\/2021\/09\/c133c1c6-gp0stp7vi-300x200.jpg 300w, https:\/\/www.greenpeace.org\/static\/planet4-slovenia-stateless\/2021\/09\/c133c1c6-gp0stp7vi-768x512.jpg 768w, https:\/\/www.greenpeace.org\/static\/planet4-slovenia-stateless\/2021\/09\/c133c1c6-gp0stp7vi-510x340.jpg 510w, https:\/\/www.greenpeace.org\/static\/planet4-slovenia-stateless\/2021\/09\/c133c1c6-gp0stp7vi.jpg 1200w\" sizes=\"auto, (max-width: 1024px) 100vw, 1024px\" \/><figcaption>The Rainbow Warrior (Mavri\u010dni bojevnik)<div class=\"credit icon-left\"> \u00a9 Jeff Tan \/ Greenpeace<\/div><\/figcaption><\/figure><\/div>\n\n<p><em>V zadnjem \u010dasu se je podnebna kriza pospe\u0161ila in vplivi se \u010dutijo po vsem svetu. Soo\u010damo se s te\u017ekimi izzivi in spopadamo se s strukturami oblasti, ki lahko povzro\u010dijo opusto\u0161enje okolja, \u010de se ne upremo.<\/em><\/p>\n\n<p><em>Za nadaljevanje poti potrebujemo va\u0161o podporo. Vabimo vas na na\u0161 virtualni ogled Rainbow Warriorja, simbola Greenpeaceovih akcij. Na ladji boste lahko sre\u010dali posadko in na tem posebnem ogledu sli\u0161ali zgodbe zadnjih petih desetletij aktivizma.<\/em><\/p>\n\n<p><em>Kljub izzivom in te\u017eavam lahko nadaljujemo pot mirno, saj imamo podporo ljudi, kot ste vi!<\/em><\/p>\n\n<p><em>Prosim, nadaljujte svojo podporo in <a href=\"https:\/\/cee.donate.greenpeace.org\/sl\/campaigns\">razmislite o donaciji<\/a> va\u0161i lokalni Greenpeace pisarni.<\/em><\/p>\n\n<p><em>Hvala!<\/em><\/p>\n\n<p>Hettie<\/p>\n\n<div class=\"wp-block-image\"><figure class=\"alignleft size-articles-medium-large is-resized\"><img loading=\"lazy\" decoding=\"async\" src=\"https:\/\/www.greenpeace.org\/static\/planet4-slovenia-stateless\/2021\/09\/414dc75a-gp03ty5-510x340.jpg\" title=\"Hettie Geenen on Rainbow Warrior. \u00a9 Karla  Gachet \/ Panos \/ Greenpeace\" alt=\"Hettie Geenen on Rainbow Warrior. \u00a9 Karla  Gachet \/ Panos \/ Greenpeace\" class=\"wp-image-49099\" width=\"510\" height=\"340\" srcset=\"https:\/\/www.greenpeace.org\/static\/planet4-slovenia-stateless\/2021\/09\/414dc75a-gp03ty5-510x340.jpg 510w, https:\/\/www.greenpeace.org\/static\/planet4-slovenia-stateless\/2021\/09\/414dc75a-gp03ty5-300x200.jpg 300w, https:\/\/www.greenpeace.org\/static\/planet4-slovenia-stateless\/2021\/09\/414dc75a-gp03ty5-1024x683.jpg 1024w, https:\/\/www.greenpeace.org\/static\/planet4-slovenia-stateless\/2021\/09\/414dc75a-gp03ty5-768x512.jpg 768w, https:\/\/www.greenpeace.org\/static\/planet4-slovenia-stateless\/2021\/09\/414dc75a-gp03ty5.jpg 1200w\" sizes=\"auto, (max-width: 510px) 100vw, 510px\" \/><figcaption>Hettie Geenen na krovu ladje Rainbow Warrior<div class=\"credit icon-left\"> \u00a9 Karla  Gachet \/ Panos \/ Greenpeace<\/div><\/figcaption><\/figure><\/div>\n","protected":false},"excerpt":{"rendered":"<p>Moje ime je Hettie in sem kapitanka Greenpeaceove ladje Rainbow Warrior.<\/p>\n<p>Bli\u017ea se 50. obletnica na\u0161e organizacije in na dan obletnice vas vabim na krov na\u0161e ladje.<\/p>\n","protected":false},"author":23,"featured_media":49097,"comment_status":"closed","ping_status":"open","sticky":false,"template":"","format":"standard","meta":{"ep_exclude_from_search":false,"p4_og_title":"","p4_og_description":"","p4_og_image":"","p4_og_image_id":"","p4_seo_canonical_url":"","p4_campaign_name":"not set","p4_local_project":"not set","p4_basket_name":"not set","p4_department":"","footnotes":""},"categories":[44],"tags":[27],"p4-page-type":[24],"class_list":["post-49096","post","type-post","status-publish","format-standard","has-post-thumbnail","hentry","category-o-nas","tag-greenpeace","p4-page-type-blog"],"_links":{"self":[{"href":"https:\/\/www.greenpeace.org\/slovenia\/wp-json\/wp\/v2\/posts\/49096","targetHints":{"allow":["GET"]}}],"collection":[{"href":"https:\/\/www.greenpeace.org\/slovenia\/wp-json\/wp\/v2\/posts"}],"about":[{"href":"https:\/\/www.greenpeace.org\/slovenia\/wp-json\/wp\/v2\/types\/post"}],"author":[{"embeddable":true,"href":"https:\/\/www.greenpeace.org\/slovenia\/wp-json\/wp\/v2\/users\/23"}],"replies":[{"embeddable":true,"href":"https:\/\/www.greenpeace.org\/slovenia\/wp-json\/wp\/v2\/comments?post=49096"}],"version-history":[{"count":11,"href":"https:\/\/www.greenpeace.org\/slovenia\/wp-json\/wp\/v2\/posts\/49096\/revisions"}],"predecessor-version":[{"id":49109,"href":"https:\/\/www.greenpeace.org\/slovenia\/wp-json\/wp\/v2\/posts\/49096\/revisions\/49109"}],"wp:featuredmedia":[{"embeddable":true,"href":"https:\/\/www.greenpeace.org\/slovenia\/wp-json\/wp\/v2\/media\/49097"}],"wp:attachment":[{"href":"https:\/\/www.greenpeace.org\/slovenia\/wp-json\/wp\/v2\/media?parent=49096"}],"wp:term":[{"taxonomy":"category","embeddable":true,"href":"https:\/\/www.greenpeace.org\/slovenia\/wp-json\/wp\/v2\/categories?post=49096"},{"taxonomy":"post_tag","embeddable":true,"href":"https:\/\/www.greenpeace.org\/slovenia\/wp-json\/wp\/v2\/tags?post=49096"},{"taxonomy":"p4-page-type","embeddable":true,"href":"https:\/\/www.greenpeace.org\/slovenia\/wp-json\/wp\/v2\/p4-page-type?post=49096"}],"curies":[{"name":"wp","href":"https:\/\/api.w.org\/{rel}","templated":true}]}}