{"id":49112,"date":"2021-09-10T12:11:39","date_gmt":"2021-09-10T12:11:39","guid":{"rendered":"https:\/\/www.greenpeace.org\/slovenia\/?p=49112"},"modified":"2025-07-02T09:41:27","modified_gmt":"2025-07-02T07:41:27","slug":"vec-kot-desetletje-boja-za-cisto-okolje-in-zeleno-prihodnost-greenpeacea-v-sloveniji","status":"publish","type":"post","link":"https:\/\/www.greenpeace.org\/slovenia\/blog\/49112\/vec-kot-desetletje-boja-za-cisto-okolje-in-zeleno-prihodnost-greenpeacea-v-sloveniji\/","title":{"rendered":"Ve\u010d kot desetletje boja za \u010disto okolje in zeleno prihodnost Greenpeacea v Sloveniji"},"content":{"rendered":"\n<p>Ob prihajajo\u010di 50. obletnici organizacije Greenpeace se spominjamo tudi \u0161tevilnih&nbsp; kampanj in dose\u017ekov, ki jih je Greenpeaceova ekipa skupaj s \u0161tevilnimi podporniki in prostovoljci dosegla v Sloveniji.<\/p>\n\n<p>V ve\u010d kot 10 letih se je nabralo kar nekaj pomembnih trenutkov, izpostavljamo pa le tiste najbolj odmevne.&nbsp;<\/p>\n\n<p>Za\u010detki Greenpeacea v Sloveniji segajo v leto <strong>2007<\/strong>. S prvimi aktivnostmi smo pri\u010deli le nekaj mesecev preden je Slovenija prevzela mesto predsedujo\u010de Svetu EU. Na\u0161 prvi projekt je bil osredoto\u010den prav na slovensko predsedovanje EU in izvajali smo ga skupaj s slovensko nevladno organizacijo <a href=\"https:\/\/www.umanotera.org\/\">Umanotera<\/a>. \u017de od za\u010detka smo del \u0161ir\u0161e regijske skupnosti Greenpeace Srednja in Vzhodna Evrope s sede\u017eem na Dunaju v Avstriji. Pri na\u0161em delu smo tako \u0161e posebej v tesnem stiku s sedmimi dr\u017eavami v na\u0161i regiji (Avstrija, Bolgarija, Hrva\u0161ka, Mad\u017earska, Poljska, Romunija in Slova\u0161ka).&nbsp;<\/p>\n\n<p>Posku\u0161amo biti aktivni na mnogih podro\u010djih, vendar pri na\u0161em delu prevladujejo problematike, povezane s <strong>podnebnimi spremembami in energetskih prehodom (tranzicijo od fosilnih k obnovljivim virom energije)<\/strong>. To sta podro\u010dji, na katerih smo bili v zadnjem desetletju najbolj proaktivni.&nbsp;<\/p>\n\n<p>Poglejmo si nekaj trenutkov iz zadnjega desetletja na\u0161ega dela.<\/p>\n\n<h3 class=\"wp-block-heading\">2011<\/h3>\n\n<p>V tem letu smo <a href=\"https:\/\/www.greenpeace.org\/slovenia\/sporocilo-za-javnost\/1279\/greenpeace-po-sloveniji-s-predvolilno-turnejo-za-cisto-energijo\/\">organizirali vseslovensko turnejo<\/a> <strong>\u00bbZa \u010disto energijo\u00ab<\/strong>, na kateri so lahko dr\u017eavljanke in dr\u017eavljani izrazili podporo \u010disti energiji za Slovenijo. Ustavljali smo se v ve\u010d krajih po celi Sloveniji, kjer smo mimoido\u010dim omogo\u010dili, da so izrazili svojo podporo obnovljivim virom energije. Glavni namen turneje je bil poslati signal na\u0161im politikom, da moramo v Sloveniji spremeniti smer na tem podro\u010dju.<\/p>\n<div data-render=\"planet4-blocks\/gallery\" data-attributes=\"{&quot;attributes&quot;:{&quot;multiple_image&quot;:&quot;49125,49130,49132&quot;,&quot;gallery_block_focus_points&quot;:&quot;{\\&quot;49125\\&quot;:\\&quot;50% 50%\\&quot;,\\&quot;49130\\&quot;:\\&quot;46% 34%\\&quot;,\\&quot;49132\\&quot;:\\&quot;50% 50%\\&quot;}&quot;,&quot;image_data&quot;:[{&quot;url&quot;:&quot;https:\\\/\\\/www.greenpeace.org\\\/static\\\/planet4-slovenia-stateless\\\/2021\\\/09\\\/d3af39e0-akcija-parlament_tanja-ristic_3.jpg&quot;,&quot;focalPoint&quot;:{&quot;x&quot;:0.5,&quot;y&quot;:0.5},&quot;id&quot;:49125},{&quot;url&quot;:&quot;https:\\\/\\\/www.greenpeace.org\\\/static\\\/planet4-slovenia-stateless\\\/2021\\\/09\\\/ba993e02-img_1631.jpg&quot;,&quot;focalPoint&quot;:{&quot;x&quot;:0.5,&quot;y&quot;:0.5},&quot;id&quot;:49130},{&quot;url&quot;:&quot;https:\\\/\\\/www.greenpeace.org\\\/static\\\/planet4-slovenia-stateless\\\/2021\\\/09\\\/4b260890-picture-215-scaled.jpg&quot;,&quot;focalPoint&quot;:{&quot;x&quot;:0.5,&quot;y&quot;:0.5},&quot;id&quot;:49132}],&quot;className&quot;:&quot;is-style-slider&quot;,&quot;gallery_block_style&quot;:0,&quot;gallery_block_title&quot;:&quot;&quot;,&quot;gallery_block_description&quot;:&quot;&quot;,&quot;images&quot;:[{&quot;image_src&quot;:&quot;https:\\\/\\\/www.greenpeace.org\\\/static\\\/planet4-slovenia-stateless\\\/2021\\\/09\\\/d3af39e0-akcija-parlament_tanja-ristic_3.jpg&quot;,&quot;image_srcset&quot;:&quot;https:\\\/\\\/www.greenpeace.org\\\/static\\\/planet4-slovenia-stateless\\\/2021\\\/09\\\/d3af39e0-akcija-parlament_tanja-ristic_3.jpg 1680w, https:\\\/\\\/www.greenpeace.org\\\/static\\\/planet4-slovenia-stateless\\\/2021\\\/09\\\/d3af39e0-akcija-parlament_tanja-ristic_3-300x200.jpg 300w, https:\\\/\\\/www.greenpeace.org\\\/static\\\/planet4-slovenia-stateless\\\/2021\\\/09\\\/d3af39e0-akcija-parlament_tanja-ristic_3-1024x683.jpg 1024w, https:\\\/\\\/www.greenpeace.org\\\/static\\\/planet4-slovenia-stateless\\\/2021\\\/09\\\/d3af39e0-akcija-parlament_tanja-ristic_3-768x512.jpg 768w, https:\\\/\\\/www.greenpeace.org\\\/static\\\/planet4-slovenia-stateless\\\/2021\\\/09\\\/d3af39e0-akcija-parlament_tanja-ristic_3-1536x1024.jpg 1536w, https:\\\/\\\/www.greenpeace.org\\\/static\\\/planet4-slovenia-stateless\\\/2021\\\/09\\\/d3af39e0-akcija-parlament_tanja-ristic_3-510x340.jpg 510w&quot;,&quot;image_sizes&quot;:false,&quot;alt_text&quot;:&quot;&quot;,&quot;caption&quot;:&quot;Aktivisti Greenpeacea so ob za\\u010detku turneje transparent razgrnili pred parlamentom in pozvali stranke na pot \\u010diste energije.&quot;,&quot;focus_image&quot;:&quot;50% 50%&quot;,&quot;credits&quot;:&quot;\\u00a9 Tanja Risti\\u010d\\\/Greenpeace&quot;},{&quot;image_src&quot;:&quot;https:\\\/\\\/www.greenpeace.org\\\/static\\\/planet4-slovenia-stateless\\\/2021\\\/09\\\/ba993e02-img_1631.jpg&quot;,&quot;image_srcset&quot;:&quot;https:\\\/\\\/www.greenpeace.org\\\/static\\\/planet4-slovenia-stateless\\\/2021\\\/09\\\/ba993e02-img_1631.jpg 1680w, https:\\\/\\\/www.greenpeace.org\\\/static\\\/planet4-slovenia-stateless\\\/2021\\\/09\\\/ba993e02-img_1631-300x200.jpg 300w, https:\\\/\\\/www.greenpeace.org\\\/static\\\/planet4-slovenia-stateless\\\/2021\\\/09\\\/ba993e02-img_1631-1024x683.jpg 1024w, https:\\\/\\\/www.greenpeace.org\\\/static\\\/planet4-slovenia-stateless\\\/2021\\\/09\\\/ba993e02-img_1631-768x512.jpg 768w, https:\\\/\\\/www.greenpeace.org\\\/static\\\/planet4-slovenia-stateless\\\/2021\\\/09\\\/ba993e02-img_1631-1536x1024.jpg 1536w, https:\\\/\\\/www.greenpeace.org\\\/static\\\/planet4-slovenia-stateless\\\/2021\\\/09\\\/ba993e02-img_1631-510x340.jpg 510w&quot;,&quot;image_sizes&quot;:false,&quot;alt_text&quot;:&quot;&quot;,&quot;caption&quot;:&quot;Predsednica dru\\u0161tva, Nina \\u0160tros, v izjavi za medije.&quot;,&quot;focus_image&quot;:&quot;46% 34%&quot;,&quot;credits&quot;:&quot;\\u00a9 Tanja Risti\\u010d\\\/Greenpeace&quot;},{&quot;image_src&quot;:&quot;https:\\\/\\\/www.greenpeace.org\\\/static\\\/planet4-slovenia-stateless\\\/2021\\\/09\\\/4b260890-picture-215-scaled.jpg&quot;,&quot;image_srcset&quot;:&quot;https:\\\/\\\/www.greenpeace.org\\\/static\\\/planet4-slovenia-stateless\\\/2021\\\/09\\\/4b260890-picture-215-scaled.jpg 2560w, https:\\\/\\\/www.greenpeace.org\\\/static\\\/planet4-slovenia-stateless\\\/2021\\\/09\\\/4b260890-picture-215-300x224.jpg 300w, https:\\\/\\\/www.greenpeace.org\\\/static\\\/planet4-slovenia-stateless\\\/2021\\\/09\\\/4b260890-picture-215-1024x765.jpg 1024w, https:\\\/\\\/www.greenpeace.org\\\/static\\\/planet4-slovenia-stateless\\\/2021\\\/09\\\/4b260890-picture-215-768x574.jpg 768w, https:\\\/\\\/www.greenpeace.org\\\/static\\\/planet4-slovenia-stateless\\\/2021\\\/09\\\/4b260890-picture-215-1536x1147.jpg 1536w, https:\\\/\\\/www.greenpeace.org\\\/static\\\/planet4-slovenia-stateless\\\/2021\\\/09\\\/4b260890-picture-215-2048x1530.jpg 2048w, https:\\\/\\\/www.greenpeace.org\\\/static\\\/planet4-slovenia-stateless\\\/2021\\\/09\\\/4b260890-picture-215-1829x1366.jpg 1829w, https:\\\/\\\/www.greenpeace.org\\\/static\\\/planet4-slovenia-stateless\\\/2021\\\/09\\\/4b260890-picture-215-455x340.jpg 455w&quot;,&quot;image_sizes&quot;:false,&quot;alt_text&quot;:&quot;&quot;,&quot;caption&quot;:&quot;Greenpeaceova turneja se je ustavila v Ljubljani, Mariboru, Kopru, Celju, Novem mestu in Kranju, kjer so mimoido\\u010di lahko izrazili svojo podporo \\u010disti energiji s fotopeticijo in podpisom na plakat.&quot;,&quot;focus_image&quot;:&quot;50% 50%&quot;,&quot;credits&quot;:&quot;\\u00a9 Greenpeace&quot;}]}}\"><\/div>\n<h3 class=\"wp-block-heading\">2012<\/h3>\n\n<p>To leto je zaznamoval predvsem danes najbolj odmeven infrastrukturni projekt&nbsp; v dr\u017eavi &#8211; gradnja premogovnega bloka TE\u0160 6. Ve\u010dino \u010dasa in energije smo usmerjali v <strong>seznanjanje odlo\u010devalcev in javnosti z mnogimi \u0161kodljivimi posledicami projekta TE\u0160 6.<\/strong> \u017de takrat je bilo kristalno jasno, da so bili kriteriji, ki so pogojevali izdajo dr\u017eavnega poro\u0161tva, za TE\u0160 6, nedosegljivi. Obenem ni bilo dvoma,&nbsp; da bo TE\u0160 6 ob zagonu ustvarjal finan\u010dno izgubo. <strong>Na\u0161e osrednje sporo\u010dilo je bilo: projekt TE\u0160 6 nikakor ne sme za\u010deti z obratovanjem!<\/strong><\/p>\n\n<p>Skupina organizacij in posameznikov, zdru\u017eenih v pobudi <strong><em>\u0160e je \u010das!<\/em><\/strong>, smo tako na <a href=\"https:\/\/www.greenpeace.org\/slovenia\/sporocilo-za-javnost\/1261\/novinarska-konferenca-se-je-cas\/\">novinarski konferenci<\/a> predstavili zaskrbljujo\u010de izsledke raziskave, ki je nastala pod okriljem Greenpeacea Slovenija: &nbsp;<a href=\"https:\/\/www.greenpeace.org\/static\/planet4-slovenia-stateless\/2019\/03\/f9673c8c-f9673c8c-poro%C4%8Dilo-kon%C4%8Dno-s-hiperlinki.pdf\">\u00bbDru\u017ebeni stro\u0161ek energije iz \u0160o\u0161tanja \u2013 posledice kurjenja lignita za zdravje ljudi in narodno gospodarstvo\u00ab<\/a> o posledicah kurjenja lignita za zdravje ljudi in dr\u017eavno gospodarstvo.<\/p>\n\n<p>Na Dr\u017eavni zbor smo preko koalicije <strong><em>Ustavimo TE\u0160 6<\/em><\/strong> naslovili <a href=\"https:\/\/www.greenpeace.org\/slovenia\/sporocilo-za-javnost\/1193\/poziv-nevladnih-organizacij-k-zaustavitvi-projekta-tes-6\/\">vrsto strokovnih dokumentov<\/a>, iz katerih je bilo zelo jasno razvidno, da se je trenutno stanje projekta dalo napovedati \u017ee takrat. Od parlamenta smo jasno zahtevali, da <a href=\"https:\/\/www.greenpeace.org\/slovenia\/sporocilo-za-javnost\/1106\/poziv-vladi-rs-in-drzavnemu-zboru-k-zaustavitvi-aktivnosti-povezanih-z-izvrsevanjem-zakona-o-porostvu-za-tes-6-zpodptes\/\">odstopi od dr\u017eavnega poro\u0161tva<\/a> za TE\u0160 6, saj niso bili izpolnjeni vsi pogoji, ki so navedeni v zakonu.<\/p>\n<div data-render=\"planet4-blocks\/gallery\" data-attributes=\"{&quot;attributes&quot;:{&quot;multiple_image&quot;:&quot;49141,49142,49144,49143&quot;,&quot;gallery_block_focus_points&quot;:&quot;{\\&quot;49141\\&quot;:\\&quot;50% 50%\\&quot;,\\&quot;49142\\&quot;:\\&quot;56% 57%\\&quot;,\\&quot;49143\\&quot;:\\&quot;44% 90%\\&quot;,\\&quot;49144\\&quot;:\\&quot;59% 60%\\&quot;}&quot;,&quot;image_data&quot;:[{&quot;url&quot;:&quot;https:\\\/\\\/www.greenpeace.org\\\/static\\\/planet4-slovenia-stateless\\\/2021\\\/09\\\/55ae263f-sejecas-press-11-scaled.jpg&quot;,&quot;focalPoint&quot;:{&quot;x&quot;:0.5,&quot;y&quot;:0.5},&quot;id&quot;:49141},{&quot;url&quot;:&quot;https:\\\/\\\/www.greenpeace.org\\\/static\\\/planet4-slovenia-stateless\\\/2021\\\/09\\\/33658866-p2210586.jpg.jpg&quot;,&quot;focalPoint&quot;:{&quot;x&quot;:&quot;0.57&quot;,&quot;y&quot;:&quot;0.58&quot;},&quot;id&quot;:49142},{&quot;url&quot;:&quot;https:\\\/\\\/www.greenpeace.org\\\/static\\\/planet4-slovenia-stateless\\\/2021\\\/09\\\/c195f9be-img_1079-scaled.jpg&quot;,&quot;focalPoint&quot;:{&quot;x&quot;:&quot;0.59&quot;,&quot;y&quot;:&quot;0.60&quot;},&quot;id&quot;:49144},{&quot;url&quot;:&quot;https:\\\/\\\/www.greenpeace.org\\\/static\\\/planet4-slovenia-stateless\\\/2021\\\/09\\\/f5c992f3-img_1112-scaled.jpg&quot;,&quot;focalPoint&quot;:{&quot;x&quot;:&quot;0.44&quot;,&quot;y&quot;:&quot;0.90&quot;},&quot;id&quot;:49143}],&quot;gallery_block_style&quot;:0,&quot;gallery_block_title&quot;:&quot;&quot;,&quot;gallery_block_description&quot;:&quot;&quot;,&quot;images&quot;:[{&quot;image_src&quot;:&quot;https:\\\/\\\/www.greenpeace.org\\\/static\\\/planet4-slovenia-stateless\\\/2021\\\/09\\\/55ae263f-sejecas-press-11-scaled.jpg&quot;,&quot;image_srcset&quot;:&quot;https:\\\/\\\/www.greenpeace.org\\\/static\\\/planet4-slovenia-stateless\\\/2021\\\/09\\\/55ae263f-sejecas-press-11-scaled.jpg 2560w, https:\\\/\\\/www.greenpeace.org\\\/static\\\/planet4-slovenia-stateless\\\/2021\\\/09\\\/55ae263f-sejecas-press-11-300x200.jpg 300w, https:\\\/\\\/www.greenpeace.org\\\/static\\\/planet4-slovenia-stateless\\\/2021\\\/09\\\/55ae263f-sejecas-press-11-1024x683.jpg 1024w, https:\\\/\\\/www.greenpeace.org\\\/static\\\/planet4-slovenia-stateless\\\/2021\\\/09\\\/55ae263f-sejecas-press-11-768x512.jpg 768w, https:\\\/\\\/www.greenpeace.org\\\/static\\\/planet4-slovenia-stateless\\\/2021\\\/09\\\/55ae263f-sejecas-press-11-1536x1024.jpg 1536w, https:\\\/\\\/www.greenpeace.org\\\/static\\\/planet4-slovenia-stateless\\\/2021\\\/09\\\/55ae263f-sejecas-press-11-2048x1366.jpg 2048w, https:\\\/\\\/www.greenpeace.org\\\/static\\\/planet4-slovenia-stateless\\\/2021\\\/09\\\/55ae263f-sejecas-press-11-510x340.jpg 510w&quot;,&quot;image_sizes&quot;:false,&quot;alt_text&quot;:&quot;&quot;,&quot;caption&quot;:&quot;Akcija pred parlamentom v \\u010dasu odlo\\u010danja o dr\\u017eavnem poro\\u0161tvu TE\\u01606. 1320 glinen\\u010dkov predstavlja \\u0161tevilo smrtnih \\u017ertev zaradi obratovanja TE\\u01606 v njegovi predvideni 40 letni dobi delovanja (33 smrti na leto). To je pokazala Greenpeaceova raziskava.&quot;,&quot;focus_image&quot;:&quot;50% 50%&quot;,&quot;credits&quot;:&quot;&quot;},{&quot;image_src&quot;:&quot;https:\\\/\\\/www.greenpeace.org\\\/static\\\/planet4-slovenia-stateless\\\/2021\\\/09\\\/33658866-p2210586.jpg.jpg&quot;,&quot;image_srcset&quot;:&quot;https:\\\/\\\/www.greenpeace.org\\\/static\\\/planet4-slovenia-stateless\\\/2021\\\/09\\\/33658866-p2210586.jpg.jpg 2560w, https:\\\/\\\/www.greenpeace.org\\\/static\\\/planet4-slovenia-stateless\\\/2021\\\/09\\\/33658866-p2210586.jpg-300x225.jpg 300w, https:\\\/\\\/www.greenpeace.org\\\/static\\\/planet4-slovenia-stateless\\\/2021\\\/09\\\/33658866-p2210586.jpg-1024x768.jpg 1024w, https:\\\/\\\/www.greenpeace.org\\\/static\\\/planet4-slovenia-stateless\\\/2021\\\/09\\\/33658866-p2210586.jpg-768x576.jpg 768w, https:\\\/\\\/www.greenpeace.org\\\/static\\\/planet4-slovenia-stateless\\\/2021\\\/09\\\/33658866-p2210586.jpg-1536x1152.jpg 1536w, https:\\\/\\\/www.greenpeace.org\\\/static\\\/planet4-slovenia-stateless\\\/2021\\\/09\\\/33658866-p2210586.jpg-2048x1536.jpg 2048w, https:\\\/\\\/www.greenpeace.org\\\/static\\\/planet4-slovenia-stateless\\\/2021\\\/09\\\/33658866-p2210586.jpg-1821x1366.jpg 1821w, https:\\\/\\\/www.greenpeace.org\\\/static\\\/planet4-slovenia-stateless\\\/2021\\\/09\\\/33658866-p2210586.jpg-453x340.jpg 453w&quot;,&quot;image_sizes&quot;:false,&quot;alt_text&quot;:&quot;&quot;,&quot;caption&quot;:&quot;Za pust tega leta smo se prav posebej na\\u0161emili.&quot;,&quot;focus_image&quot;:&quot;56% 57%&quot;,&quot;credits&quot;:&quot;&quot;},{&quot;image_src&quot;:&quot;https:\\\/\\\/www.greenpeace.org\\\/static\\\/planet4-slovenia-stateless\\\/2021\\\/09\\\/c195f9be-img_1079-scaled.jpg&quot;,&quot;image_srcset&quot;:&quot;https:\\\/\\\/www.greenpeace.org\\\/static\\\/planet4-slovenia-stateless\\\/2021\\\/09\\\/c195f9be-img_1079-scaled.jpg 2560w, https:\\\/\\\/www.greenpeace.org\\\/static\\\/planet4-slovenia-stateless\\\/2021\\\/09\\\/c195f9be-img_1079-300x200.jpg 300w, https:\\\/\\\/www.greenpeace.org\\\/static\\\/planet4-slovenia-stateless\\\/2021\\\/09\\\/c195f9be-img_1079-1024x683.jpg 1024w, https:\\\/\\\/www.greenpeace.org\\\/static\\\/planet4-slovenia-stateless\\\/2021\\\/09\\\/c195f9be-img_1079-768x512.jpg 768w, https:\\\/\\\/www.greenpeace.org\\\/static\\\/planet4-slovenia-stateless\\\/2021\\\/09\\\/c195f9be-img_1079-1536x1024.jpg 1536w, https:\\\/\\\/www.greenpeace.org\\\/static\\\/planet4-slovenia-stateless\\\/2021\\\/09\\\/c195f9be-img_1079-2048x1366.jpg 2048w, https:\\\/\\\/www.greenpeace.org\\\/static\\\/planet4-slovenia-stateless\\\/2021\\\/09\\\/c195f9be-img_1079-510x340.jpg 510w&quot;,&quot;image_sizes&quot;:false,&quot;alt_text&quot;:&quot;&quot;,&quot;caption&quot;:&quot;Pred sejo, kjer so poslanci odlo\\u010dali o dr\\u017eavnem poro\\u0161tvu za TE\\u01606, smo pripravili simbolno akcijo.&quot;,&quot;focus_image&quot;:&quot;59% 60%&quot;,&quot;credits&quot;:&quot;&quot;},{&quot;image_src&quot;:&quot;https:\\\/\\\/www.greenpeace.org\\\/static\\\/planet4-slovenia-stateless\\\/2021\\\/09\\\/f5c992f3-img_1112-scaled.jpg&quot;,&quot;image_srcset&quot;:&quot;https:\\\/\\\/www.greenpeace.org\\\/static\\\/planet4-slovenia-stateless\\\/2021\\\/09\\\/f5c992f3-img_1112-scaled.jpg 2560w, https:\\\/\\\/www.greenpeace.org\\\/static\\\/planet4-slovenia-stateless\\\/2021\\\/09\\\/f5c992f3-img_1112-300x200.jpg 300w, https:\\\/\\\/www.greenpeace.org\\\/static\\\/planet4-slovenia-stateless\\\/2021\\\/09\\\/f5c992f3-img_1112-1024x683.jpg 1024w, https:\\\/\\\/www.greenpeace.org\\\/static\\\/planet4-slovenia-stateless\\\/2021\\\/09\\\/f5c992f3-img_1112-768x512.jpg 768w, https:\\\/\\\/www.greenpeace.org\\\/static\\\/planet4-slovenia-stateless\\\/2021\\\/09\\\/f5c992f3-img_1112-1536x1024.jpg 1536w, https:\\\/\\\/www.greenpeace.org\\\/static\\\/planet4-slovenia-stateless\\\/2021\\\/09\\\/f5c992f3-img_1112-2048x1366.jpg 2048w, https:\\\/\\\/www.greenpeace.org\\\/static\\\/planet4-slovenia-stateless\\\/2021\\\/09\\\/f5c992f3-img_1112-510x340.jpg 510w&quot;,&quot;image_sizes&quot;:false,&quot;alt_text&quot;:&quot;&quot;,&quot;caption&quot;:&quot;\\&quot;Darilca\\&quot; za poslance so nosila zelo simbolno sporo\\u010dilo.&quot;,&quot;focus_image&quot;:&quot;44% 90%&quot;,&quot;credits&quot;:&quot;&quot;}]}}\"><\/div>\n<p>Na\u0161 boj za opu\u0161\u010danje premoga se je nadaljeval tudi z <a href=\"https:\/\/www.greenpeace.org\/slovenia\/sporocilo-za-javnost\/1289\/greenpeaceovi-aktivisti-pred-in-na-stavbi-hse-pozivajo-k-opustitvi-nacrtov-za-obnovo-tet\/\">opozorilno akcijo<\/a>, v kateri so Greenpeaceovi aktivisti pred stavbo sede\u017ea dru\u017ebe Holding Slovenske elektrarne (HSE) pozvali vodstvo dru\u017ebe, da naj ne potrdi na\u010drtov Termoelektrarne Trbovlje (TET). Ta je namre\u010d na\u010drtovala za proizvodnjo elektri\u010den energije uporabljati premog&nbsp; \u0161e nadaljnjih trideset let!<\/p>\n<div data-render=\"planet4-blocks\/gallery\" data-attributes=\"{&quot;attributes&quot;:{&quot;multiple_image&quot;:&quot;49139,49137,49138,49136&quot;,&quot;gallery_block_focus_points&quot;:&quot;{\\&quot;49136\\&quot;:\\&quot;46% 43%\\&quot;,\\&quot;49137\\&quot;:\\&quot;46% 35%\\&quot;,\\&quot;49138\\&quot;:\\&quot;46% 17%\\&quot;,\\&quot;49139\\&quot;:\\&quot;48% 49%\\&quot;}&quot;,&quot;image_data&quot;:[{&quot;url&quot;:&quot;https:\\\/\\\/www.greenpeace.org\\\/static\\\/planet4-slovenia-stateless\\\/2021\\\/09\\\/f5f8b732-img_4771-scaled.jpg&quot;,&quot;focalPoint&quot;:{&quot;x&quot;:&quot;0.48&quot;,&quot;y&quot;:&quot;0.49&quot;},&quot;id&quot;:49139},{&quot;url&quot;:&quot;https:\\\/\\\/www.greenpeace.org\\\/static\\\/planet4-slovenia-stateless\\\/2021\\\/09\\\/528324b7-img_4608-scaled.jpg&quot;,&quot;focalPoint&quot;:{&quot;x&quot;:&quot;0.46&quot;,&quot;y&quot;:&quot;0.35&quot;},&quot;id&quot;:49137},{&quot;url&quot;:&quot;https:\\\/\\\/www.greenpeace.org\\\/static\\\/planet4-slovenia-stateless\\\/2021\\\/09\\\/6234ddf4-img_4729-scaled.jpg&quot;,&quot;focalPoint&quot;:{&quot;x&quot;:&quot;0.46&quot;,&quot;y&quot;:&quot;0.17&quot;},&quot;id&quot;:49138},{&quot;url&quot;:&quot;https:\\\/\\\/www.greenpeace.org\\\/static\\\/planet4-slovenia-stateless\\\/2021\\\/09\\\/cc2eeca2-img_4563-scaled.jpg&quot;,&quot;focalPoint&quot;:{&quot;x&quot;:&quot;0.46&quot;,&quot;y&quot;:&quot;0.43&quot;},&quot;id&quot;:49136}],&quot;className&quot;:&quot;is-style-slider&quot;,&quot;gallery_block_style&quot;:0,&quot;gallery_block_title&quot;:&quot;&quot;,&quot;gallery_block_description&quot;:&quot;&quot;,&quot;images&quot;:[{&quot;image_src&quot;:&quot;https:\\\/\\\/www.greenpeace.org\\\/static\\\/planet4-slovenia-stateless\\\/2021\\\/09\\\/f5f8b732-img_4771-scaled.jpg&quot;,&quot;image_srcset&quot;:&quot;https:\\\/\\\/www.greenpeace.org\\\/static\\\/planet4-slovenia-stateless\\\/2021\\\/09\\\/f5f8b732-img_4771-scaled.jpg 2560w, https:\\\/\\\/www.greenpeace.org\\\/static\\\/planet4-slovenia-stateless\\\/2021\\\/09\\\/f5f8b732-img_4771-300x200.jpg 300w, https:\\\/\\\/www.greenpeace.org\\\/static\\\/planet4-slovenia-stateless\\\/2021\\\/09\\\/f5f8b732-img_4771-1024x683.jpg 1024w, https:\\\/\\\/www.greenpeace.org\\\/static\\\/planet4-slovenia-stateless\\\/2021\\\/09\\\/f5f8b732-img_4771-768x512.jpg 768w, https:\\\/\\\/www.greenpeace.org\\\/static\\\/planet4-slovenia-stateless\\\/2021\\\/09\\\/f5f8b732-img_4771-1536x1024.jpg 1536w, https:\\\/\\\/www.greenpeace.org\\\/static\\\/planet4-slovenia-stateless\\\/2021\\\/09\\\/f5f8b732-img_4771-2048x1366.jpg 2048w, https:\\\/\\\/www.greenpeace.org\\\/static\\\/planet4-slovenia-stateless\\\/2021\\\/09\\\/f5f8b732-img_4771-510x340.jpg 510w&quot;,&quot;image_sizes&quot;:false,&quot;alt_text&quot;:&quot;&quot;,&quot;caption&quot;:&quot;&quot;,&quot;focus_image&quot;:&quot;48% 49%&quot;,&quot;credits&quot;:&quot;&quot;},{&quot;image_src&quot;:&quot;https:\\\/\\\/www.greenpeace.org\\\/static\\\/planet4-slovenia-stateless\\\/2021\\\/09\\\/528324b7-img_4608-scaled.jpg&quot;,&quot;image_srcset&quot;:&quot;https:\\\/\\\/www.greenpeace.org\\\/static\\\/planet4-slovenia-stateless\\\/2021\\\/09\\\/528324b7-img_4608-scaled.jpg 2560w, https:\\\/\\\/www.greenpeace.org\\\/static\\\/planet4-slovenia-stateless\\\/2021\\\/09\\\/528324b7-img_4608-300x200.jpg 300w, https:\\\/\\\/www.greenpeace.org\\\/static\\\/planet4-slovenia-stateless\\\/2021\\\/09\\\/528324b7-img_4608-1024x683.jpg 1024w, https:\\\/\\\/www.greenpeace.org\\\/static\\\/planet4-slovenia-stateless\\\/2021\\\/09\\\/528324b7-img_4608-768x512.jpg 768w, https:\\\/\\\/www.greenpeace.org\\\/static\\\/planet4-slovenia-stateless\\\/2021\\\/09\\\/528324b7-img_4608-1536x1024.jpg 1536w, https:\\\/\\\/www.greenpeace.org\\\/static\\\/planet4-slovenia-stateless\\\/2021\\\/09\\\/528324b7-img_4608-2048x1366.jpg 2048w, https:\\\/\\\/www.greenpeace.org\\\/static\\\/planet4-slovenia-stateless\\\/2021\\\/09\\\/528324b7-img_4608-510x340.jpg 510w&quot;,&quot;image_sizes&quot;:false,&quot;alt_text&quot;:&quot;&quot;,&quot;caption&quot;:&quot;&quot;,&quot;focus_image&quot;:&quot;46% 35%&quot;,&quot;credits&quot;:&quot;&quot;},{&quot;image_src&quot;:&quot;https:\\\/\\\/www.greenpeace.org\\\/static\\\/planet4-slovenia-stateless\\\/2021\\\/09\\\/6234ddf4-img_4729-scaled.jpg&quot;,&quot;image_srcset&quot;:&quot;https:\\\/\\\/www.greenpeace.org\\\/static\\\/planet4-slovenia-stateless\\\/2021\\\/09\\\/6234ddf4-img_4729-scaled.jpg 1707w, https:\\\/\\\/www.greenpeace.org\\\/static\\\/planet4-slovenia-stateless\\\/2021\\\/09\\\/6234ddf4-img_4729-200x300.jpg 200w, https:\\\/\\\/www.greenpeace.org\\\/static\\\/planet4-slovenia-stateless\\\/2021\\\/09\\\/6234ddf4-img_4729-683x1024.jpg 683w, https:\\\/\\\/www.greenpeace.org\\\/static\\\/planet4-slovenia-stateless\\\/2021\\\/09\\\/6234ddf4-img_4729-768x1152.jpg 768w, https:\\\/\\\/www.greenpeace.org\\\/static\\\/planet4-slovenia-stateless\\\/2021\\\/09\\\/6234ddf4-img_4729-1024x1536.jpg 1024w, https:\\\/\\\/www.greenpeace.org\\\/static\\\/planet4-slovenia-stateless\\\/2021\\\/09\\\/6234ddf4-img_4729-1365x2048.jpg 1365w, https:\\\/\\\/www.greenpeace.org\\\/static\\\/planet4-slovenia-stateless\\\/2021\\\/09\\\/6234ddf4-img_4729-911x1366.jpg 911w, https:\\\/\\\/www.greenpeace.org\\\/static\\\/planet4-slovenia-stateless\\\/2021\\\/09\\\/6234ddf4-img_4729-227x340.jpg 227w&quot;,&quot;image_sizes&quot;:false,&quot;alt_text&quot;:&quot;&quot;,&quot;caption&quot;:&quot;&quot;,&quot;focus_image&quot;:&quot;46% 17%&quot;,&quot;credits&quot;:&quot;&quot;},{&quot;image_src&quot;:&quot;https:\\\/\\\/www.greenpeace.org\\\/static\\\/planet4-slovenia-stateless\\\/2021\\\/09\\\/cc2eeca2-img_4563-scaled.jpg&quot;,&quot;image_srcset&quot;:&quot;https:\\\/\\\/www.greenpeace.org\\\/static\\\/planet4-slovenia-stateless\\\/2021\\\/09\\\/cc2eeca2-img_4563-scaled.jpg 1707w, https:\\\/\\\/www.greenpeace.org\\\/static\\\/planet4-slovenia-stateless\\\/2021\\\/09\\\/cc2eeca2-img_4563-200x300.jpg 200w, https:\\\/\\\/www.greenpeace.org\\\/static\\\/planet4-slovenia-stateless\\\/2021\\\/09\\\/cc2eeca2-img_4563-683x1024.jpg 683w, https:\\\/\\\/www.greenpeace.org\\\/static\\\/planet4-slovenia-stateless\\\/2021\\\/09\\\/cc2eeca2-img_4563-768x1152.jpg 768w, https:\\\/\\\/www.greenpeace.org\\\/static\\\/planet4-slovenia-stateless\\\/2021\\\/09\\\/cc2eeca2-img_4563-1024x1536.jpg 1024w, https:\\\/\\\/www.greenpeace.org\\\/static\\\/planet4-slovenia-stateless\\\/2021\\\/09\\\/cc2eeca2-img_4563-1365x2048.jpg 1365w, https:\\\/\\\/www.greenpeace.org\\\/static\\\/planet4-slovenia-stateless\\\/2021\\\/09\\\/cc2eeca2-img_4563-911x1366.jpg 911w, https:\\\/\\\/www.greenpeace.org\\\/static\\\/planet4-slovenia-stateless\\\/2021\\\/09\\\/cc2eeca2-img_4563-227x340.jpg 227w&quot;,&quot;image_sizes&quot;:false,&quot;alt_text&quot;:&quot;&quot;,&quot;caption&quot;:&quot;&quot;,&quot;focus_image&quot;:&quot;46% 43%&quot;,&quot;credits&quot;:&quot;&quot;}]}}\"><\/div>\n<h3 class=\"wp-block-heading\">2013<\/h3>\n\n<p>Aprila se je <a href=\"https:\/\/www.greenpeace.org\/slovenia\/sporocilo-za-javnost\/1161\/podprimo-morju-prijazne-ribice\/\"><strong>prvi\u010d v Sloveniji zasidrala Greenpeaceova ladja, Arctic Sunrise.<\/strong><\/a> Ladja je plula na turneji v podporo evropskim trajnostnim ribi\u010dem. Namen turneje je bilo poslati sporo\u010dilo odlo\u010devalcem v Sloveniji in EU, da je trajnostni ribolov edini na\u010din za zagotovitev zdravih morij z obiljem rib in dolgoro\u010dno uspe\u0161no ribi\u0161tvo. Ob zaklju\u010dku turneje, ki je sovpadala z za\u010detkom zadnje faze pogajanj za reformo skupne ribi\u0161ke politike EU, je <a href=\"https:\/\/www.greenpeace.org\/slovenia\/sporocilo-za-javnost\/1152\/vec-kot-100-000-glasov-poziva-eu-k-podpori-trajnostnemu-ribolovu\/\"><strong>Greenpeace evropskim ministrom in poslancem predal ve\u010d kot 100.000 papirnatih ladjic,<\/strong>ki so jih podpisali ljudje z vse Evrope v podporo trajnostnemu ribolovu.<\/a>&nbsp;&nbsp;<\/p>\n<div data-render=\"planet4-blocks\/gallery\" data-attributes=\"{&quot;attributes&quot;:{&quot;multiple_image&quot;:&quot;49154,49157,49155,49153,49148,49149,49156,49147,49150,49152&quot;,&quot;gallery_block_focus_points&quot;:&quot;{\\&quot;49147\\&quot;:\\&quot;50% 50%\\&quot;,\\&quot;49148\\&quot;:\\&quot;50% 50%\\&quot;,\\&quot;49149\\&quot;:\\&quot;50% 50%\\&quot;,\\&quot;49150\\&quot;:\\&quot;40% 71%\\&quot;,\\&quot;49152\\&quot;:\\&quot;52% 67%\\&quot;,\\&quot;49153\\&quot;:\\&quot;50% 50%\\&quot;,\\&quot;undefined\\&quot;:\\&quot;47% 69%\\&quot;}&quot;,&quot;image_data&quot;:[{&quot;url&quot;:&quot;https:\\\/\\\/www.greenpeace.org\\\/static\\\/planet4-slovenia-stateless\\\/2021\\\/09\\\/0e594de2-34p2949.jpg&quot;,&quot;focalPoint&quot;:{&quot;x&quot;:0.5,&quot;y&quot;:0.5},&quot;id&quot;:49154},{&quot;url&quot;:&quot;https:\\\/\\\/www.greenpeace.org\\\/static\\\/planet4-slovenia-stateless\\\/2021\\\/09\\\/a2865c72-press-conference-slovenia-2697.jpg&quot;,&quot;focalPoint&quot;:{&quot;x&quot;:0.5,&quot;y&quot;:0.5},&quot;id&quot;:49157},{&quot;url&quot;:&quot;https:\\\/\\\/www.greenpeace.org\\\/static\\\/planet4-slovenia-stateless\\\/2021\\\/09\\\/ee11b7db-img_2812-scaled.jpg&quot;,&quot;focalPoint&quot;:{&quot;x&quot;:0.5,&quot;y&quot;:0.5},&quot;id&quot;:49155},{&quot;url&quot;:&quot;https:\\\/\\\/www.greenpeace.org\\\/static\\\/planet4-slovenia-stateless\\\/2021\\\/09\\\/035319af-img_2984.-scaled.jpg&quot;,&quot;focalPoint&quot;:{&quot;x&quot;:0.5,&quot;y&quot;:0.5},&quot;id&quot;:49153},{&quot;url&quot;:&quot;https:\\\/\\\/www.greenpeace.org\\\/static\\\/planet4-slovenia-stateless\\\/2021\\\/09\\\/e6ee64aa-dsc_9566-scaled.jpg&quot;,&quot;focalPoint&quot;:{&quot;x&quot;:0.5,&quot;y&quot;:0.5},&quot;id&quot;:49148},{&quot;url&quot;:&quot;https:\\\/\\\/www.greenpeace.org\\\/static\\\/planet4-slovenia-stateless\\\/2021\\\/09\\\/004cfd23-dsc_9699-scaled.jpg&quot;,&quot;focalPoint&quot;:{&quot;x&quot;:0.5,&quot;y&quot;:0.5},&quot;id&quot;:49149},{&quot;url&quot;:&quot;https:\\\/\\\/www.greenpeace.org\\\/static\\\/planet4-slovenia-stateless\\\/2021\\\/09\\\/8c0a33c0-img_2872-scaled.jpg&quot;,&quot;focalPoint&quot;:{&quot;x&quot;:0.5,&quot;y&quot;:0.5},&quot;id&quot;:49156},{&quot;url&quot;:&quot;https:\\\/\\\/www.greenpeace.org\\\/static\\\/planet4-slovenia-stateless\\\/2021\\\/09\\\/b3081271-dsc_9394-scaled.jpg&quot;,&quot;focalPoint&quot;:{&quot;x&quot;:0.5,&quot;y&quot;:0.5},&quot;id&quot;:49147},{&quot;url&quot;:&quot;https:\\\/\\\/www.greenpeace.org\\\/static\\\/planet4-slovenia-stateless\\\/2021\\\/09\\\/fd5ab606-dsc_9735-scaled.jpg&quot;,&quot;focalPoint&quot;:{&quot;x&quot;:0.5,&quot;y&quot;:0.5},&quot;id&quot;:49150},{&quot;url&quot;:&quot;https:\\\/\\\/www.greenpeace.org\\\/static\\\/planet4-slovenia-stateless\\\/2021\\\/09\\\/38fd19d3-dsc_9850-scaled.jpg&quot;,&quot;focalPoint&quot;:{&quot;x&quot;:0.5,&quot;y&quot;:0.5},&quot;id&quot;:49152}],&quot;gallery_block_style&quot;:0,&quot;gallery_block_title&quot;:&quot;&quot;,&quot;gallery_block_description&quot;:&quot;&quot;,&quot;images&quot;:[{&quot;image_src&quot;:&quot;https:\\\/\\\/www.greenpeace.org\\\/static\\\/planet4-slovenia-stateless\\\/2021\\\/09\\\/0e594de2-34p2949.jpg&quot;,&quot;image_srcset&quot;:&quot;https:\\\/\\\/www.greenpeace.org\\\/static\\\/planet4-slovenia-stateless\\\/2021\\\/09\\\/0e594de2-34p2949.jpg 2500w, https:\\\/\\\/www.greenpeace.org\\\/static\\\/planet4-slovenia-stateless\\\/2021\\\/09\\\/0e594de2-34p2949-300x200.jpg 300w, https:\\\/\\\/www.greenpeace.org\\\/static\\\/planet4-slovenia-stateless\\\/2021\\\/09\\\/0e594de2-34p2949-1024x683.jpg 1024w, https:\\\/\\\/www.greenpeace.org\\\/static\\\/planet4-slovenia-stateless\\\/2021\\\/09\\\/0e594de2-34p2949-768x512.jpg 768w, https:\\\/\\\/www.greenpeace.org\\\/static\\\/planet4-slovenia-stateless\\\/2021\\\/09\\\/0e594de2-34p2949-1536x1024.jpg 1536w, https:\\\/\\\/www.greenpeace.org\\\/static\\\/planet4-slovenia-stateless\\\/2021\\\/09\\\/0e594de2-34p2949-2048x1366.jpg 2048w, https:\\\/\\\/www.greenpeace.org\\\/static\\\/planet4-slovenia-stateless\\\/2021\\\/09\\\/0e594de2-34p2949-510x340.jpg 510w&quot;,&quot;image_sizes&quot;:false,&quot;alt_text&quot;:&quot;&quot;,&quot;caption&quot;:&quot;Novinarska konferenca na krovu ladje Arctic Sunrise.&quot;,&quot;focus_image&quot;:&quot;&quot;,&quot;credits&quot;:&quot;\\u00a9 Philip Reynaers \\\/ Greenpeace&quot;},{&quot;image_src&quot;:&quot;https:\\\/\\\/www.greenpeace.org\\\/static\\\/planet4-slovenia-stateless\\\/2021\\\/09\\\/a2865c72-press-conference-slovenia-2697.jpg&quot;,&quot;image_srcset&quot;:&quot;https:\\\/\\\/www.greenpeace.org\\\/static\\\/planet4-slovenia-stateless\\\/2021\\\/09\\\/a2865c72-press-conference-slovenia-2697.jpg 1667w, https:\\\/\\\/www.greenpeace.org\\\/static\\\/planet4-slovenia-stateless\\\/2021\\\/09\\\/a2865c72-press-conference-slovenia-2697-200x300.jpg 200w, https:\\\/\\\/www.greenpeace.org\\\/static\\\/planet4-slovenia-stateless\\\/2021\\\/09\\\/a2865c72-press-conference-slovenia-2697-683x1024.jpg 683w, https:\\\/\\\/www.greenpeace.org\\\/static\\\/planet4-slovenia-stateless\\\/2021\\\/09\\\/a2865c72-press-conference-slovenia-2697-768x1152.jpg 768w, https:\\\/\\\/www.greenpeace.org\\\/static\\\/planet4-slovenia-stateless\\\/2021\\\/09\\\/a2865c72-press-conference-slovenia-2697-1024x1536.jpg 1024w, https:\\\/\\\/www.greenpeace.org\\\/static\\\/planet4-slovenia-stateless\\\/2021\\\/09\\\/a2865c72-press-conference-slovenia-2697-1366x2048.jpg 1366w, https:\\\/\\\/www.greenpeace.org\\\/static\\\/planet4-slovenia-stateless\\\/2021\\\/09\\\/a2865c72-press-conference-slovenia-2697-911x1366.jpg 911w, https:\\\/\\\/www.greenpeace.org\\\/static\\\/planet4-slovenia-stateless\\\/2021\\\/09\\\/a2865c72-press-conference-slovenia-2697-227x340.jpg 227w&quot;,&quot;image_sizes&quot;:false,&quot;alt_text&quot;:&quot;&quot;,&quot;caption&quot;:&quot;Predstavnica Greenpeacea v Sloveniji, Nina \\u0160tros, na tiskovni konferenci.&quot;,&quot;focus_image&quot;:&quot;&quot;,&quot;credits&quot;:&quot;\\u00a9 Philip Reynaers \\\/ Greenpeace&quot;},{&quot;image_src&quot;:&quot;https:\\\/\\\/www.greenpeace.org\\\/static\\\/planet4-slovenia-stateless\\\/2021\\\/09\\\/ee11b7db-img_2812-scaled.jpg&quot;,&quot;image_srcset&quot;:&quot;https:\\\/\\\/www.greenpeace.org\\\/static\\\/planet4-slovenia-stateless\\\/2021\\\/09\\\/ee11b7db-img_2812-scaled.jpg 2560w, https:\\\/\\\/www.greenpeace.org\\\/static\\\/planet4-slovenia-stateless\\\/2021\\\/09\\\/ee11b7db-img_2812-300x200.jpg 300w, https:\\\/\\\/www.greenpeace.org\\\/static\\\/planet4-slovenia-stateless\\\/2021\\\/09\\\/ee11b7db-img_2812-1024x683.jpg 1024w, https:\\\/\\\/www.greenpeace.org\\\/static\\\/planet4-slovenia-stateless\\\/2021\\\/09\\\/ee11b7db-img_2812-768x512.jpg 768w, https:\\\/\\\/www.greenpeace.org\\\/static\\\/planet4-slovenia-stateless\\\/2021\\\/09\\\/ee11b7db-img_2812-1536x1024.jpg 1536w, https:\\\/\\\/www.greenpeace.org\\\/static\\\/planet4-slovenia-stateless\\\/2021\\\/09\\\/ee11b7db-img_2812-2048x1366.jpg 2048w, https:\\\/\\\/www.greenpeace.org\\\/static\\\/planet4-slovenia-stateless\\\/2021\\\/09\\\/ee11b7db-img_2812-510x340.jpg 510w&quot;,&quot;image_sizes&quot;:false,&quot;alt_text&quot;:&quot;&quot;,&quot;caption&quot;:&quot;Greenpeaceovi prostovoljci pred ladjo Arctic Sunrise zasidrano v Kopru.&quot;,&quot;focus_image&quot;:&quot;&quot;,&quot;credits&quot;:&quot;\\u00a9 Greenpeace&quot;},{&quot;image_src&quot;:&quot;https:\\\/\\\/www.greenpeace.org\\\/static\\\/planet4-slovenia-stateless\\\/2021\\\/09\\\/035319af-img_2984.-scaled.jpg&quot;,&quot;image_srcset&quot;:&quot;https:\\\/\\\/www.greenpeace.org\\\/static\\\/planet4-slovenia-stateless\\\/2021\\\/09\\\/035319af-img_2984.-scaled.jpg 2560w, https:\\\/\\\/www.greenpeace.org\\\/static\\\/planet4-slovenia-stateless\\\/2021\\\/09\\\/035319af-img_2984.-300x200.jpg 300w, https:\\\/\\\/www.greenpeace.org\\\/static\\\/planet4-slovenia-stateless\\\/2021\\\/09\\\/035319af-img_2984.-1024x683.jpg 1024w, https:\\\/\\\/www.greenpeace.org\\\/static\\\/planet4-slovenia-stateless\\\/2021\\\/09\\\/035319af-img_2984.-768x512.jpg 768w, https:\\\/\\\/www.greenpeace.org\\\/static\\\/planet4-slovenia-stateless\\\/2021\\\/09\\\/035319af-img_2984.-1536x1024.jpg 1536w, https:\\\/\\\/www.greenpeace.org\\\/static\\\/planet4-slovenia-stateless\\\/2021\\\/09\\\/035319af-img_2984.-2048x1366.jpg 2048w, https:\\\/\\\/www.greenpeace.org\\\/static\\\/planet4-slovenia-stateless\\\/2021\\\/09\\\/035319af-img_2984.-510x340.jpg 510w&quot;,&quot;image_sizes&quot;:false,&quot;alt_text&quot;:&quot;&quot;,&quot;caption&quot;:&quot;Pred ladjo se je vila dolga vrsta za voden ogled.&quot;,&quot;focus_image&quot;:&quot;50% 50%&quot;,&quot;credits&quot;:&quot;\\u00a9 Petra Strban \\\/ Greenpeace&quot;},{&quot;image_src&quot;:&quot;https:\\\/\\\/www.greenpeace.org\\\/static\\\/planet4-slovenia-stateless\\\/2021\\\/09\\\/e6ee64aa-dsc_9566-scaled.jpg&quot;,&quot;image_srcset&quot;:&quot;https:\\\/\\\/www.greenpeace.org\\\/static\\\/planet4-slovenia-stateless\\\/2021\\\/09\\\/e6ee64aa-dsc_9566-scaled.jpg 2560w, https:\\\/\\\/www.greenpeace.org\\\/static\\\/planet4-slovenia-stateless\\\/2021\\\/09\\\/e6ee64aa-dsc_9566-300x199.jpg 300w, https:\\\/\\\/www.greenpeace.org\\\/static\\\/planet4-slovenia-stateless\\\/2021\\\/09\\\/e6ee64aa-dsc_9566-1024x680.jpg 1024w, https:\\\/\\\/www.greenpeace.org\\\/static\\\/planet4-slovenia-stateless\\\/2021\\\/09\\\/e6ee64aa-dsc_9566-768x510.jpg 768w, https:\\\/\\\/www.greenpeace.org\\\/static\\\/planet4-slovenia-stateless\\\/2021\\\/09\\\/e6ee64aa-dsc_9566-1536x1020.jpg 1536w, https:\\\/\\\/www.greenpeace.org\\\/static\\\/planet4-slovenia-stateless\\\/2021\\\/09\\\/e6ee64aa-dsc_9566-2048x1360.jpg 2048w, https:\\\/\\\/www.greenpeace.org\\\/static\\\/planet4-slovenia-stateless\\\/2021\\\/09\\\/e6ee64aa-dsc_9566-510x340.jpg 510w&quot;,&quot;image_sizes&quot;:false,&quot;alt_text&quot;:&quot;&quot;,&quot;caption&quot;:&quot;Prostovoljci so obiskovalce pospremili na krov in jim predstavili ladjo, kampanjo in organizacijo Greenpeace.&quot;,&quot;focus_image&quot;:&quot;50% 50%&quot;,&quot;credits&quot;:&quot;\\u00a9 Aljo\\u0161a Furlani\\u010d \\\/ Greenpeace&quot;},{&quot;image_src&quot;:&quot;https:\\\/\\\/www.greenpeace.org\\\/static\\\/planet4-slovenia-stateless\\\/2021\\\/09\\\/004cfd23-dsc_9699-scaled.jpg&quot;,&quot;image_srcset&quot;:&quot;https:\\\/\\\/www.greenpeace.org\\\/static\\\/planet4-slovenia-stateless\\\/2021\\\/09\\\/004cfd23-dsc_9699-scaled.jpg 1700w, https:\\\/\\\/www.greenpeace.org\\\/static\\\/planet4-slovenia-stateless\\\/2021\\\/09\\\/004cfd23-dsc_9699-199x300.jpg 199w, https:\\\/\\\/www.greenpeace.org\\\/static\\\/planet4-slovenia-stateless\\\/2021\\\/09\\\/004cfd23-dsc_9699-680x1024.jpg 680w, https:\\\/\\\/www.greenpeace.org\\\/static\\\/planet4-slovenia-stateless\\\/2021\\\/09\\\/004cfd23-dsc_9699-768x1156.jpg 768w, https:\\\/\\\/www.greenpeace.org\\\/static\\\/planet4-slovenia-stateless\\\/2021\\\/09\\\/004cfd23-dsc_9699-1020x1536.jpg 1020w, https:\\\/\\\/www.greenpeace.org\\\/static\\\/planet4-slovenia-stateless\\\/2021\\\/09\\\/004cfd23-dsc_9699-1360x2048.jpg 1360w, https:\\\/\\\/www.greenpeace.org\\\/static\\\/planet4-slovenia-stateless\\\/2021\\\/09\\\/004cfd23-dsc_9699-907x1366.jpg 907w, https:\\\/\\\/www.greenpeace.org\\\/static\\\/planet4-slovenia-stateless\\\/2021\\\/09\\\/004cfd23-dsc_9699-226x340.jpg 226w&quot;,&quot;image_sizes&quot;:false,&quot;alt_text&quot;:&quot;&quot;,&quot;caption&quot;:&quot;Obiskovalci med ogledom ladje.&quot;,&quot;focus_image&quot;:&quot;50% 50%&quot;,&quot;credits&quot;:&quot;\\u00a9 Aljo\\u0161a Furlani\\u010d \\\/ Greenpeace&quot;},{&quot;image_src&quot;:&quot;https:\\\/\\\/www.greenpeace.org\\\/static\\\/planet4-slovenia-stateless\\\/2021\\\/09\\\/8c0a33c0-img_2872-scaled.jpg&quot;,&quot;image_srcset&quot;:&quot;https:\\\/\\\/www.greenpeace.org\\\/static\\\/planet4-slovenia-stateless\\\/2021\\\/09\\\/8c0a33c0-img_2872-scaled.jpg 2560w, https:\\\/\\\/www.greenpeace.org\\\/static\\\/planet4-slovenia-stateless\\\/2021\\\/09\\\/8c0a33c0-img_2872-300x200.jpg 300w, https:\\\/\\\/www.greenpeace.org\\\/static\\\/planet4-slovenia-stateless\\\/2021\\\/09\\\/8c0a33c0-img_2872-1024x683.jpg 1024w, https:\\\/\\\/www.greenpeace.org\\\/static\\\/planet4-slovenia-stateless\\\/2021\\\/09\\\/8c0a33c0-img_2872-768x512.jpg 768w, https:\\\/\\\/www.greenpeace.org\\\/static\\\/planet4-slovenia-stateless\\\/2021\\\/09\\\/8c0a33c0-img_2872-1536x1024.jpg 1536w, https:\\\/\\\/www.greenpeace.org\\\/static\\\/planet4-slovenia-stateless\\\/2021\\\/09\\\/8c0a33c0-img_2872-2048x1366.jpg 2048w, https:\\\/\\\/www.greenpeace.org\\\/static\\\/planet4-slovenia-stateless\\\/2021\\\/09\\\/8c0a33c0-img_2872-510x340.jpg 510w&quot;,&quot;image_sizes&quot;:false,&quot;alt_text&quot;:&quot;&quot;,&quot;caption&quot;:&quot;Pred ladjo so obiskovalci sestavljali papirnate ladjice in pisali sporo\\u010dila v podporo kampanji za trajnostni ribolov.&quot;,&quot;focus_image&quot;:&quot;&quot;,&quot;credits&quot;:&quot;\\u00a9 Petra Strban \\\/ Greenpeace&quot;},{&quot;image_src&quot;:&quot;https:\\\/\\\/www.greenpeace.org\\\/static\\\/planet4-slovenia-stateless\\\/2021\\\/09\\\/b3081271-dsc_9394-scaled.jpg&quot;,&quot;image_srcset&quot;:&quot;https:\\\/\\\/www.greenpeace.org\\\/static\\\/planet4-slovenia-stateless\\\/2021\\\/09\\\/b3081271-dsc_9394-scaled.jpg 2560w, https:\\\/\\\/www.greenpeace.org\\\/static\\\/planet4-slovenia-stateless\\\/2021\\\/09\\\/b3081271-dsc_9394-300x199.jpg 300w, https:\\\/\\\/www.greenpeace.org\\\/static\\\/planet4-slovenia-stateless\\\/2021\\\/09\\\/b3081271-dsc_9394-1024x680.jpg 1024w, https:\\\/\\\/www.greenpeace.org\\\/static\\\/planet4-slovenia-stateless\\\/2021\\\/09\\\/b3081271-dsc_9394-768x510.jpg 768w, https:\\\/\\\/www.greenpeace.org\\\/static\\\/planet4-slovenia-stateless\\\/2021\\\/09\\\/b3081271-dsc_9394-1536x1020.jpg 1536w, https:\\\/\\\/www.greenpeace.org\\\/static\\\/planet4-slovenia-stateless\\\/2021\\\/09\\\/b3081271-dsc_9394-2048x1360.jpg 2048w, https:\\\/\\\/www.greenpeace.org\\\/static\\\/planet4-slovenia-stateless\\\/2021\\\/09\\\/b3081271-dsc_9394-510x340.jpg 510w&quot;,&quot;image_sizes&quot;:false,&quot;alt_text&quot;:&quot;&quot;,&quot;caption&quot;:&quot;Na pomolu pred ladjo so si obiskovalci lahko ogledali  tematsko razstavo.&quot;,&quot;focus_image&quot;:&quot;50% 50%&quot;,&quot;credits&quot;:&quot;\\u00a9 Aljo\\u0161a Furlani\\u010d \\\/ Greenpeace&quot;},{&quot;image_src&quot;:&quot;https:\\\/\\\/www.greenpeace.org\\\/static\\\/planet4-slovenia-stateless\\\/2021\\\/09\\\/fd5ab606-dsc_9735-scaled.jpg&quot;,&quot;image_srcset&quot;:&quot;https:\\\/\\\/www.greenpeace.org\\\/static\\\/planet4-slovenia-stateless\\\/2021\\\/09\\\/fd5ab606-dsc_9735-scaled.jpg 2560w, https:\\\/\\\/www.greenpeace.org\\\/static\\\/planet4-slovenia-stateless\\\/2021\\\/09\\\/fd5ab606-dsc_9735-300x199.jpg 300w, https:\\\/\\\/www.greenpeace.org\\\/static\\\/planet4-slovenia-stateless\\\/2021\\\/09\\\/fd5ab606-dsc_9735-1024x680.jpg 1024w, https:\\\/\\\/www.greenpeace.org\\\/static\\\/planet4-slovenia-stateless\\\/2021\\\/09\\\/fd5ab606-dsc_9735-768x510.jpg 768w, https:\\\/\\\/www.greenpeace.org\\\/static\\\/planet4-slovenia-stateless\\\/2021\\\/09\\\/fd5ab606-dsc_9735-1536x1020.jpg 1536w, https:\\\/\\\/www.greenpeace.org\\\/static\\\/planet4-slovenia-stateless\\\/2021\\\/09\\\/fd5ab606-dsc_9735-2048x1360.jpg 2048w, https:\\\/\\\/www.greenpeace.org\\\/static\\\/planet4-slovenia-stateless\\\/2021\\\/09\\\/fd5ab606-dsc_9735-510x340.jpg 510w&quot;,&quot;image_sizes&quot;:false,&quot;alt_text&quot;:&quot;&quot;,&quot;caption&quot;:&quot;Arctic Sunrise ob son\\u010dnem zahodu.&quot;,&quot;focus_image&quot;:&quot;40% 71%&quot;,&quot;credits&quot;:&quot;\\u00a9 Aljo\\u0161a Furlani\\u010d \\\/ Greenpeace&quot;},{&quot;image_src&quot;:&quot;https:\\\/\\\/www.greenpeace.org\\\/static\\\/planet4-slovenia-stateless\\\/2021\\\/09\\\/38fd19d3-dsc_9850-scaled.jpg&quot;,&quot;image_srcset&quot;:&quot;https:\\\/\\\/www.greenpeace.org\\\/static\\\/planet4-slovenia-stateless\\\/2021\\\/09\\\/38fd19d3-dsc_9850-scaled.jpg 2560w, https:\\\/\\\/www.greenpeace.org\\\/static\\\/planet4-slovenia-stateless\\\/2021\\\/09\\\/38fd19d3-dsc_9850-300x199.jpg 300w, https:\\\/\\\/www.greenpeace.org\\\/static\\\/planet4-slovenia-stateless\\\/2021\\\/09\\\/38fd19d3-dsc_9850-1024x680.jpg 1024w, https:\\\/\\\/www.greenpeace.org\\\/static\\\/planet4-slovenia-stateless\\\/2021\\\/09\\\/38fd19d3-dsc_9850-768x510.jpg 768w, https:\\\/\\\/www.greenpeace.org\\\/static\\\/planet4-slovenia-stateless\\\/2021\\\/09\\\/38fd19d3-dsc_9850-1536x1020.jpg 1536w, https:\\\/\\\/www.greenpeace.org\\\/static\\\/planet4-slovenia-stateless\\\/2021\\\/09\\\/38fd19d3-dsc_9850-2048x1360.jpg 2048w, https:\\\/\\\/www.greenpeace.org\\\/static\\\/planet4-slovenia-stateless\\\/2021\\\/09\\\/38fd19d3-dsc_9850-510x340.jpg 510w&quot;,&quot;image_sizes&quot;:false,&quot;alt_text&quot;:&quot;&quot;,&quot;caption&quot;:&quot;Arctic Sunrise&quot;,&quot;focus_image&quot;:&quot;52% 67%&quot;,&quot;credits&quot;:&quot;\\u00a9 Aljo\\u0161a Furlani\\u010d \\\/ Greenpeace&quot;}]}}\"><\/div>\n<h3 class=\"wp-block-heading\">2014<\/h3>\n\n<p>Julija se v <a href=\"https:\/\/www.greenpeace.org\/slovenia\/sporocilo-za-javnost\/1078\/rainbow-warrior-v-sloveniji-v-podporo-obnovljivim-virom-energije\/\">koprskem pristani\u0161\u010du zasidrala \u0161e ena izmed Greenpeacovih ladij<\/a>, <strong>znamenita Rainbow Warrior III<\/strong>. Jadrnica je plula na turneji po Sredozemlju in Jadranskem morju z namenom promocije obnovljivih virov energije. V Kopru so se na njenem krovu zbrali predstavniki slovenske politike, zelenega gospodarstva in civilne dru\u017ebe, da bi med drugim spregovorili o investicijah v obnovljive vire energije.&nbsp;<\/p>\n<div data-render=\"planet4-blocks\/gallery\" data-attributes=\"{&quot;attributes&quot;:{&quot;multiple_image&quot;:&quot;49162,49161,49160&quot;,&quot;gallery_block_focus_points&quot;:&quot;{\\&quot;49160\\&quot;:\\&quot;51% 62%\\&quot;,\\&quot;49161\\&quot;:\\&quot;52% 63%\\&quot;,\\&quot;49162\\&quot;:\\&quot;48% 77%\\&quot;}&quot;,&quot;image_data&quot;:[{&quot;url&quot;:&quot;https:\\\/\\\/www.greenpeace.org\\\/static\\\/planet4-slovenia-stateless\\\/2021\\\/09\\\/3623651d-img_9674-scaled.jpg&quot;,&quot;focalPoint&quot;:{&quot;x&quot;:0.5,&quot;y&quot;:0.5},&quot;id&quot;:49162},{&quot;url&quot;:&quot;https:\\\/\\\/www.greenpeace.org\\\/static\\\/planet4-slovenia-stateless\\\/2021\\\/09\\\/ebc0d1c7-img_0950-scaled.jpg&quot;,&quot;focalPoint&quot;:{&quot;x&quot;:0.5,&quot;y&quot;:0.5},&quot;id&quot;:49161},{&quot;url&quot;:&quot;https:\\\/\\\/www.greenpeace.org\\\/static\\\/planet4-slovenia-stateless\\\/2021\\\/09\\\/93d94092-img_0898-scaled.jpg&quot;,&quot;focalPoint&quot;:{&quot;x&quot;:0.5,&quot;y&quot;:0.5},&quot;id&quot;:49160}],&quot;gallery_block_style&quot;:0,&quot;gallery_block_title&quot;:&quot;&quot;,&quot;gallery_block_description&quot;:&quot;&quot;,&quot;images&quot;:[{&quot;image_src&quot;:&quot;https:\\\/\\\/www.greenpeace.org\\\/static\\\/planet4-slovenia-stateless\\\/2021\\\/09\\\/3623651d-img_9674-scaled.jpg&quot;,&quot;image_srcset&quot;:&quot;https:\\\/\\\/www.greenpeace.org\\\/static\\\/planet4-slovenia-stateless\\\/2021\\\/09\\\/3623651d-img_9674-scaled.jpg 2560w, https:\\\/\\\/www.greenpeace.org\\\/static\\\/planet4-slovenia-stateless\\\/2021\\\/09\\\/3623651d-img_9674-300x200.jpg 300w, https:\\\/\\\/www.greenpeace.org\\\/static\\\/planet4-slovenia-stateless\\\/2021\\\/09\\\/3623651d-img_9674-1024x683.jpg 1024w, https:\\\/\\\/www.greenpeace.org\\\/static\\\/planet4-slovenia-stateless\\\/2021\\\/09\\\/3623651d-img_9674-768x512.jpg 768w, https:\\\/\\\/www.greenpeace.org\\\/static\\\/planet4-slovenia-stateless\\\/2021\\\/09\\\/3623651d-img_9674-1536x1024.jpg 1536w, https:\\\/\\\/www.greenpeace.org\\\/static\\\/planet4-slovenia-stateless\\\/2021\\\/09\\\/3623651d-img_9674-2048x1366.jpg 2048w, https:\\\/\\\/www.greenpeace.org\\\/static\\\/planet4-slovenia-stateless\\\/2021\\\/09\\\/3623651d-img_9674-510x340.jpg 510w&quot;,&quot;image_sizes&quot;:false,&quot;alt_text&quot;:&quot;&quot;,&quot;caption&quot;:&quot;Dobrodo\\u0161lica ladji Rainbow Warrior&quot;,&quot;focus_image&quot;:&quot;48% 77%&quot;,&quot;credits&quot;:&quot;\\u00a9 Domen Hrovatin \\\/ Greenpeace&quot;},{&quot;image_src&quot;:&quot;https:\\\/\\\/www.greenpeace.org\\\/static\\\/planet4-slovenia-stateless\\\/2021\\\/09\\\/ebc0d1c7-img_0950-scaled.jpg&quot;,&quot;image_srcset&quot;:&quot;https:\\\/\\\/www.greenpeace.org\\\/static\\\/planet4-slovenia-stateless\\\/2021\\\/09\\\/ebc0d1c7-img_0950-scaled.jpg 2560w, https:\\\/\\\/www.greenpeace.org\\\/static\\\/planet4-slovenia-stateless\\\/2021\\\/09\\\/ebc0d1c7-img_0950-300x200.jpg 300w, https:\\\/\\\/www.greenpeace.org\\\/static\\\/planet4-slovenia-stateless\\\/2021\\\/09\\\/ebc0d1c7-img_0950-1024x683.jpg 1024w, https:\\\/\\\/www.greenpeace.org\\\/static\\\/planet4-slovenia-stateless\\\/2021\\\/09\\\/ebc0d1c7-img_0950-768x512.jpg 768w, https:\\\/\\\/www.greenpeace.org\\\/static\\\/planet4-slovenia-stateless\\\/2021\\\/09\\\/ebc0d1c7-img_0950-1536x1024.jpg 1536w, https:\\\/\\\/www.greenpeace.org\\\/static\\\/planet4-slovenia-stateless\\\/2021\\\/09\\\/ebc0d1c7-img_0950-2048x1366.jpg 2048w, https:\\\/\\\/www.greenpeace.org\\\/static\\\/planet4-slovenia-stateless\\\/2021\\\/09\\\/ebc0d1c7-img_0950-510x340.jpg 510w&quot;,&quot;image_sizes&quot;:false,&quot;alt_text&quot;:&quot;&quot;,&quot;caption&quot;:&quot;Posadka ladje ter prostovoljci in zaposleni Greenpeacea v Sloveniji.&quot;,&quot;focus_image&quot;:&quot;52% 63%&quot;,&quot;credits&quot;:&quot;\\u00a9 Domen Hrovatin \\\/ Greenpeace&quot;},{&quot;image_src&quot;:&quot;https:\\\/\\\/www.greenpeace.org\\\/static\\\/planet4-slovenia-stateless\\\/2021\\\/09\\\/93d94092-img_0898-scaled.jpg&quot;,&quot;image_srcset&quot;:&quot;https:\\\/\\\/www.greenpeace.org\\\/static\\\/planet4-slovenia-stateless\\\/2021\\\/09\\\/93d94092-img_0898-scaled.jpg 2560w, https:\\\/\\\/www.greenpeace.org\\\/static\\\/planet4-slovenia-stateless\\\/2021\\\/09\\\/93d94092-img_0898-300x200.jpg 300w, https:\\\/\\\/www.greenpeace.org\\\/static\\\/planet4-slovenia-stateless\\\/2021\\\/09\\\/93d94092-img_0898-1024x683.jpg 1024w, https:\\\/\\\/www.greenpeace.org\\\/static\\\/planet4-slovenia-stateless\\\/2021\\\/09\\\/93d94092-img_0898-768x512.jpg 768w, https:\\\/\\\/www.greenpeace.org\\\/static\\\/planet4-slovenia-stateless\\\/2021\\\/09\\\/93d94092-img_0898-1536x1024.jpg 1536w, https:\\\/\\\/www.greenpeace.org\\\/static\\\/planet4-slovenia-stateless\\\/2021\\\/09\\\/93d94092-img_0898-2048x1366.jpg 2048w, https:\\\/\\\/www.greenpeace.org\\\/static\\\/planet4-slovenia-stateless\\\/2021\\\/09\\\/93d94092-img_0898-510x340.jpg 510w&quot;,&quot;image_sizes&quot;:false,&quot;alt_text&quot;:&quot;&quot;,&quot;caption&quot;:&quot;Vrsta za voden ogled ladje.&quot;,&quot;focus_image&quot;:&quot;51% 62%&quot;,&quot;credits&quot;:&quot;\\u00a9 Domen Hrovatin \\\/ Greenpeace&quot;}]}}\"><\/div>\n<h3 class=\"wp-block-heading\">2015<\/h3>\n\n<p>Na\u0161e delo je zopet zaznamoval<strong> boj proti fosilnim gorivom<\/strong>. Po izra\u017eeni nameri hrva\u0161ke vlade, da bi v njihovem delu Jadranskega morja pri\u010deli z raziskovalnim vrtanjem nafte, smo se pridru\u017eili hrva\u0161kim kolegom in se povezali v koalicijo nevladnih organizacij <strong><em>\u00bbS.O.S. za Jadran\u00ab<\/em><\/strong><strong>. <\/strong>S tem smo smo tudi slovenski javnosti omogo\u010dili, da se pridru\u017ei v boju za za\u0161\u010dito na\u0161ega skupnega Jadranskega morja.<\/p>\n\n<p>V okviru te kampanje smo izvedli \u0161tevilne aktivnosti &#8211; v zgolj treh tednih nam je uspelo zbrati <a href=\"https:\/\/www.greenpeace.org\/static\/planet4-slovenia-stateless\/2019\/03\/5cf0e818-5cf0e818-szj_klici-s.o.s.-za-jadran-odmevajo-na-hrva%C5%A1ki-ambasadi-v-sloveniji.pdf\">ve\u010d kot 10.000 podpisov podpore proti \u010drpanju nafte<\/a>.<\/p>\n\n<p>Julija je sledila <a href=\"https:\/\/www.greenpeace.org\/slovenia\/sporocilo-za-javnost\/1080\/ne-nafta-sonce-naj-napaja-jadran\/\">odmevna akcija v Piranu<\/a>, kjer smo na obzidje \u017dupnijske cerkve Sv. Jurija v podporo za\u0161\u010diti Jadrana predvajali razli\u010dna sporo\u010dila.&nbsp; S tem smo <strong>pozivali dr\u017eave v regiji, naj razvijejo program za\u0161\u010dite skupnega morja<\/strong> in investirajo v izkori\u0161\u010danje son\u010dne energije.<\/p>\n<div data-render=\"planet4-blocks\/gallery\" data-attributes=\"{&quot;attributes&quot;:{&quot;multiple_image&quot;:&quot;49165,49166,49167&quot;,&quot;gallery_block_focus_points&quot;:&quot;{\\&quot;49165\\&quot;:\\&quot;57% 27%\\&quot;,\\&quot;49166\\&quot;:\\&quot;74% 28%\\&quot;,\\&quot;49167\\&quot;:\\&quot;64% 36%\\&quot;}&quot;,&quot;image_data&quot;:[{&quot;url&quot;:&quot;https:\\\/\\\/www.greenpeace.org\\\/static\\\/planet4-slovenia-stateless\\\/2021\\\/09\\\/c781c48f-mg_1131-scaled.jpg&quot;,&quot;focalPoint&quot;:{&quot;x&quot;:0.5,&quot;y&quot;:0.5},&quot;id&quot;:49165},{&quot;url&quot;:&quot;https:\\\/\\\/www.greenpeace.org\\\/static\\\/planet4-slovenia-stateless\\\/2021\\\/09\\\/4bc41fd3-mg_1063-scaled.jpg&quot;,&quot;focalPoint&quot;:{&quot;x&quot;:0.5,&quot;y&quot;:0.5},&quot;id&quot;:49166},{&quot;url&quot;:&quot;https:\\\/\\\/www.greenpeace.org\\\/static\\\/planet4-slovenia-stateless\\\/2021\\\/09\\\/dc82398e-mg_1100-scaled.jpg&quot;,&quot;focalPoint&quot;:{&quot;x&quot;:0.5,&quot;y&quot;:0.5},&quot;id&quot;:49167}],&quot;gallery_block_style&quot;:0,&quot;gallery_block_title&quot;:&quot;&quot;,&quot;gallery_block_description&quot;:&quot;&quot;,&quot;images&quot;:[{&quot;image_src&quot;:&quot;https:\\\/\\\/www.greenpeace.org\\\/static\\\/planet4-slovenia-stateless\\\/2021\\\/09\\\/c781c48f-mg_1131-scaled.jpg&quot;,&quot;image_srcset&quot;:&quot;https:\\\/\\\/www.greenpeace.org\\\/static\\\/planet4-slovenia-stateless\\\/2021\\\/09\\\/c781c48f-mg_1131-scaled.jpg 1707w, https:\\\/\\\/www.greenpeace.org\\\/static\\\/planet4-slovenia-stateless\\\/2021\\\/09\\\/c781c48f-mg_1131-200x300.jpg 200w, https:\\\/\\\/www.greenpeace.org\\\/static\\\/planet4-slovenia-stateless\\\/2021\\\/09\\\/c781c48f-mg_1131-683x1024.jpg 683w, https:\\\/\\\/www.greenpeace.org\\\/static\\\/planet4-slovenia-stateless\\\/2021\\\/09\\\/c781c48f-mg_1131-768x1152.jpg 768w, https:\\\/\\\/www.greenpeace.org\\\/static\\\/planet4-slovenia-stateless\\\/2021\\\/09\\\/c781c48f-mg_1131-1024x1536.jpg 1024w, https:\\\/\\\/www.greenpeace.org\\\/static\\\/planet4-slovenia-stateless\\\/2021\\\/09\\\/c781c48f-mg_1131-1366x2048.jpg 1366w, https:\\\/\\\/www.greenpeace.org\\\/static\\\/planet4-slovenia-stateless\\\/2021\\\/09\\\/c781c48f-mg_1131-911x1366.jpg 911w, https:\\\/\\\/www.greenpeace.org\\\/static\\\/planet4-slovenia-stateless\\\/2021\\\/09\\\/c781c48f-mg_1131-227x340.jpg 227w&quot;,&quot;image_sizes&quot;:false,&quot;alt_text&quot;:&quot;&quot;,&quot;caption&quot;:&quot;&quot;,&quot;focus_image&quot;:&quot;57% 27%&quot;,&quot;credits&quot;:&quot;\\u00a9 Mitja Kobal \\\/ Greenpeace&quot;},{&quot;image_src&quot;:&quot;https:\\\/\\\/www.greenpeace.org\\\/static\\\/planet4-slovenia-stateless\\\/2021\\\/09\\\/4bc41fd3-mg_1063-scaled.jpg&quot;,&quot;image_srcset&quot;:&quot;https:\\\/\\\/www.greenpeace.org\\\/static\\\/planet4-slovenia-stateless\\\/2021\\\/09\\\/4bc41fd3-mg_1063-scaled.jpg 2560w, https:\\\/\\\/www.greenpeace.org\\\/static\\\/planet4-slovenia-stateless\\\/2021\\\/09\\\/4bc41fd3-mg_1063-300x200.jpg 300w, https:\\\/\\\/www.greenpeace.org\\\/static\\\/planet4-slovenia-stateless\\\/2021\\\/09\\\/4bc41fd3-mg_1063-1024x683.jpg 1024w, https:\\\/\\\/www.greenpeace.org\\\/static\\\/planet4-slovenia-stateless\\\/2021\\\/09\\\/4bc41fd3-mg_1063-768x512.jpg 768w, https:\\\/\\\/www.greenpeace.org\\\/static\\\/planet4-slovenia-stateless\\\/2021\\\/09\\\/4bc41fd3-mg_1063-1536x1024.jpg 1536w, https:\\\/\\\/www.greenpeace.org\\\/static\\\/planet4-slovenia-stateless\\\/2021\\\/09\\\/4bc41fd3-mg_1063-2048x1366.jpg 2048w, https:\\\/\\\/www.greenpeace.org\\\/static\\\/planet4-slovenia-stateless\\\/2021\\\/09\\\/4bc41fd3-mg_1063-510x340.jpg 510w&quot;,&quot;image_sizes&quot;:false,&quot;alt_text&quot;:&quot;&quot;,&quot;caption&quot;:&quot;&quot;,&quot;focus_image&quot;:&quot;74% 28%&quot;,&quot;credits&quot;:&quot;\\u00a9 Mitja Kobal \\\/ Greenpeace&quot;},{&quot;image_src&quot;:&quot;https:\\\/\\\/www.greenpeace.org\\\/static\\\/planet4-slovenia-stateless\\\/2021\\\/09\\\/dc82398e-mg_1100-scaled.jpg&quot;,&quot;image_srcset&quot;:&quot;https:\\\/\\\/www.greenpeace.org\\\/static\\\/planet4-slovenia-stateless\\\/2021\\\/09\\\/dc82398e-mg_1100-scaled.jpg 2560w, https:\\\/\\\/www.greenpeace.org\\\/static\\\/planet4-slovenia-stateless\\\/2021\\\/09\\\/dc82398e-mg_1100-300x200.jpg 300w, https:\\\/\\\/www.greenpeace.org\\\/static\\\/planet4-slovenia-stateless\\\/2021\\\/09\\\/dc82398e-mg_1100-1024x683.jpg 1024w, https:\\\/\\\/www.greenpeace.org\\\/static\\\/planet4-slovenia-stateless\\\/2021\\\/09\\\/dc82398e-mg_1100-768x512.jpg 768w, https:\\\/\\\/www.greenpeace.org\\\/static\\\/planet4-slovenia-stateless\\\/2021\\\/09\\\/dc82398e-mg_1100-1536x1024.jpg 1536w, https:\\\/\\\/www.greenpeace.org\\\/static\\\/planet4-slovenia-stateless\\\/2021\\\/09\\\/dc82398e-mg_1100-2048x1366.jpg 2048w, https:\\\/\\\/www.greenpeace.org\\\/static\\\/planet4-slovenia-stateless\\\/2021\\\/09\\\/dc82398e-mg_1100-510x340.jpg 510w&quot;,&quot;image_sizes&quot;:false,&quot;alt_text&quot;:&quot;&quot;,&quot;caption&quot;:&quot;&quot;,&quot;focus_image&quot;:&quot;64% 36%&quot;,&quot;credits&quot;:&quot;\\u00a9 Mitja Kobal \\\/ Greenpeace&quot;}]}}\"><\/div>\n<p>V svojih zahtevah smo bili uspe\u0161ni, saj sta naftni dru\u017ebi Marathon Oil in OMV nato prekinili z raziskovanjem in izkori\u0161\u010danjem nafte in plina na Jadranu.<\/p>\n\n<h3 class=\"wp-block-heading\">2016<\/h3>\n\n<p>V tem letu smo se prvi\u010d pridru\u017eili mednarodni Greenpeaceovi kampanji <em>Detoxify my fashion<\/em>, katere namen je prepre\u010diti uporabo nevarnih kemikalij v procesih proizvodnje obla\u010dil. V okviru kampanje smo javnost <a href=\"https:\/\/www.greenpeace.org\/slovenia\/sporocilo-za-javnost\/934\/nevarne-kemikalije-v-mnogih-znamkah-oblacil-za-dejavnosti-na-prostem\/\">opozarjali<\/a> na izsledke poro\u010dila <a href=\"https:\/\/www.greenpeace.org\/static\/planet4-slovenia-stateless\/2019\/03\/41336798-41336798-povzetek-poro%C4%8Dila-detox.pdf\">\u00bbPu\u0161\u010danje sledi. Skrite nevarne kemikalije v opremi za dejavnosti na prostem<\/a><a href=\"https:\/\/www.greenpeace.org\/static\/planet4-slovenia-stateless\/2019\/03\/f9673c8c-f9673c8c-poro%C4%8Dilo-kon%C4%8Dno-s-hiperlinki.pdf\">\u00ab<\/a>. Greenpeace za namen raziskave testiral 40 izdelkov, ki so bili kupljeni v 19 razli\u010dnih dr\u017eavah, tudi v Sloveniji. Nevarne kemikalije niso bile najdene le v obla\u010dilih, temve\u010d tudi v \u010devljih, \u0161otorih, nahrbtnikih, vrveh in celo v spalnih vre\u010dah.&nbsp;<\/p>\n\n<h3 class=\"wp-block-heading\">2017<\/h3>\n\n<p>Najve\u010dja aktivnost tega leta je bila <a href=\"https:\/\/www.greenpeace.org\/slovenia\/sporocilo-za-javnost\/1023\/podnebni-shod-budnica-vladi\/\">organizacija podnebnega shoda <strong>Break free<\/strong><\/a><strong> <\/strong>v zahtevo opu\u0161\u010danja fosilnih goriv. Shod je bil del <a href=\"https:\/\/www.greenpeace.org\/slovenia\/blog\/847\/break-free-osvobodimo-se-umazane-energije\/\">globalnega podnebnega gibanja Break free<\/a>, ki je potekalo v marcu in je z ve\u010d kot 100 akcijami po svetu od politi\u010dnih voditeljev zahtevalo hitro in odgovorno opu\u0161\u010danje fosilnih goriv. V Sloveniji je gibanje Break free prejelo veliko podporo. <a href=\"https:\/\/danesjenovdan.si\/breakfree\/\">Skupen poziv<\/a> takratnemu predsedniku Vlade RS dr. Miru Cerarju je podprlo ve\u010d kot 70 organizacij civilne dru\u017ebe in ve\u010d kot 5000 posameznikov.<\/p>\n<div data-render=\"planet4-blocks\/gallery\" data-attributes=\"{&quot;attributes&quot;:{&quot;multiple_image&quot;:&quot;49172,49174&quot;,&quot;gallery_block_focus_points&quot;:&quot;{\\&quot;undefined\\&quot;:\\&quot;49% 66%\\&quot;}&quot;,&quot;image_data&quot;:[{&quot;url&quot;:&quot;https:\\\/\\\/www.greenpeace.org\\\/static\\\/planet4-slovenia-stateless\\\/2021\\\/09\\\/15b1b93d-27greenpeace_break_free_2017_foto_mankica_kranjec-scaled.jpg&quot;,&quot;focalPoint&quot;:{&quot;x&quot;:0.5,&quot;y&quot;:0.5},&quot;id&quot;:49172},{&quot;url&quot;:&quot;https:\\\/\\\/www.greenpeace.org\\\/static\\\/planet4-slovenia-stateless\\\/2021\\\/09\\\/737d59e7-03greenpeace_break_free_2017_foto_mankica_kranjec-scaled.jpg&quot;,&quot;focalPoint&quot;:{&quot;x&quot;:0.5,&quot;y&quot;:0.5},&quot;id&quot;:49174}],&quot;className&quot;:&quot;is-style-slider&quot;,&quot;gallery_block_style&quot;:0,&quot;gallery_block_title&quot;:&quot;&quot;,&quot;gallery_block_description&quot;:&quot;&quot;,&quot;images&quot;:[{&quot;image_src&quot;:&quot;https:\\\/\\\/www.greenpeace.org\\\/static\\\/planet4-slovenia-stateless\\\/2021\\\/09\\\/15b1b93d-27greenpeace_break_free_2017_foto_mankica_kranjec-scaled.jpg&quot;,&quot;image_srcset&quot;:&quot;https:\\\/\\\/www.greenpeace.org\\\/static\\\/planet4-slovenia-stateless\\\/2021\\\/09\\\/15b1b93d-27greenpeace_break_free_2017_foto_mankica_kranjec-scaled.jpg 2560w, https:\\\/\\\/www.greenpeace.org\\\/static\\\/planet4-slovenia-stateless\\\/2021\\\/09\\\/15b1b93d-27greenpeace_break_free_2017_foto_mankica_kranjec-300x200.jpg 300w, https:\\\/\\\/www.greenpeace.org\\\/static\\\/planet4-slovenia-stateless\\\/2021\\\/09\\\/15b1b93d-27greenpeace_break_free_2017_foto_mankica_kranjec-1024x683.jpg 1024w, https:\\\/\\\/www.greenpeace.org\\\/static\\\/planet4-slovenia-stateless\\\/2021\\\/09\\\/15b1b93d-27greenpeace_break_free_2017_foto_mankica_kranjec-768x513.jpg 768w, https:\\\/\\\/www.greenpeace.org\\\/static\\\/planet4-slovenia-stateless\\\/2021\\\/09\\\/15b1b93d-27greenpeace_break_free_2017_foto_mankica_kranjec-1536x1025.jpg 1536w, https:\\\/\\\/www.greenpeace.org\\\/static\\\/planet4-slovenia-stateless\\\/2021\\\/09\\\/15b1b93d-27greenpeace_break_free_2017_foto_mankica_kranjec-2048x1366.jpg 2048w, https:\\\/\\\/www.greenpeace.org\\\/static\\\/planet4-slovenia-stateless\\\/2021\\\/09\\\/15b1b93d-27greenpeace_break_free_2017_foto_mankica_kranjec-510x340.jpg 510w&quot;,&quot;image_sizes&quot;:false,&quot;alt_text&quot;:&quot;&quot;,&quot;caption&quot;:&quot;Podnebni shod Break free, podnebna budnica vladi RS.&quot;,&quot;focus_image&quot;:&quot;&quot;,&quot;credits&quot;:&quot;\\u00a9 Mankica Kranjec \\\/ Greenpeace&quot;},{&quot;image_src&quot;:&quot;https:\\\/\\\/www.greenpeace.org\\\/static\\\/planet4-slovenia-stateless\\\/2021\\\/09\\\/737d59e7-03greenpeace_break_free_2017_foto_mankica_kranjec-scaled.jpg&quot;,&quot;image_srcset&quot;:&quot;https:\\\/\\\/www.greenpeace.org\\\/static\\\/planet4-slovenia-stateless\\\/2021\\\/09\\\/737d59e7-03greenpeace_break_free_2017_foto_mankica_kranjec-scaled.jpg 2560w, https:\\\/\\\/www.greenpeace.org\\\/static\\\/planet4-slovenia-stateless\\\/2021\\\/09\\\/737d59e7-03greenpeace_break_free_2017_foto_mankica_kranjec-300x200.jpg 300w, https:\\\/\\\/www.greenpeace.org\\\/static\\\/planet4-slovenia-stateless\\\/2021\\\/09\\\/737d59e7-03greenpeace_break_free_2017_foto_mankica_kranjec-1024x683.jpg 1024w, https:\\\/\\\/www.greenpeace.org\\\/static\\\/planet4-slovenia-stateless\\\/2021\\\/09\\\/737d59e7-03greenpeace_break_free_2017_foto_mankica_kranjec-768x513.jpg 768w, https:\\\/\\\/www.greenpeace.org\\\/static\\\/planet4-slovenia-stateless\\\/2021\\\/09\\\/737d59e7-03greenpeace_break_free_2017_foto_mankica_kranjec-1536x1025.jpg 1536w, https:\\\/\\\/www.greenpeace.org\\\/static\\\/planet4-slovenia-stateless\\\/2021\\\/09\\\/737d59e7-03greenpeace_break_free_2017_foto_mankica_kranjec-2048x1366.jpg 2048w, https:\\\/\\\/www.greenpeace.org\\\/static\\\/planet4-slovenia-stateless\\\/2021\\\/09\\\/737d59e7-03greenpeace_break_free_2017_foto_mankica_kranjec-510x340.jpg 510w&quot;,&quot;image_sizes&quot;:false,&quot;alt_text&quot;:&quot;&quot;,&quot;caption&quot;:&quot;&quot;,&quot;focus_image&quot;:&quot;&quot;,&quot;credits&quot;:&quot;\\u00a9 Mankica Kranjec \\\/ Greenpeace&quot;}]}}\"><\/div>\n<h3 class=\"wp-block-heading\">2018<\/h3>\n\n<p>V tem letu smo najve\u010d \u010dasa namenili <a href=\"https:\/\/www.greenpeace.org\/slovenia\/blog\/1849\/zahtevaj-boljso-zakonodajo-za-vec-soncne-energije\/\">osve\u0161\u010danju javnosti<\/a> in odlo\u010devalcev o pomenu in prednostih obnovljivih virov energije (OVE), <a href=\"https:\/\/www.greenpeace.org\/slovenia\/blog\/1952\/miti-o-soncnih-elektrarnah\/\">zlasti son\u010dne energije<\/a>. Skupaj s Focusom, dru\u0161tvom za sonaraven razvoj in Skupnostjo ob\u010din Slovenije smo si dlje \u010dasa prizadevali za <strong>zakonsko vpeljavo mo\u017enosti za skupnostno samooskrbe z elektri\u010dno energijo iz OVE. <\/strong>To preprosto pomeni, da smo predlagali spremembe, ki bi ve\u010djemu \u0161tevilu ljudi omogo\u010dile, da sodelujejo pri proizvajanju \u010distej\u0161e energije. Skupina ljudi (odjemalcev) znotraj iste transformatorske postaje (TP) se bi namre\u010d lahko povezala in npr. postavila skupno son\u010dno elektrarno na strehi bli\u017enjega ob\u010dinskega vrtca.&nbsp;<\/p>\n\n<p><a href=\"https:\/\/www.greenpeace.org\/slovenia\/sporocilo-za-javnost\/1457\/zmaga-sosedske-soncne-elektrarne-sedaj-realnost-tudi-v-sloveniji\/\">V prizadevanjih smo bili uspe\u0161ni<\/a> &#8211; Vlada RS je v za\u010detku naslednjega leta sprejela prenovljeno <a href=\"http:\/\/www.energetika-portal.si\/nc\/novica\/n\/izdana-prenovljena-uredba-o-samooskrbi-z-elektricno-energijo-iz-obnovljivih-virov-energije-4178\/\">Uredbo o samooskrbi z elektri\u010dno energijo&nbsp; iz obnovljivih virov energije<\/a>, ki ve\u010djemu \u0161tevilu ljudi omogo\u010da, da sodelujejo pri proizvajanju \u010distej\u0161e energije.<\/p>\n\n<h3 class=\"wp-block-heading\">2019<\/h3>\n\n<p>Tekom na\u0161ih destih let smo se pridru\u017eevali razli\u010dnim mendarodnih kampanjam &#8211; nedavno tudi <strong><em>kampanji proti plastiki za enkratno uporabo<\/em><\/strong>, v kateri smo pozivali korporacijo Nestl\u00e9, naj kon\u010da svojo odvisnost od plastike za enkratno uporabo in prevzame svoj del odgovornosti za re\u0161evanje problema onesna\u017eenosti. Aktivisti so se zbrali v razli\u010dnih mestih po svetu pred pisarnami mednarodne korporacije, tudi v Sloveniji smo <a href=\"https:\/\/www.greenpeace.org\/slovenia\/sporocilo-za-javnost\/1534\/greenpeaceovi-aktivisti-vracajo-plasticne-odpadke-nazaj-na-sedez-podjetja-nestle\/\">obiskali sede\u017e<\/a> podjetja Nestl\u00e9 v Ljubljani.&nbsp;<\/p>\n\n<div class=\"wp-block-image\"><figure class=\"aligncenter size-large\"><img loading=\"lazy\" decoding=\"async\" width=\"1024\" height=\"768\" src=\"https:\/\/www.greenpeace.org\/static\/planet4-slovenia-stateless\/2021\/09\/ed1ac1d9-20190416_103855-1024x768.jpg\" alt=\"\" class=\"wp-image-49182\" srcset=\"https:\/\/www.greenpeace.org\/static\/planet4-slovenia-stateless\/2021\/09\/ed1ac1d9-20190416_103855-1024x768.jpg 1024w, https:\/\/www.greenpeace.org\/static\/planet4-slovenia-stateless\/2021\/09\/ed1ac1d9-20190416_103855-300x225.jpg 300w, https:\/\/www.greenpeace.org\/static\/planet4-slovenia-stateless\/2021\/09\/ed1ac1d9-20190416_103855-768x576.jpg 768w, https:\/\/www.greenpeace.org\/static\/planet4-slovenia-stateless\/2021\/09\/ed1ac1d9-20190416_103855-1536x1152.jpg 1536w, https:\/\/www.greenpeace.org\/static\/planet4-slovenia-stateless\/2021\/09\/ed1ac1d9-20190416_103855-2048x1536.jpg 2048w, https:\/\/www.greenpeace.org\/static\/planet4-slovenia-stateless\/2021\/09\/ed1ac1d9-20190416_103855-1821x1366.jpg 1821w, https:\/\/www.greenpeace.org\/static\/planet4-slovenia-stateless\/2021\/09\/ed1ac1d9-20190416_103855-453x340.jpg 453w\" sizes=\"auto, (max-width: 1024px) 100vw, 1024px\" \/><figcaption>Predaja smeti na sede\u017e podjetja Nestl\u00e9 v Ljubljani \u00a9 Katja Podbev\u0161ek \/ Greenpeace<\/figcaption><\/figure><\/div>\n\n<p>Naslednja odmevnej\u0161a akcija se je zgodila sredi vro\u010dega poletja. Na\u0161i aktivisti so na&nbsp; enega izmed hladilnih stolpov najve\u010dje premogovne elektrarne v Sloveniji<a href=\"https:\/\/www.greenpeace.org\/slovenia\/sporocilo-za-javnost\/2160\/projekcija-na-tes-to-je-podnebna-kriza\/\"> \u2013 TE\u0160 \u2013 projicirali planet Zemlja v plamenih z napisi \u00bbZvoni nam\u00ab, \u00bbTo je podnebna kriza\u00ab, \u00bbBrez premoga\u00ab.<\/a> S projekcijo so aktivisti pozvali Vlado Marjana \u0160arca, naj prepozna podnebno krizo kot nacionalno krizo,nemudoma ukrepa in razglasi konec premoga najkasneje leta 2030.<\/p>\n<div data-render=\"planet4-blocks\/gallery\" data-attributes=\"{&quot;attributes&quot;:{&quot;multiple_image&quot;:&quot;49188,49189,49198&quot;,&quot;gallery_block_focus_points&quot;:&quot;{\\&quot;49188\\&quot;:\\&quot;33% 68%\\&quot;,\\&quot;49189\\&quot;:\\&quot;42% 67%\\&quot;,\\&quot;49198\\&quot;:\\&quot;36% 63%\\&quot;}&quot;,&quot;image_data&quot;:[{&quot;url&quot;:&quot;https:\\\/\\\/www.greenpeace.org\\\/static\\\/planet4-slovenia-stateless\\\/2021\\\/09\\\/2703fa1e-c-tomislav-obrovac_48428270641_o-scaled.jpg&quot;,&quot;focalPoint&quot;:{&quot;x&quot;:&quot;0.33&quot;,&quot;y&quot;:&quot;0.68&quot;},&quot;id&quot;:49188},{&quot;url&quot;:&quot;https:\\\/\\\/www.greenpeace.org\\\/static\\\/planet4-slovenia-stateless\\\/2021\\\/09\\\/2ce33a6d-c-tomislav-obrovac_48428271586_o-scaled.jpg&quot;,&quot;focalPoint&quot;:{&quot;x&quot;:&quot;0.42&quot;,&quot;y&quot;:&quot;0.67&quot;},&quot;id&quot;:49189},{&quot;url&quot;:&quot;https:\\\/\\\/www.greenpeace.org\\\/static\\\/planet4-slovenia-stateless\\\/2021\\\/09\\\/a7005c99-c-tomislav-obrovac_48428413972_o-scaled.jpg&quot;,&quot;focalPoint&quot;:{&quot;x&quot;:&quot;0.36&quot;,&quot;y&quot;:&quot;0.63&quot;},&quot;id&quot;:49198}],&quot;gallery_block_style&quot;:0,&quot;gallery_block_title&quot;:&quot;&quot;,&quot;gallery_block_description&quot;:&quot;&quot;,&quot;images&quot;:[{&quot;image_src&quot;:&quot;https:\\\/\\\/www.greenpeace.org\\\/static\\\/planet4-slovenia-stateless\\\/2021\\\/09\\\/2703fa1e-c-tomislav-obrovac_48428270641_o-scaled.jpg&quot;,&quot;image_srcset&quot;:&quot;https:\\\/\\\/www.greenpeace.org\\\/static\\\/planet4-slovenia-stateless\\\/2021\\\/09\\\/2703fa1e-c-tomislav-obrovac_48428270641_o-scaled.jpg 2560w, https:\\\/\\\/www.greenpeace.org\\\/static\\\/planet4-slovenia-stateless\\\/2021\\\/09\\\/2703fa1e-c-tomislav-obrovac_48428270641_o-300x200.jpg 300w, https:\\\/\\\/www.greenpeace.org\\\/static\\\/planet4-slovenia-stateless\\\/2021\\\/09\\\/2703fa1e-c-tomislav-obrovac_48428270641_o-1024x683.jpg 1024w, https:\\\/\\\/www.greenpeace.org\\\/static\\\/planet4-slovenia-stateless\\\/2021\\\/09\\\/2703fa1e-c-tomislav-obrovac_48428270641_o-768x512.jpg 768w, https:\\\/\\\/www.greenpeace.org\\\/static\\\/planet4-slovenia-stateless\\\/2021\\\/09\\\/2703fa1e-c-tomislav-obrovac_48428270641_o-1536x1024.jpg 1536w, https:\\\/\\\/www.greenpeace.org\\\/static\\\/planet4-slovenia-stateless\\\/2021\\\/09\\\/2703fa1e-c-tomislav-obrovac_48428270641_o-2048x1366.jpg 2048w, https:\\\/\\\/www.greenpeace.org\\\/static\\\/planet4-slovenia-stateless\\\/2021\\\/09\\\/2703fa1e-c-tomislav-obrovac_48428270641_o-510x340.jpg 510w&quot;,&quot;image_sizes&quot;:false,&quot;alt_text&quot;:&quot;&quot;,&quot;caption&quot;:&quot;&quot;,&quot;focus_image&quot;:&quot;33% 68%&quot;,&quot;credits&quot;:&quot;\\u00a9 Tomislav Obrovac \\\/ Greenpeace&quot;},{&quot;image_src&quot;:&quot;https:\\\/\\\/www.greenpeace.org\\\/static\\\/planet4-slovenia-stateless\\\/2021\\\/09\\\/2ce33a6d-c-tomislav-obrovac_48428271586_o-scaled.jpg&quot;,&quot;image_srcset&quot;:&quot;https:\\\/\\\/www.greenpeace.org\\\/static\\\/planet4-slovenia-stateless\\\/2021\\\/09\\\/2ce33a6d-c-tomislav-obrovac_48428271586_o-scaled.jpg 2560w, https:\\\/\\\/www.greenpeace.org\\\/static\\\/planet4-slovenia-stateless\\\/2021\\\/09\\\/2ce33a6d-c-tomislav-obrovac_48428271586_o-300x200.jpg 300w, https:\\\/\\\/www.greenpeace.org\\\/static\\\/planet4-slovenia-stateless\\\/2021\\\/09\\\/2ce33a6d-c-tomislav-obrovac_48428271586_o-1024x683.jpg 1024w, https:\\\/\\\/www.greenpeace.org\\\/static\\\/planet4-slovenia-stateless\\\/2021\\\/09\\\/2ce33a6d-c-tomislav-obrovac_48428271586_o-768x512.jpg 768w, https:\\\/\\\/www.greenpeace.org\\\/static\\\/planet4-slovenia-stateless\\\/2021\\\/09\\\/2ce33a6d-c-tomislav-obrovac_48428271586_o-1536x1024.jpg 1536w, https:\\\/\\\/www.greenpeace.org\\\/static\\\/planet4-slovenia-stateless\\\/2021\\\/09\\\/2ce33a6d-c-tomislav-obrovac_48428271586_o-2048x1366.jpg 2048w, https:\\\/\\\/www.greenpeace.org\\\/static\\\/planet4-slovenia-stateless\\\/2021\\\/09\\\/2ce33a6d-c-tomislav-obrovac_48428271586_o-510x340.jpg 510w&quot;,&quot;image_sizes&quot;:false,&quot;alt_text&quot;:&quot;&quot;,&quot;caption&quot;:&quot;&quot;,&quot;focus_image&quot;:&quot;42% 67%&quot;,&quot;credits&quot;:&quot;\\u00a9 Tomislav Obrovac \\\/ Greenpeace&quot;},{&quot;image_src&quot;:&quot;https:\\\/\\\/www.greenpeace.org\\\/static\\\/planet4-slovenia-stateless\\\/2021\\\/09\\\/a7005c99-c-tomislav-obrovac_48428413972_o-scaled.jpg&quot;,&quot;image_srcset&quot;:&quot;https:\\\/\\\/www.greenpeace.org\\\/static\\\/planet4-slovenia-stateless\\\/2021\\\/09\\\/a7005c99-c-tomislav-obrovac_48428413972_o-scaled.jpg 2560w, https:\\\/\\\/www.greenpeace.org\\\/static\\\/planet4-slovenia-stateless\\\/2021\\\/09\\\/a7005c99-c-tomislav-obrovac_48428413972_o-300x200.jpg 300w, https:\\\/\\\/www.greenpeace.org\\\/static\\\/planet4-slovenia-stateless\\\/2021\\\/09\\\/a7005c99-c-tomislav-obrovac_48428413972_o-1024x683.jpg 1024w, https:\\\/\\\/www.greenpeace.org\\\/static\\\/planet4-slovenia-stateless\\\/2021\\\/09\\\/a7005c99-c-tomislav-obrovac_48428413972_o-768x512.jpg 768w, https:\\\/\\\/www.greenpeace.org\\\/static\\\/planet4-slovenia-stateless\\\/2021\\\/09\\\/a7005c99-c-tomislav-obrovac_48428413972_o-1536x1024.jpg 1536w, https:\\\/\\\/www.greenpeace.org\\\/static\\\/planet4-slovenia-stateless\\\/2021\\\/09\\\/a7005c99-c-tomislav-obrovac_48428413972_o-2048x1366.jpg 2048w, https:\\\/\\\/www.greenpeace.org\\\/static\\\/planet4-slovenia-stateless\\\/2021\\\/09\\\/a7005c99-c-tomislav-obrovac_48428413972_o-510x340.jpg 510w&quot;,&quot;image_sizes&quot;:false,&quot;alt_text&quot;:&quot;&quot;,&quot;caption&quot;:&quot;&quot;,&quot;focus_image&quot;:&quot;36% 63%&quot;,&quot;credits&quot;:&quot;\\u00a9 Tomislav Obrovac \\\/ Greenpeace&quot;}]}}\"><\/div>\n<h3 class=\"wp-block-heading\">2020<\/h3>\n\n<p>V t.i. \u2018\u2019korona letu\u2019\u2019 smo tudi mi morali prilagoditi na\u0161e aktivnosti vsem omejitvam, povezanim z epidemijo Covida-19.&nbsp; Na\u0161e delo se je preselilo v doma\u010de pisarne, vseeno pa smo <a href=\"https:\/\/www.greenpeace.org\/slovenia\/blog\/3486\/spoznaj-andreja-vizijo\/\">politike <strong>opozarjali<\/strong><\/a><strong> na pomembnost zelenega okrevanja gospodarstva po zdravstveni krizi. <\/strong><a href=\"https:\/\/www.greenpeace.org\/slovenia\/ukrepaj\/zeleni-odgovor-na-krizo-covid-19\/?_gl=1*7igrmp*_ga*MTc5NzUyNDY2Mi4xNjEwMzc2MzU0*_ga_6MSWVW2WHS*MTYzMTA4NjQ0My45Ni4xLjE2MzEwOTc3ODQuMA..&amp;_ga=2.130553930.45324951.1631018038-1797524662.1610376354\">Pripravili smo celovit in ob\u0161iren seznam nabor predlogov<\/a>, s katerimi smo od Vlade RS zahtevali, da milijarde, ki se stekajo v zagon gospodarstva uskladi z&nbsp; ukrepi, ki bodo vodili k nujnemu zni\u017eevanju emisij toplogrednih plinov in nas za\u0161\u010ditili pred gro\u017enjami, povezanimi s podnebnimi spremembami. Na\u0161emu <a href=\"https:\/\/act.greenpeace.org\/page\/59518\/petition\/1?locale=sl-SI\">spletnemu pozivu<\/a>, naslovljenemu na Vlado RS, se je pridru\u017eilo skoraj 7000 posameznikov. Na \u201cozelenitev\u201d Nacionalnega na\u010drta za okrevanje in odpornost smo opozorili tudi z <a href=\"https:\/\/www.greenpeace.org\/slovenia\/sporocilo-za-javnost\/3575\/evropski-milijoni-za-ceste-ali-zeleznice\/\">nepri\u010dakovanim gostom pred vrati Vlade RS.<\/a> &nbsp;<\/p>\n\n<p>V okviru na\u0161ih prizadevanj za energetsko tranzicijo od fosilnih k obnovljivim virom energije smo organizirali tudi <a href=\"https:\/\/www.greenpeace.org\/slovenia\/blog\/3443\/konferenca-kriticno-o-jedrski-posnetki-predavanj\/\">spletno konferenco<\/a><strong><em> \u201cCritically examining nuclear as a (false) climate solution\u201d. <\/em><\/strong>Na konferenci so sodelovali ugledni mednarodni strokovnjaki, ki so z razli\u010dnih vidikov kriti\u010dno ovrednotili vlogo novih jedrskih gradenj kot pri re\u0161evanju podnebne krize.&nbsp;<\/p>\n\n<h3 class=\"wp-block-heading\">2021<\/h3>\n\n<p>Letos smo bili pri\u010da najve\u010djemu okoljskemu uspehu civilne dru\u017ebe v samostojni Sloveniji &#8211; zavrnitev spornih sprememb zakona o vodah na referendumu. Pridru\u017eili smo referendumski kampanji Za pitno vodo, v kateri smo sodelovali s \u0161tevilnimi organizacijami &#8211; med njimi In\u0161titut 8. marec, Eko krog, Smetumet, Umanotera, Cipra Slovenija idr. K celotnemu anga\u017emaju in mobilizaciji volilcev smo prispevali tudi s svojimi aktivnostmi.&nbsp;<\/p>\n\n<p>Skoraj vsa zadnja leta vztrajno ponavljamo zahtevo, da mora Slovenija opustiti premog do leta 2030, kot nam to veleva podnebna znanost.&nbsp;<\/p>\n\n<p>V pri\u010dakovanju javne razprave o opu\u0161\u010danju premoga v Sloveniji smo <a href=\"https:\/\/www.greenpeace.org\/slovenia\/blog\/3784\/konferenca-konec-premoga-podnebna-kriza-evropske-politike-in-ekonomski-trendi-posnetki-predavanj\/\">organizirali mednarodno spletno konferenco<\/a> <strong><em>End of Coal: Climate Crisis, EU Policies and Economic Trends.&nbsp;<\/em><\/strong><\/p>\n\n<hr class=\"wp-block-separator\"\/>\n\n<p>Pri pripravi tega zapisa smo se tudi sami spomnili na \u0161tevilne bolj ali manj odmevne kampanje. V ve\u010d kot desetletju se jih je nabralo res veliko, na katere smo ponosni. Veliko dela pa je tudi takega, ki nima ve\u010djega javnega odmeva oz. se njegovih rezultatov ne vidi na kratek rok. Ampak nekaj dr\u017ei &#8211; politikom in podjetjem res ne damo miru! Priznamo pa, da smo se kdaj tudi kje zataknili, padli, se pobrali in \u0161li naprej. Jasno pa je nekaj &#8211; vsega tega nikakor ne bi mogli dose\u010di brez vseh na\u0161ih podpornikov, ki nam omogo\u010date, da smo v na\u0161ih zahtevah in prizadevanjih glasni in neodvisni. Skupaj z va\u0161o podporo bomo tako delovali \u0161e naprej.<\/p>\n\n<p>Postanite na\u0161 mese\u010dni donator ter omogo\u010dite na\u0161e nadaljno delo in podprite kampanje za za\u0161\u010dito okolja!<\/p>\n\n<div class=\"wp-block-buttons is-layout-flex wp-block-buttons-is-layout-flex\">\n<div class=\"wp-block-button is-style-donate\"><a class=\"wp-block-button__link\" href=\"https:\/\/cee.donate.greenpeace.org\/sl\/campaigns\">DARUJ!<\/a><\/div>\n<\/div>\n\n<hr class=\"wp-block-separator\"\/>\n\t\t\t<section\n\t\t\tclass=\"boxout post-2045 \"\n\t\t\t\n\t\t>\n\t\t\t<a\n\t\t\t\tdata-ga-category=\"Take Action Boxout\"\n\t\t\t\tdata-ga-action=\"Image\"\n\t\t\t\tdata-ga-label=\"n\/a\"\n\t\t\t\tclass=\"cover-card-overlay\"\n\t\t\t\thref=\"https:\/\/www.greenpeace.org\/slovenia\/ukrepaj\/doniraj\/\" \n\t\t\t><\/a>\n\t\t\t\t\t\t\t<img\n\t\t\t\t\t\tsrc=\"https:\/\/www.greenpeace.org\/static\/planet4-slovenia-stateless\/2019\/04\/61238f7f-gp04k5b-1024x683.jpg\"\n\t\t\t\t\t\tsrcset=\"https:\/\/www.greenpeace.org\/static\/planet4-slovenia-stateless\/2019\/04\/61238f7f-gp04k5b-300x200.jpg 300w, https:\/\/www.greenpeace.org\/static\/planet4-slovenia-stateless\/2019\/04\/61238f7f-gp04k5b-768x512.jpg 768w, https:\/\/www.greenpeace.org\/static\/planet4-slovenia-stateless\/2019\/04\/61238f7f-gp04k5b-1024x683.jpg 1024w, https:\/\/www.greenpeace.org\/static\/planet4-slovenia-stateless\/2019\/04\/61238f7f-gp04k5b-510x340.jpg 510w, https:\/\/www.greenpeace.org\/static\/planet4-slovenia-stateless\/2019\/04\/61238f7f-gp04k5b.jpg 1200w\"\n\t\t\t\t\t\tsizes=\"(min-width: 1000px) 358px, (min-width: 780px) 313px, 88px\"\n\t\t\t\t\t\talt=\"Rainbow Warrior Near the Queensland Coast. \u00a9 Tom  Jefferson \/ Greenpeace\" title=\"Rainbow Warrior Near the Queensland Coast. \u00a9 Tom  Jefferson \/ Greenpeace\"\n\t\t\t\t\/>\n            \t\t\t<div class=\"boxout-content\">\n\t\t\t\t\t\t\t\t\t<a\n\t\t\t\t\t\tclass=\"boxout-heading medium\"\n\t\t\t\t\t\tdata-ga-category=\"Take Action Boxout\"\n\t\t\t\t\t\tdata-ga-action=\"Title\"\n\t\t\t\t\t\tdata-ga-label=\"n\/a\"\n\t\t\t\t\t\thref=\"https:\/\/www.greenpeace.org\/slovenia\/ukrepaj\/doniraj\/\"\n\t\t\t\t\t\t\n\t\t\t\t\t>\n\t\t\t\t\t\tDoniraj\n\t\t\t\t\t<\/a>\n\t\t\t\t\t\t\t\t\t\t\t\t\t<p class=\"boxout-excerpt\">Greenpeace ne sprejema finan\u010dnih sredstev in\u0161titucij EU, vlad, korporacij ali politi\u010dnih strank &#8211; na\u0161e delo je mogo\u010de le zaradi donacij posameznikov.<\/p>\n\t\t\t\t                                    <a\n                        class=\"btn btn-primary\"\n                        data-ga-category=\"Take Action Boxout\"\n                        data-ga-action=\"Call to Action\"\n                        data-ga-label=\"n\/a\"\n                        href=\"https:\/\/www.greenpeace.org\/slovenia\/ukrepaj\/doniraj\/\"\n                        \n                    >\n                        Pridru\u017ei se\n                    <\/a>\n                \t\t\t<\/div>\n\t\t\t\t\t<\/section>\n\t","protected":false},"excerpt":{"rendered":"<p>Ob prihajajo\u010di 50. obletnici organizacije Greenpeace se spominjamo tudi \u0161tevilnih kampanj in dose\u017ekov, ki jih je Greenpeaceova ekipa skupaj s \u0161tevilnimi podporniki in prostovoljci dosegla v Sloveniji.<\/p>\n","protected":false},"author":23,"featured_media":49125,"comment_status":"closed","ping_status":"open","sticky":false,"template":"","format":"standard","meta":{"ep_exclude_from_search":false,"p4_og_title":"","p4_og_description":"","p4_og_image":"","p4_og_image_id":"","p4_seo_canonical_url":"","p4_campaign_name":"not set","p4_local_project":"not set","p4_basket_name":"not set","p4_department":"","footnotes":""},"categories":[44],"tags":[27],"p4-page-type":[24],"class_list":["post-49112","post","type-post","status-publish","format-standard","has-post-thumbnail","hentry","category-o-nas","tag-greenpeace","p4-page-type-blog"],"_links":{"self":[{"href":"https:\/\/www.greenpeace.org\/slovenia\/wp-json\/wp\/v2\/posts\/49112","targetHints":{"allow":["GET"]}}],"collection":[{"href":"https:\/\/www.greenpeace.org\/slovenia\/wp-json\/wp\/v2\/posts"}],"about":[{"href":"https:\/\/www.greenpeace.org\/slovenia\/wp-json\/wp\/v2\/types\/post"}],"author":[{"embeddable":true,"href":"https:\/\/www.greenpeace.org\/slovenia\/wp-json\/wp\/v2\/users\/23"}],"replies":[{"embeddable":true,"href":"https:\/\/www.greenpeace.org\/slovenia\/wp-json\/wp\/v2\/comments?post=49112"}],"version-history":[{"count":20,"href":"https:\/\/www.greenpeace.org\/slovenia\/wp-json\/wp\/v2\/posts\/49112\/revisions"}],"predecessor-version":[{"id":52816,"href":"https:\/\/www.greenpeace.org\/slovenia\/wp-json\/wp\/v2\/posts\/49112\/revisions\/52816"}],"wp:featuredmedia":[{"embeddable":true,"href":"https:\/\/www.greenpeace.org\/slovenia\/wp-json\/wp\/v2\/media\/49125"}],"wp:attachment":[{"href":"https:\/\/www.greenpeace.org\/slovenia\/wp-json\/wp\/v2\/media?parent=49112"}],"wp:term":[{"taxonomy":"category","embeddable":true,"href":"https:\/\/www.greenpeace.org\/slovenia\/wp-json\/wp\/v2\/categories?post=49112"},{"taxonomy":"post_tag","embeddable":true,"href":"https:\/\/www.greenpeace.org\/slovenia\/wp-json\/wp\/v2\/tags?post=49112"},{"taxonomy":"p4-page-type","embeddable":true,"href":"https:\/\/www.greenpeace.org\/slovenia\/wp-json\/wp\/v2\/p4-page-type?post=49112"}],"curies":[{"name":"wp","href":"https:\/\/api.w.org\/{rel}","templated":true}]}}