{"id":49316,"date":"2021-11-16T12:42:03","date_gmt":"2021-11-16T12:42:03","guid":{"rendered":"https:\/\/www.greenpeace.org\/slovenia\/?p=49316"},"modified":"2023-06-01T16:09:13","modified_gmt":"2023-06-01T16:09:13","slug":"po-cop26-mesani-obcutki","status":"publish","type":"post","link":"https:\/\/www.greenpeace.org\/slovenia\/blog\/49316\/po-cop26-mesani-obcutki\/","title":{"rendered":"Po COP26: Me\u0161ani ob\u010dutki"},"content":{"rendered":"\n<p><strong><em>\u00bbJe krotek, \u0161ibek in cilj 1,5\u00a0\u00b0C je komajda \u017eiv, vendar je bil poslan signal, da se doba premoga kon\u010duje. In to \u0161teje.&#8221;<\/em> <\/strong>Tako je dogovor iz podnebne konferenca v Glasgowu na \u0160kotskem (COP26) pospremila Jennifer Morgan, izvr\u0161na direktorica globalnega Greenpeacea.<\/p>\n\n<p>Na podnebni konferenci v Parizu pred \u0161estimi leti je bil podpisan Pari\u0161ki podnebni sporazum, s katerim si je svet zastavil cilj<strong> <em>omejiti dvig globalne temperature na najve\u010d +1,5\u00a0\u00b0C<\/em><\/strong>. Meja za katero znanstveniki ocenjujejo, da predstavlja \u0161e \u201cvarno\u201d oz. sprejemljivo stopnjo segretja na\u0161ega ozra\u010dja. Leto\u0161nja konferenca na \u0160kotskem bi naj zapolnila vrzel med tem ciljem in zavezami dr\u017eav. To se ni zgodilo. Svet ostaja na poti k segrevanju za 2,7\u00a0\u00b0C\u00a0 &#8211; scenarij, ki si ga \u010dlove\u0161ka civilizacija ne \u017eeli izkusiti.\u00a0<\/p>\n\n<p>Mile besede v dogovoru, ki ne ustrezajo alarmantnemu stanju, so nas upravi\u010deno pustile razo\u010darane in jezne, predvsem prebivalci dr\u017eav, ki so \u017ee danes zaradi podnebnih sprememb najbolj na udaru, se po\u010dutijo izdane. <strong>Dogovor se izogiba jasni zavezi o koncu fosilnih goriv.<\/strong> In \u010detudi priznava potrebo po globokem zmanj\u0161anju emisij v tem desetletju, te zaveze prena\u0161a na naslednje leto. A kak\u0161en premik vseeno lahko vzamemo iz Glasgowa. \u010cetudi je bil kon\u010dni del teksta o premogu v zadnjih urah oslabljen, je COP vseeno dal pomemben signal, da je premog na pragu zgodovine.&nbsp;<\/p>\n\n<p><strong>Meja 1,5\u00a0\u00b0C pa vseeno visi na nitki &#8211; a razo\u010daranje se ne sme sprevre\u010di v obup. Na vse kriplje se moramo boriti, da ta cilj ohranimo pri \u017eivljenju, v dvorani podnebnih pogajanj naslednje leto in zunaj.\u00a0<\/strong><\/p>\n\n<p>Podnebna pogajanja predstavljajo oder, ko se svetovni voditelji osredoto\u010dajo na izredne podnebne razmere. Vanje so uprte o\u010di celotne javnosti in svetovnih medijev. A podnebne konference se zgodijo enkrat na leto, mi pa imamo vsak dan prilo\u017enost, da stopimo v bran na\u0161emu okolju. \u0160e ve\u010d, imamo tudi mo\u017enost dolo\u010dati, kdo se v na\u0161em imenu pogaja v halah podnebnih konferenc.<\/p>\n\n<p><strong>In v tem le\u017ei na\u0161 najve\u010dji vir upanja.&nbsp;<\/strong><\/p>\n\n<p>Razlog, da se izpusti ne ni\u017eajo dovolj hitro, ni v denarju ali dostopnih tehnologijah. Ovira je predvsem politi\u010dna volja oz. politi\u010dni pogum. Poskrbeti moramo, da tudi na\u0161i politi\u010dni predstavniki dojamejo in dohitijo realno stanje. Kot je dejala Jennifer Morgan: <em>\u201cZaradi samopre\u017eivetja se moramo nujno mobilizirati, da naredimo neustavljiv pritisk, ki bo kon\u010dal obdobje fosilnih goriv.\u201d<\/em><\/p>\n\n<figure class=\"wp-block-image\"><img decoding=\"async\" src=\"https:\/\/lh4.googleusercontent.com\/mFKQoYDht6kv8UdNdWni70IAZSkILVSlrADwFafZGMr3P8DCRINAw7_2OLUHbqtw4YcgXyGFCVnD-sYvLSCMnAExHOlnqlFTIfrHrhedykV0se8TT44MkvX2SiSxa6GEQwhIs-KX\" alt=\"\"\/><figcaption>Podnebni protest na ulicah Glasgowa, 6. november 2021<\/figcaption><\/figure>\n\n<p>In naslednje leto bomo imeli mnogo prilo\u017enosti za mobilizacijo. Ali ste vedeli, da je naslednje leto v Sloveniji (super)volilno leto? Glasovali bomo na&nbsp; dr\u017eavnozborskih, lokalnih in predsedni\u0161kih volitvah! Tudi zato smo se skupaj s \u0161tevilnimi nevladnimi organizacijami povezali v iniciativo <strong><em>\u201cGlas ljudstva\u201d<\/em><\/strong>.<\/p>\n\n<p>Obi\u0161\u010di spletno stran <a href=\"https:\/\/glas-ljudstva.si\/\">https:\/\/glas-ljudstva.si\/<\/a> &#8211; <strong>preberi, deli in se pridru\u017ei.<\/strong><\/p>\n\n<p>Gre za nabor zahtev iz razli\u010dnih podro\u010dij (od socialnih pravic, pravne dr\u017eave, volilnega sistema, sodstva, zdravstva, izobra\u017eevanja, medijev, kuture in seveda okolja). V \u010dasu pred volitvami bomo od strank zahtevali, da se do teh zahtev opredelijo, kasneje pa, da jih tudi uresni\u010dujejo.&nbsp;<\/p>\n\n<p>\u017divimo v podnebni krizi in volitve morajo biti temu primerne. Podnebna vpra\u0161anja morajo biti med prvimi, ki jih zastavimo in prvi odgovor, ki ga dobimo. Predstavniki, ki govorijo o kurjenju premoga \u0161e naslednjih 10, 15 ali \u0161e ve\u010d let, se preprosto&nbsp; ne morejo odlo\u010dati v na\u0161em imenu.<\/p>\n\n<p>Slovenija je na \u0160kotskem, kot trenutno predsedujo\u010da Svetu EU, vodila podnebna pogajanja v imenu Evropske unije. Pri\u010dakovali smo vsaj, da bo v \u010dasu trajanja podnebne konference Ministrstvo za infrastrukturo sprejelo letnico za prenehanje rabe premoga v Sloveniji, ki bo v skladu s Pari\u0161kim ciljem. \u017dal pa ostajamo ena izmed treh evropskih dr\u017eav, ki \u0161e nima letnice izstopa iz premoga.<\/p>\n\n<p>Ni torej samoumevno, da na\u0161i voditelji delujejo v korist nas in na\u0161ega okolja. Na nas je, da to zahtevamo!<\/p>\n\n<p>Borbeno naprej!<\/p>\n\t\t\t<section\n\t\t\tclass=\"boxout post-2045 \"\n\t\t\t\n\t\t>\n\t\t\t<a\n\t\t\t\tdata-ga-category=\"Take Action Boxout\"\n\t\t\t\tdata-ga-action=\"Image\"\n\t\t\t\tdata-ga-label=\"n\/a\"\n\t\t\t\tclass=\"cover-card-overlay\"\n\t\t\t\thref=\"https:\/\/www.greenpeace.org\/slovenia\/ukrepaj\/doniraj\/\" \n\t\t\t><\/a>\n\t\t\t\t\t\t\t<img\n\t\t\t\t\t\tsrc=\"https:\/\/www.greenpeace.org\/static\/planet4-slovenia-stateless\/2019\/04\/61238f7f-gp04k5b-1024x683.jpg\"\n\t\t\t\t\t\tsrcset=\"https:\/\/www.greenpeace.org\/static\/planet4-slovenia-stateless\/2019\/04\/61238f7f-gp04k5b-300x200.jpg 300w, https:\/\/www.greenpeace.org\/static\/planet4-slovenia-stateless\/2019\/04\/61238f7f-gp04k5b-768x512.jpg 768w, https:\/\/www.greenpeace.org\/static\/planet4-slovenia-stateless\/2019\/04\/61238f7f-gp04k5b-1024x683.jpg 1024w, https:\/\/www.greenpeace.org\/static\/planet4-slovenia-stateless\/2019\/04\/61238f7f-gp04k5b-510x340.jpg 510w, https:\/\/www.greenpeace.org\/static\/planet4-slovenia-stateless\/2019\/04\/61238f7f-gp04k5b.jpg 1200w\"\n\t\t\t\t\t\tsizes=\"(min-width: 1000px) 358px, (min-width: 780px) 313px, 88px\"\n\t\t\t\t\t\talt=\"Rainbow Warrior Near the Queensland Coast. \u00a9 Tom  Jefferson \/ Greenpeace\" title=\"Rainbow Warrior Near the Queensland Coast. \u00a9 Tom  Jefferson \/ Greenpeace\"\n\t\t\t\t\/>\n            \t\t\t<div class=\"boxout-content\">\n\t\t\t\t\t\t\t\t\t<a\n\t\t\t\t\t\tclass=\"boxout-heading medium\"\n\t\t\t\t\t\tdata-ga-category=\"Take Action Boxout\"\n\t\t\t\t\t\tdata-ga-action=\"Title\"\n\t\t\t\t\t\tdata-ga-label=\"n\/a\"\n\t\t\t\t\t\thref=\"https:\/\/www.greenpeace.org\/slovenia\/ukrepaj\/doniraj\/\"\n\t\t\t\t\t\t\n\t\t\t\t\t>\n\t\t\t\t\t\tDoniraj\n\t\t\t\t\t<\/a>\n\t\t\t\t\t\t\t\t\t\t\t\t\t<p class=\"boxout-excerpt\">Greenpeace ne sprejema finan\u010dnih sredstev in\u0161titucij EU, vlad, korporacij ali politi\u010dnih strank &#8211; na\u0161e delo je mogo\u010de le zaradi donacij posameznikov.<\/p>\n\t\t\t\t                                    <a\n                        class=\"btn btn-primary\"\n                        data-ga-category=\"Take Action Boxout\"\n                        data-ga-action=\"Call to Action\"\n                        data-ga-label=\"n\/a\"\n                        href=\"https:\/\/www.greenpeace.org\/slovenia\/ukrepaj\/doniraj\/\"\n                        \n                    >\n                        Pridru\u017ei se\n                    <\/a>\n                \t\t\t<\/div>\n\t\t\t\t\t<\/section>\n\t","protected":false},"excerpt":{"rendered":"<p>Je krotek, \u0161ibek in cilj 1,5 \u00b0C je komajda \u017eiv, vendar je bil poslan signal, da se doba premoga kon\u010duje. In to \u0161teje.<\/p>\n","protected":false},"author":23,"featured_media":49319,"comment_status":"closed","ping_status":"open","sticky":false,"template":"","format":"standard","meta":{"ep_exclude_from_search":false,"p4_og_title":"","p4_og_description":"","p4_og_image":"","p4_og_image_id":"","p4_seo_canonical_url":"","p4_campaign_name":"not set","p4_local_project":"not set","p4_basket_name":"not set","p4_department":"","footnotes":""},"categories":[45],"tags":[23],"p4-page-type":[24],"class_list":["post-49316","post","type-post","status-publish","format-standard","has-post-thumbnail","hentry","category-podnebje","tag-podnebje","p4-page-type-blog"],"_links":{"self":[{"href":"https:\/\/www.greenpeace.org\/slovenia\/wp-json\/wp\/v2\/posts\/49316","targetHints":{"allow":["GET"]}}],"collection":[{"href":"https:\/\/www.greenpeace.org\/slovenia\/wp-json\/wp\/v2\/posts"}],"about":[{"href":"https:\/\/www.greenpeace.org\/slovenia\/wp-json\/wp\/v2\/types\/post"}],"author":[{"embeddable":true,"href":"https:\/\/www.greenpeace.org\/slovenia\/wp-json\/wp\/v2\/users\/23"}],"replies":[{"embeddable":true,"href":"https:\/\/www.greenpeace.org\/slovenia\/wp-json\/wp\/v2\/comments?post=49316"}],"version-history":[{"count":5,"href":"https:\/\/www.greenpeace.org\/slovenia\/wp-json\/wp\/v2\/posts\/49316\/revisions"}],"predecessor-version":[{"id":49329,"href":"https:\/\/www.greenpeace.org\/slovenia\/wp-json\/wp\/v2\/posts\/49316\/revisions\/49329"}],"wp:featuredmedia":[{"embeddable":true,"href":"https:\/\/www.greenpeace.org\/slovenia\/wp-json\/wp\/v2\/media\/49319"}],"wp:attachment":[{"href":"https:\/\/www.greenpeace.org\/slovenia\/wp-json\/wp\/v2\/media?parent=49316"}],"wp:term":[{"taxonomy":"category","embeddable":true,"href":"https:\/\/www.greenpeace.org\/slovenia\/wp-json\/wp\/v2\/categories?post=49316"},{"taxonomy":"post_tag","embeddable":true,"href":"https:\/\/www.greenpeace.org\/slovenia\/wp-json\/wp\/v2\/tags?post=49316"},{"taxonomy":"p4-page-type","embeddable":true,"href":"https:\/\/www.greenpeace.org\/slovenia\/wp-json\/wp\/v2\/p4-page-type?post=49316"}],"curies":[{"name":"wp","href":"https:\/\/api.w.org\/{rel}","templated":true}]}}