{"id":49434,"date":"2021-12-15T13:36:26","date_gmt":"2021-12-15T13:36:26","guid":{"rendered":"https:\/\/www.greenpeace.org\/slovenia\/?p=49434"},"modified":"2025-07-02T09:41:22","modified_gmt":"2025-07-02T07:41:22","slug":"ce-ne-morem-plesati-nocem-vase-revolucije","status":"publish","type":"post","link":"https:\/\/www.greenpeace.org\/slovenia\/blog\/49434\/ce-ne-morem-plesati-nocem-vase-revolucije\/","title":{"rendered":"\u010ce ne morem plesati, no\u010dem va\u0161e revolucije!"},"content":{"rendered":"\n<h2 class=\"wp-block-heading\">50 let Greenpeacea in glasbe<\/h2>\n\n<p>Marie in Jim Bohlen sta se skorajda po naklju\u010dju spomnila na\u010drta, kako protestirati proti preizkusom jedrskega oro\u017eja, ki jih je ameri\u0161ka vlada opravljala na Am\u010ditki, samotnem otoku na Aljaski. Pisalo se je leto 1970, in zakonca Bohlen \u2013 ki sta bila \u010dlana majhne skupine ekologov in aktivistov iz kanadskega Vancouvra po imenu <em>\u00bbOdbor Ne ustvarite vala\u00ab<\/em> \u2013 sta razpravljala, kaj naj storijo, da poskusijo prepre\u010diti skoraj\u0161njo jedrsko eksplozijo, ko je Marie Bohlen ustrelila s predlogom:<em> \u00bbKar z jadrnico odplujmo tja.\u00ab<\/em><\/p>\n\n<p>Kasneje tistega dne je novinar \u010dasopisa <em>Vancouver Sun<\/em> poklical Jima Bohlena in ga vpra\u0161al, kaj nameravajo storiti v protest proti na\u010drtovanemu jedrskemu preizkusu. Bohlen, ki ni vedel, kaj naj mu odgovori, je izdavil: \u00bbUpamo, da bomo z jadrnico pripluli na Am\u010ditko in se soo\u010dili z bombo.\u00ab Naslednjega dne je \u010dasopis objavil \u010dlanek o tem, in na\u010drt je bil sprejet.<\/p>\n\n<figure class=\"wp-block-image size-full\"><img loading=\"lazy\" decoding=\"async\" width=\"938\" height=\"1024\" src=\"https:\/\/www.greenpeace.org\/static\/planet4-slovenia-stateless\/2021\/12\/34054d37-dorothy-irving-stowe-j.-bohlen-marining-bree-1971-938x1024-1.jpg\" alt=\"\" class=\"wp-image-49435\" srcset=\"https:\/\/www.greenpeace.org\/static\/planet4-slovenia-stateless\/2021\/12\/34054d37-dorothy-irving-stowe-j.-bohlen-marining-bree-1971-938x1024-1.jpg 938w, https:\/\/www.greenpeace.org\/static\/planet4-slovenia-stateless\/2021\/12\/34054d37-dorothy-irving-stowe-j.-bohlen-marining-bree-1971-938x1024-1-275x300.jpg 275w, https:\/\/www.greenpeace.org\/static\/planet4-slovenia-stateless\/2021\/12\/34054d37-dorothy-irving-stowe-j.-bohlen-marining-bree-1971-938x1024-1-768x838.jpg 768w, https:\/\/www.greenpeace.org\/static\/planet4-slovenia-stateless\/2021\/12\/34054d37-dorothy-irving-stowe-j.-bohlen-marining-bree-1971-938x1024-1-311x340.jpg 311w\" sizes=\"auto, (max-width: 938px) 100vw, 938px\" \/><figcaption><em>Od leve proti desni: Dorothy in Irving Stowe z Bree Drummond, Jimom Bohlenom in Rodom Mariningom, leta 1971. \u00a9 Zasebni arhiv Roberta Stowa<\/em><\/figcaption><\/figure>\n\n<p>Odbor <em>\u00bbNe ustvarite vala\u00ab<\/em> se je kmalu preimenoval v <em>\u00bbGreenpeace\u00ab<\/em>, in Bohlenov na\u010drt \u2013 izposoditi si staro ribi\u0161ko barko in z njo odjadrati na lokacijo na\u010drtovanega jedrskega preizkusa na Aljasko \u2013 je postala prva Greenpeaceova odprava v zgodovini.<\/p>\n\n<p>Da bi zbrali potrebna sredstva za najem stare ribi\u0161ke ladje ter z njo odpluli na Aljasko, da bi prepre\u010dili detonacijo jedrske bombe, je Irving Stowe, \u0161e eden izmed \u010dlanov odbora, prosil <strong>pevko Joan Baez<\/strong>, naj priredi dobrodelni koncert za financiranje kampanje. Joan Baez se ga ni mogla udele\u017eiti, je pa Stowa predstavila <strong>Joni Mitchell<\/strong>, ki se je strinjala z nastopom in je s sabo pripeljala \u0161e svojo vzhajajo\u010do zvezdo, <strong>Jamesa Taylorja<\/strong>. Na dogodku, ki so ga organizirali oktobra 1970 v Vancouvru, so zbrali 17.000 ameri\u0161kih dolarjev \u2013 dovolj za najem barke in nekaj osnovnih stro\u0161kov.<\/p>\n\n<h3 class=\"wp-block-heading\">Leto 1970: Joni Mitchell in James Taylor nastopata na koncertu za zbiranje sredstev za prvo Greenpeaceovo odpravo. <\/h3>\n\n<figure class=\"wp-block-embed is-type-video is-provider-youtube wp-block-embed-youtube wp-embed-aspect-16-9 wp-has-aspect-ratio\"><div class=\"wp-block-embed__wrapper\">\n<lite-youtube style=\"background-image: url('https:\/\/i.ytimg.com\/vi\/u7oL8b5lA4A\/hqdefault.jpg');\" videoid=\"u7oL8b5lA4A\" params=\"rel=0\"><\/lite-youtube>\n<\/div><figcaption><em>James Taylor govori o izku\u0161nji igranja <em>z Joni Mitchell<\/em> na koncertu za Am\u010ditko, Vancouver, 1970.<\/em><\/figcaption><\/figure>\n\n<p><strong>S tega vidika so sami za\u010detki organizacije Greenpeace povezani z glasbo. Ta je dopolnjevala in omogo\u010dala ustvarjalnost, pogum in neposredno delovanje za za\u0161\u010dito na\u0161e narave, ki so od prvih dni Greenpeace postali za\u0161\u010ditni znaki organizacije.<\/strong><\/p>\n\n<p>Ta povezava ostaja enaka \u017ee pet desetletij. V nadaljevanju predstavljam nekaj utrinkov.<\/p>\n\n<h3 class=\"wp-block-heading\"><strong>1989: Greenpeaceov album, ki je osvojil Moskvo (in vzpostavil na\u0161o rusko pisarno)<\/strong><\/h3>\n\n<p>6. marca 1989 je bila v Sovjetski zvezi izdana kompilacija dvojnega albuma s 25 skladbami z naslovom <em>Greenpeace: Breakthrough <\/em>(\u00bbGreenpeace: Preboj\u00ab), s prihodki od katerega je bla ustanovljena organizacija Greenpeace Rusija. V okviru dogovora z dr\u017eavno glasbeno zalo\u017ebo Melodiya je bilo izdanih 8 milijonov dvojnih albumov ter 500.000 dvojnih kaset, kar je bila prva ve\u010dja izdaja albuma in najve\u010dji prodor zahodne rock glasbe v Sovjetsko zvezo.<\/p>\n\n<p>Vsak izmed obeh albumov je vseboval tudi 16\u2011stransko knji\u017eico, ki je vsebovala pregled najve\u010djih okoljskih problemov sveta in predstavitev Greenpeacea ruski javnosti. Glasbeniki, med drugimi <strong>Peter Gabriel, Pretenders, Dire Straits, U2, Eurythmics, Talking Heads, Sting, Grateful Dead in Bryan Adams<\/strong>, so svoje skladbe podarili. Na predstavitev albuma v Moskvo je odpotovalo 12 izvajalcev. V samo nekaj urah je bilo prodanih prvih 500.000 izvodov albuma, do 15. maja pa je prodaja narasla na milijon izvodov.<\/p>\n\n<p>Eden izmed sovjetskih novinarjev je pripomnil: <strong>\u00bbVsaki\u010d, ko v Sovjetski zvezi priklju\u010di\u0161 kak\u0161no elektri\u010dno napravo, zasli\u0161i\u0161 Greenpeaceov album.\u00ab<\/strong><\/p>\n<div data-render=\"planet4-blocks\/gallery\" data-attributes=\"{&quot;attributes&quot;:{&quot;multiple_image&quot;:&quot;49445,49441,49444,49443,49442&quot;,&quot;gallery_block_focus_points&quot;:&quot;{\\&quot;49441\\&quot;:\\&quot;51% 38%\\&quot;,\\&quot;49442\\&quot;:\\&quot;50% 50%\\&quot;,\\&quot;49443\\&quot;:\\&quot;50% 50%\\&quot;,\\&quot;49444\\&quot;:\\&quot;50% 50%\\&quot;,\\&quot;49445\\&quot;:\\&quot;50% 50%\\&quot;}&quot;,&quot;image_data&quot;:[{&quot;url&quot;:&quot;https:\\\/\\\/www.greenpeace.org\\\/static\\\/planet4-slovenia-stateless\\\/2021\\\/12\\\/c1398e55-gp0stsf4l-1024x682-1.jpg&quot;,&quot;focalPoint&quot;:{&quot;x&quot;:0.5,&quot;y&quot;:0.5},&quot;id&quot;:49445},{&quot;url&quot;:&quot;https:\\\/\\\/www.greenpeace.org\\\/static\\\/planet4-slovenia-stateless\\\/2021\\\/12\\\/b5daafb9-gp0stsf46-1024x682-1.jpg&quot;,&quot;focalPoint&quot;:{&quot;x&quot;:0.5,&quot;y&quot;:0.5},&quot;id&quot;:49441},{&quot;url&quot;:&quot;https:\\\/\\\/www.greenpeace.org\\\/static\\\/planet4-slovenia-stateless\\\/2021\\\/12\\\/ba06f2f5-gp0stsf4e-1024x682-1.jpg&quot;,&quot;focalPoint&quot;:{&quot;x&quot;:0.5,&quot;y&quot;:0.5},&quot;id&quot;:49444},{&quot;url&quot;:&quot;https:\\\/\\\/www.greenpeace.org\\\/static\\\/planet4-slovenia-stateless\\\/2021\\\/12\\\/df415572-gp0stsf4k-1024x682-1.jpg&quot;,&quot;focalPoint&quot;:{&quot;x&quot;:0.5,&quot;y&quot;:0.5},&quot;id&quot;:49443},{&quot;url&quot;:&quot;https:\\\/\\\/www.greenpeace.org\\\/static\\\/planet4-slovenia-stateless\\\/2021\\\/12\\\/e481716b-c54f096cd1eb-1024x505-1.jpg&quot;,&quot;focalPoint&quot;:{&quot;x&quot;:0.5,&quot;y&quot;:0.5},&quot;id&quot;:49442}],&quot;gallery_block_style&quot;:0,&quot;gallery_block_title&quot;:&quot;&quot;,&quot;gallery_block_description&quot;:&quot;&quot;,&quot;images&quot;:[{&quot;image_src&quot;:&quot;https:\\\/\\\/www.greenpeace.org\\\/static\\\/planet4-slovenia-stateless\\\/2021\\\/12\\\/c1398e55-gp0stsf4l-1024x682-1.jpg&quot;,&quot;image_srcset&quot;:&quot;https:\\\/\\\/www.greenpeace.org\\\/static\\\/planet4-slovenia-stateless\\\/2021\\\/12\\\/c1398e55-gp0stsf4l-1024x682-1.jpg 1024w, https:\\\/\\\/www.greenpeace.org\\\/static\\\/planet4-slovenia-stateless\\\/2021\\\/12\\\/c1398e55-gp0stsf4l-1024x682-1-300x200.jpg 300w, https:\\\/\\\/www.greenpeace.org\\\/static\\\/planet4-slovenia-stateless\\\/2021\\\/12\\\/c1398e55-gp0stsf4l-1024x682-1-768x512.jpg 768w, https:\\\/\\\/www.greenpeace.org\\\/static\\\/planet4-slovenia-stateless\\\/2021\\\/12\\\/c1398e55-gp0stsf4l-1024x682-1-510x340.jpg 510w&quot;,&quot;image_sizes&quot;:false,&quot;alt_text&quot;:&quot;&quot;,&quot;caption&quot;:&quot;Mno\\u017eica ljudi se udele\\u017ei izdaje glasbenega albuma Greenpeace: preboj v Moskvi.&quot;,&quot;focus_image&quot;:&quot;50% 50%&quot;,&quot;credits&quot;:&quot;\\u00a9 Greenpeace \\\/ Andy Booth&quot;},{&quot;image_src&quot;:&quot;https:\\\/\\\/www.greenpeace.org\\\/static\\\/planet4-slovenia-stateless\\\/2021\\\/12\\\/b5daafb9-gp0stsf46-1024x682-1.jpg&quot;,&quot;image_srcset&quot;:&quot;https:\\\/\\\/www.greenpeace.org\\\/static\\\/planet4-slovenia-stateless\\\/2021\\\/12\\\/b5daafb9-gp0stsf46-1024x682-1.jpg 1024w, https:\\\/\\\/www.greenpeace.org\\\/static\\\/planet4-slovenia-stateless\\\/2021\\\/12\\\/b5daafb9-gp0stsf46-1024x682-1-300x200.jpg 300w, https:\\\/\\\/www.greenpeace.org\\\/static\\\/planet4-slovenia-stateless\\\/2021\\\/12\\\/b5daafb9-gp0stsf46-1024x682-1-768x512.jpg 768w, https:\\\/\\\/www.greenpeace.org\\\/static\\\/planet4-slovenia-stateless\\\/2021\\\/12\\\/b5daafb9-gp0stsf46-1024x682-1-510x340.jpg 510w&quot;,&quot;image_sizes&quot;:false,&quot;alt_text&quot;:&quot;&quot;,&quot;caption&quot;:&quot;Glasbenika The Edge in Annie Lennox na moskovskem Rde\\u010dem trgu ob predstavitvi glasbenega albuma \\u00bbGreenpeace Breakthrough\\u00ab. \\u00a9 Greenpeace \\\/ Andy Booth&quot;,&quot;focus_image&quot;:&quot;51% 38%&quot;,&quot;credits&quot;:&quot;\\u00a9 Greenpeace \\\/ Andy Booth&quot;},{&quot;image_src&quot;:&quot;https:\\\/\\\/www.greenpeace.org\\\/static\\\/planet4-slovenia-stateless\\\/2021\\\/12\\\/ba06f2f5-gp0stsf4e-1024x682-1.jpg&quot;,&quot;image_srcset&quot;:&quot;https:\\\/\\\/www.greenpeace.org\\\/static\\\/planet4-slovenia-stateless\\\/2021\\\/12\\\/ba06f2f5-gp0stsf4e-1024x682-1.jpg 1024w, https:\\\/\\\/www.greenpeace.org\\\/static\\\/planet4-slovenia-stateless\\\/2021\\\/12\\\/ba06f2f5-gp0stsf4e-1024x682-1-300x200.jpg 300w, https:\\\/\\\/www.greenpeace.org\\\/static\\\/planet4-slovenia-stateless\\\/2021\\\/12\\\/ba06f2f5-gp0stsf4e-1024x682-1-768x512.jpg 768w, https:\\\/\\\/www.greenpeace.org\\\/static\\\/planet4-slovenia-stateless\\\/2021\\\/12\\\/ba06f2f5-gp0stsf4e-1024x682-1-510x340.jpg 510w&quot;,&quot;image_sizes&quot;:false,&quot;alt_text&quot;:&quot;&quot;,&quot;caption&quot;:&quot;Glasbeniki na Rde\\u010dem trgu v Moskvi ob izdaji glasbenega albuma Greenpeace: Preboj&quot;,&quot;focus_image&quot;:&quot;50% 50%&quot;,&quot;credits&quot;:&quot;\\u00a9 Greenpeace \\\/ Andy Booth&quot;},{&quot;image_src&quot;:&quot;https:\\\/\\\/www.greenpeace.org\\\/static\\\/planet4-slovenia-stateless\\\/2021\\\/12\\\/df415572-gp0stsf4k-1024x682-1.jpg&quot;,&quot;image_srcset&quot;:&quot;https:\\\/\\\/www.greenpeace.org\\\/static\\\/planet4-slovenia-stateless\\\/2021\\\/12\\\/df415572-gp0stsf4k-1024x682-1.jpg 1024w, https:\\\/\\\/www.greenpeace.org\\\/static\\\/planet4-slovenia-stateless\\\/2021\\\/12\\\/df415572-gp0stsf4k-1024x682-1-300x200.jpg 300w, https:\\\/\\\/www.greenpeace.org\\\/static\\\/planet4-slovenia-stateless\\\/2021\\\/12\\\/df415572-gp0stsf4k-1024x682-1-768x512.jpg 768w, https:\\\/\\\/www.greenpeace.org\\\/static\\\/planet4-slovenia-stateless\\\/2021\\\/12\\\/df415572-gp0stsf4k-1024x682-1-510x340.jpg 510w&quot;,&quot;image_sizes&quot;:false,&quot;alt_text&quot;:&quot;&quot;,&quot;caption&quot;:&quot;Pevka in tekstopiska Annie Lennox med tiskovno konferenco ob izidu glasbenega albuma Greenpeace: Preboj.&quot;,&quot;focus_image&quot;:&quot;50% 50%&quot;,&quot;credits&quot;:&quot;\\u00a9 Greenpeace \\\/ Andy Booth&quot;},{&quot;image_src&quot;:&quot;https:\\\/\\\/www.greenpeace.org\\\/static\\\/planet4-slovenia-stateless\\\/2021\\\/12\\\/e481716b-c54f096cd1eb-1024x505-1.jpg&quot;,&quot;image_srcset&quot;:&quot;https:\\\/\\\/www.greenpeace.org\\\/static\\\/planet4-slovenia-stateless\\\/2021\\\/12\\\/e481716b-c54f096cd1eb-1024x505-1.jpg 1024w, https:\\\/\\\/www.greenpeace.org\\\/static\\\/planet4-slovenia-stateless\\\/2021\\\/12\\\/e481716b-c54f096cd1eb-1024x505-1-300x148.jpg 300w, https:\\\/\\\/www.greenpeace.org\\\/static\\\/planet4-slovenia-stateless\\\/2021\\\/12\\\/e481716b-c54f096cd1eb-1024x505-1-768x379.jpg 768w, https:\\\/\\\/www.greenpeace.org\\\/static\\\/planet4-slovenia-stateless\\\/2021\\\/12\\\/e481716b-c54f096cd1eb-1024x505-1-510x252.jpg 510w&quot;,&quot;image_sizes&quot;:false,&quot;alt_text&quot;:&quot;&quot;,&quot;caption&quot;:&quot;Naslovnica albuma Greenpeace: Preboj &quot;,&quot;focus_image&quot;:&quot;50% 50%&quot;,&quot;credits&quot;:&quot;&quot;}]}}\"><\/div>\n<figure class=\"wp-block-embed is-type-rich is-provider-spotify wp-block-embed-spotify wp-embed-aspect-21-9 wp-has-aspect-ratio\"><div class=\"wp-block-embed__wrapper\">\n<iframe title=\"Spotify Embed: Greenpeace: Breakthrough\" style=\"border-radius: 12px\" width=\"100%\" height=\"352\" frameborder=\"0\" allowfullscreen allow=\"autoplay; clipboard-write; encrypted-media; fullscreen; picture-in-picture\" loading=\"lazy\" src=\"https:\/\/open.spotify.com\/embed\/playlist\/0WXbCnWxtLoTPHCO0s2KIJ?go=1&#038;sp_cid=ea43f4c15f3cee327f66aabec0cbc7c0&#038;utm_source=oembed&#038;utm_medium=desktop&#038;nd=1\"><\/iframe>\n<\/div><\/figure>\n\n<p><\/p>\n\n<h3 class=\"wp-block-heading\"><strong>1990\u2011a: U2, Public Enemy in Kraftwerk skupaj za ustavitev jedrske elektrarne Sellafield<\/strong><\/h3>\n\n<p>Greenpeaceova uspe\u0161na sodelovanja z glasbenimi skupinami in glasbeniki skozi celotna osemdeseta leta so se v naslednjih desetletjih \u0161e naprej razvijala. Greenpeace je zaradi kombinacije svojih kreativnih, medijsko atraktivnih akcij ter nara\u0161\u010dajo\u010dega ljudskega gibanja po vsem svetu, ki je podpiralo boj proti okoljski in dru\u017ebeni nepravi\u010dnosti, postal globalna blagovna znamka.<\/p>\n\n<p><strong>Glasbenik Suggs iz skupine Madness<\/strong> \u2013 ki je bila med sodelujo\u010dimi skupinami pri albumu iz leta 1985 \u2013 se je strinjal, da ne storimo dovolj za za\u0161\u010dito planeta. Rekel je: <em>\u00bbGreenpeace so ekologi, vendar delajo. Ne razpravljajo, ne demonstrirajo, ampak delajo.\u00ab<\/em><\/p>\n\n<p>Leta 1992 je <strong>skupina U2<\/strong>, ki je prav tako sodelovala pri albumu, skupaj s skupinama <strong>Public Enemy in Kraftwerk<\/strong> organizirala velik koncert proti \u0161iritvi jedrske elektrarne Sellafield v Veliki Britaniji, na katerem je skupina Kraftwerk dogodku primerno izvedla svojo klasiko <strong>\u00bbRadioactivity\u00ab<\/strong> (\u00bbRadioaktivnost\u00ab) iz leta 1975.<\/p>\n<div data-render=\"planet4-blocks\/gallery\" data-attributes=\"{&quot;attributes&quot;:{&quot;multiple_image&quot;:&quot;49451,49450,49449&quot;,&quot;image_data&quot;:[{&quot;url&quot;:&quot;https:\\\/\\\/www.greenpeace.org\\\/static\\\/planet4-slovenia-stateless\\\/2021\\\/12\\\/2e66ae38-gp0ejz.jpg&quot;,&quot;focalPoint&quot;:{&quot;x&quot;:0.5,&quot;y&quot;:0.5},&quot;id&quot;:49451},{&quot;url&quot;:&quot;https:\\\/\\\/www.greenpeace.org\\\/static\\\/planet4-slovenia-stateless\\\/2021\\\/12\\\/580733fc-img_74232.jpg&quot;,&quot;focalPoint&quot;:{&quot;x&quot;:0.5,&quot;y&quot;:0.5},&quot;id&quot;:49450},{&quot;url&quot;:&quot;https:\\\/\\\/www.greenpeace.org\\\/static\\\/planet4-slovenia-stateless\\\/2021\\\/12\\\/c5adbfaa-gp0i7f.jpg&quot;,&quot;focalPoint&quot;:{&quot;x&quot;:0.5,&quot;y&quot;:0.5},&quot;id&quot;:49449}],&quot;className&quot;:&quot;is-style-slider&quot;,&quot;gallery_block_style&quot;:0,&quot;gallery_block_title&quot;:&quot;&quot;,&quot;gallery_block_description&quot;:&quot;&quot;,&quot;gallery_block_focus_points&quot;:&quot;&quot;,&quot;images&quot;:[{&quot;image_src&quot;:&quot;https:\\\/\\\/www.greenpeace.org\\\/static\\\/planet4-slovenia-stateless\\\/2021\\\/12\\\/2e66ae38-gp0ejz.jpg&quot;,&quot;image_srcset&quot;:&quot;https:\\\/\\\/www.greenpeace.org\\\/static\\\/planet4-slovenia-stateless\\\/2021\\\/12\\\/2e66ae38-gp0ejz.jpg 1200w, https:\\\/\\\/www.greenpeace.org\\\/static\\\/planet4-slovenia-stateless\\\/2021\\\/12\\\/2e66ae38-gp0ejz-300x198.jpg 300w, https:\\\/\\\/www.greenpeace.org\\\/static\\\/planet4-slovenia-stateless\\\/2021\\\/12\\\/2e66ae38-gp0ejz-1024x677.jpg 1024w, https:\\\/\\\/www.greenpeace.org\\\/static\\\/planet4-slovenia-stateless\\\/2021\\\/12\\\/2e66ae38-gp0ejz-768x508.jpg 768w, https:\\\/\\\/www.greenpeace.org\\\/static\\\/planet4-slovenia-stateless\\\/2021\\\/12\\\/2e66ae38-gp0ejz-510x337.jpg 510w&quot;,&quot;image_sizes&quot;:false,&quot;alt_text&quot;:&quot;&quot;,&quot;caption&quot;:&quot;Kampanja React s skupino U2 pri britanski jedrski elektrarni Sellafield.&quot;,&quot;focus_image&quot;:&quot;&quot;,&quot;credits&quot;:&quot;\\u00a9 Greenpeace \\\/ Jim Hodson&quot;},{&quot;image_src&quot;:&quot;https:\\\/\\\/www.greenpeace.org\\\/static\\\/planet4-slovenia-stateless\\\/2021\\\/12\\\/580733fc-img_74232.jpg&quot;,&quot;image_srcset&quot;:&quot;https:\\\/\\\/www.greenpeace.org\\\/static\\\/planet4-slovenia-stateless\\\/2021\\\/12\\\/580733fc-img_74232.jpg 1131w, https:\\\/\\\/www.greenpeace.org\\\/static\\\/planet4-slovenia-stateless\\\/2021\\\/12\\\/580733fc-img_74232-300x241.jpg 300w, https:\\\/\\\/www.greenpeace.org\\\/static\\\/planet4-slovenia-stateless\\\/2021\\\/12\\\/580733fc-img_74232-1024x821.jpg 1024w, https:\\\/\\\/www.greenpeace.org\\\/static\\\/planet4-slovenia-stateless\\\/2021\\\/12\\\/580733fc-img_74232-768x616.jpg 768w, https:\\\/\\\/www.greenpeace.org\\\/static\\\/planet4-slovenia-stateless\\\/2021\\\/12\\\/580733fc-img_74232-424x340.jpg 424w&quot;,&quot;image_sizes&quot;:false,&quot;alt_text&quot;:&quot;&quot;,&quot;caption&quot;:&quot;Vstopnica za koncert React &quot;,&quot;focus_image&quot;:&quot;&quot;,&quot;credits&quot;:&quot;\\u00a9 Azziur CC-BY-SA&quot;},{&quot;image_src&quot;:&quot;https:\\\/\\\/www.greenpeace.org\\\/static\\\/planet4-slovenia-stateless\\\/2021\\\/12\\\/c5adbfaa-gp0i7f.jpg&quot;,&quot;image_srcset&quot;:&quot;https:\\\/\\\/www.greenpeace.org\\\/static\\\/planet4-slovenia-stateless\\\/2021\\\/12\\\/c5adbfaa-gp0i7f.jpg 1200w, https:\\\/\\\/www.greenpeace.org\\\/static\\\/planet4-slovenia-stateless\\\/2021\\\/12\\\/c5adbfaa-gp0i7f-300x198.jpg 300w, https:\\\/\\\/www.greenpeace.org\\\/static\\\/planet4-slovenia-stateless\\\/2021\\\/12\\\/c5adbfaa-gp0i7f-1024x675.jpg 1024w, https:\\\/\\\/www.greenpeace.org\\\/static\\\/planet4-slovenia-stateless\\\/2021\\\/12\\\/c5adbfaa-gp0i7f-768x506.jpg 768w, https:\\\/\\\/www.greenpeace.org\\\/static\\\/planet4-slovenia-stateless\\\/2021\\\/12\\\/c5adbfaa-gp0i7f-510x336.jpg 510w&quot;,&quot;image_sizes&quot;:false,&quot;alt_text&quot;:&quot;&quot;,&quot;caption&quot;:&quot;Kampanja React s skupino U2 pri britanski jedrski elektrarni Sellafield.&quot;,&quot;focus_image&quot;:&quot;&quot;,&quot;credits&quot;:&quot;\\u00a9 Greenpeace \\\/ Steve Morgan&quot;}]}}\"><\/div>\n<figure class=\"wp-block-embed is-type-video is-provider-youtube wp-block-embed-youtube wp-embed-aspect-16-9 wp-has-aspect-ratio\"><div class=\"wp-block-embed__wrapper\">\n<lite-youtube style=\"background-image: url('https:\/\/i.ytimg.com\/vi\/0EBTn_3DBYo\/hqdefault.jpg');\" videoid=\"0EBTn_3DBYo\" params=\"rel=0\"><\/lite-youtube>\n<\/div><figcaption><em>Skupina Kraftwerk nastopa s svojo skladbo \u00bbRadioactivity\u00ab na Greenpeaceovem koncertu React (1992)<\/em><\/figcaption><\/figure>\n\n<h3 class=\"wp-block-heading\"><strong>2000 in kasneje: World Music<\/strong><\/h3>\n\n<p>Tudi v novem tiso\u010dletju lahko \u0161e naprej spremljamo, kako glasbeniki s svojo glasbo podpirajo poziv k \u010distej\u0161i, bolj zeleni prihodnosti. V boju za za\u0161\u010dito na\u0161ega planeta imata glasba in kultura klju\u010dno vlogo pri spodbujanju ukrepanja milijonov ljudi z vsega sveta. V nadaljevanju predstavljam nekaj nastopov, ki so bili pri tem uspe\u0161ni.<\/p>\n\n<p>Leta 2016 se je<strong> libanonska skupina Mashrou\u2019 Leila<\/strong> pridru\u017eila Greenpeaceu na njegovi turneji <em>\u00bbSun Unites Us\u00ab<\/em> (\u00bbSonce nas zdru\u017euje\u00ab) z ladjo Rainbow Warrior po Sredozemlju. Namen turneje je bil ozave\u0161\u010dati o neizkori\u0161\u010denem potencialu son\u010dne energije na tem obmo\u010dju. Spodnji 360\u2011stopinjski VR video je bil eden prvih videoposnetkov, ki jih je naredil Greenpeace s to novo tehnologijo snemanja v okviru svojih kampanj \u2013 z mi\u0161ko lahko posnetek obra\u010date, da vidite celotno skupino z ladjo Rainbow Warrior v ozadju!<\/p>\n\n<figure class=\"wp-block-embed is-type-video is-provider-youtube wp-block-embed-youtube wp-embed-aspect-16-9 wp-has-aspect-ratio\"><div class=\"wp-block-embed__wrapper\">\n<lite-youtube style=\"background-image: url('https:\/\/i.ytimg.com\/vi\/KmLQ9r8rZUM\/hqdefault.jpg');\" videoid=\"KmLQ9r8rZUM\" params=\"rel=0\"><\/lite-youtube>\n<\/div><\/figure>\n\n<p>Le nekaj mesecev kasneje se je zgodila ena izmed najznamenitej\u0161ih Greenpeaceovih kampanj, ko so priznanega <strong>italijanskega skladatelja in pianista Ludovica Einaudija <\/strong>povabili, da izvede eno od svojih skladb na plavajo\u010di plo\u0161\u010dadi v Arkti\u010dnem oceanu, pred ledenikom Wahlenbergbreen v norve\u0161kem arhipelagu Svalbard.<\/p>\n\n<p><strong>Eunaudijeva skladba, \u00bbElegy for the Artic\u00ab<\/strong> (\u00bbElegija za Arktiko\u00ab) je nastala po navdihu osmih milijonov ljudi z vsega sveta, ki so zahtevali za\u0161\u010dito Arktike. Einaudi in njegov klavir sta v Svalbard pripotovala z Greenpeaceovo ladjo Arctic Sunrise, rezultat pa je bil ta izjemno ganljiv posnetek, ki si ga je ogledalo ve\u010d milijonov ljudi po vsem svetu.<\/p>\n\n<figure class=\"wp-block-embed is-type-video is-provider-youtube wp-block-embed-youtube wp-embed-aspect-16-9 wp-has-aspect-ratio\"><div class=\"wp-block-embed__wrapper\">\n<lite-youtube style=\"background-image: url('https:\/\/i.ytimg.com\/vi\/Pk9f1GSGam0\/hqdefault.jpg');\" videoid=\"Pk9f1GSGam0\" params=\"rel=0\"><\/lite-youtube>\n<\/div><figcaption><em>Osupljiv nastop italijanskega skladatelja in pianista Ludovica Einaudija v sodelovanju z Greenpeaceom v Arkti\u010dnem oceanu (2016).<\/em><\/figcaption><\/figure>\n\n<p><strong>Thom Yorke iz skupine Radiohead<\/strong>, \u0161e ena globalni superzvezdnik, ki je zastavil svoj talent za ozave\u0161\u010danje o nevarnostih, ki grozijo polarnim obmo\u010djem, je to skladbo napisal posebej za na\u0161o kampanjo <em>Protect the Oceans <\/em>(\u00bbZa\u0161\u010ditimo oceane\u00ab). Leta 2018 je Greenpeace odpotoval na Antarktiko, da bi opravil znanstveno raziskavo in zahteval za\u0161\u010dito enega zadnjih preostalih nedotaknjenih obmo\u010dij na Zemlji.<\/p>\n\n<p>Osupljive podobe, posnete na odpravi, skupaj s <strong>Yorkovo skladbo \u00bbHands off the Antarctic\u00ab <\/strong>(\u00bbRoke pro\u010d od Antarktike\u00ab) ustvarjajo izjemno ganljivo atmosfero ogro\u017eenega okolja \u2013 edinstvenega ekosistema, ki ga je potrebno nujno za\u0161\u010dititi.<\/p>\n\n<figure class=\"wp-block-embed is-type-video is-provider-youtube wp-block-embed-youtube wp-embed-aspect-16-9 wp-has-aspect-ratio\"><div class=\"wp-block-embed__wrapper\">\n<lite-youtube style=\"background-image: url('https:\/\/i.ytimg.com\/vi\/qXF4l7NPhoY\/hqdefault.jpg');\" videoid=\"qXF4l7NPhoY\" params=\"rel=0\"><\/lite-youtube>\n<\/div><\/figure>\n\n<h4 class=\"wp-block-heading\"><strong>Glasbena podlaga na\u0161i prihodnosti: Narava kot glasba<\/strong><\/h4>\n\n<p>V svoji petdesetletni zgodovini smo imeli pri Greenpeaceu sre\u010do, da smo sodelovali z nekaterimi najbolj znanimi skupinami in glasbeniki na planetu, s \u010dimer smo dosegli ogromno \u0161tevilo ljubiteljev tako glasbe kot narave ter opozorili na najpomembnej\u0161a okoljska vpra\u0161anja tistega \u010dasa. Vendar pa glasbe niso vedno ustvarjali in\u0161trumenti in vokalisti: v\u010dasih za glasbeno podlago poskrbi kar sama narava.<\/p>\n\n<p>Lep primer je projekt <a href=\"https:\/\/www.sosforests.org\/\">\u00bbSave our Sounds\u00ab<\/a> (\u00bbOhranimo na\u0161e zvoke\u00ab) iz leta 2017. Pri njem se je Greenpeace Indonezija povezal z <strong>indonezijsko DJ-ko in glasbeno producentko Nindo Felina<\/strong>, ki se je odpravila v osr\u010dje de\u017eevnih gozdov Papue in tam posnela zvo\u010dne posnetke neverjetne biotske raznovrstnosti tega obmo\u010dja. Ninda je te posnetke uporabila za svojo znano<strong> skladbo \u00bbBirds of Paradise\u00ab<\/strong> (\u00bbRajske ptice\u00ab), s katero je kasneje gostovala tudi na festivalu Wonderfruit na Tajskem in na drugih festivalih po vsem svetu.<\/p>\n\n<figure class=\"wp-block-embed is-type-rich is-provider-soundcloud wp-block-embed-soundcloud\"><div class=\"wp-block-embed__wrapper\">\n<iframe loading=\"lazy\" title=\"The Birds Of Paradise by Ninda Felina\" width=\"500\" height=\"400\" scrolling=\"no\" frameborder=\"no\" src=\"https:\/\/w.soundcloud.com\/player\/?visual=true&#038;url=https%3A%2F%2Fapi.soundcloud.com%2Ftracks%2F351743623&#038;show_artwork=true&#038;maxheight=750&#038;maxwidth=500\"><\/iframe>\n<\/div><\/figure>\n<div data-render=\"planet4-blocks\/gallery\" data-attributes=\"{&quot;attributes&quot;:{&quot;multiple_image&quot;:&quot;49456,49455,49457&quot;,&quot;image_data&quot;:[{&quot;url&quot;:&quot;https:\\\/\\\/www.greenpeace.org\\\/static\\\/planet4-slovenia-stateless\\\/2021\\\/12\\\/781f4ecd-gp0str6je.jpg&quot;,&quot;focalPoint&quot;:{&quot;x&quot;:0.5,&quot;y&quot;:0.5},&quot;id&quot;:49456},{&quot;url&quot;:&quot;https:\\\/\\\/www.greenpeace.org\\\/static\\\/planet4-slovenia-stateless\\\/2021\\\/12\\\/88b8f961-gp0str6js.jpg&quot;,&quot;focalPoint&quot;:{&quot;x&quot;:0.5,&quot;y&quot;:0.5},&quot;id&quot;:49455},{&quot;url&quot;:&quot;https:\\\/\\\/www.greenpeace.org\\\/static\\\/planet4-slovenia-stateless\\\/2021\\\/12\\\/3c72abb5-gp0strdu7.jpg&quot;,&quot;focalPoint&quot;:{&quot;x&quot;:0.5,&quot;y&quot;:0.5},&quot;id&quot;:49457}],&quot;gallery_block_style&quot;:0,&quot;gallery_block_title&quot;:&quot;&quot;,&quot;gallery_block_description&quot;:&quot;&quot;,&quot;gallery_block_focus_points&quot;:&quot;&quot;,&quot;images&quot;:[{&quot;image_src&quot;:&quot;https:\\\/\\\/www.greenpeace.org\\\/static\\\/planet4-slovenia-stateless\\\/2021\\\/12\\\/781f4ecd-gp0str6je.jpg&quot;,&quot;image_srcset&quot;:&quot;https:\\\/\\\/www.greenpeace.org\\\/static\\\/planet4-slovenia-stateless\\\/2021\\\/12\\\/781f4ecd-gp0str6je.jpg 1200w, https:\\\/\\\/www.greenpeace.org\\\/static\\\/planet4-slovenia-stateless\\\/2021\\\/12\\\/781f4ecd-gp0str6je-300x169.jpg 300w, https:\\\/\\\/www.greenpeace.org\\\/static\\\/planet4-slovenia-stateless\\\/2021\\\/12\\\/781f4ecd-gp0str6je-1024x575.jpg 1024w, https:\\\/\\\/www.greenpeace.org\\\/static\\\/planet4-slovenia-stateless\\\/2021\\\/12\\\/781f4ecd-gp0str6je-768x431.jpg 768w, https:\\\/\\\/www.greenpeace.org\\\/static\\\/planet4-slovenia-stateless\\\/2021\\\/12\\\/781f4ecd-gp0str6je-510x286.jpg 510w&quot;,&quot;image_sizes&quot;:false,&quot;alt_text&quot;:&quot;&quot;,&quot;caption&quot;:&quot;Ninda Felina snema zvoke v de\\u017eevnem gozdu v dolini Kalasou v Sorongu v Zahodni Papui.&quot;,&quot;focus_image&quot;:&quot;&quot;,&quot;credits&quot;:&quot;\\u00a9 Tasya Pradna Maulana \\\/ Greenpeace&quot;},{&quot;image_src&quot;:&quot;https:\\\/\\\/www.greenpeace.org\\\/static\\\/planet4-slovenia-stateless\\\/2021\\\/12\\\/88b8f961-gp0str6js.jpg&quot;,&quot;image_srcset&quot;:&quot;https:\\\/\\\/www.greenpeace.org\\\/static\\\/planet4-slovenia-stateless\\\/2021\\\/12\\\/88b8f961-gp0str6js.jpg 1200w, https:\\\/\\\/www.greenpeace.org\\\/static\\\/planet4-slovenia-stateless\\\/2021\\\/12\\\/88b8f961-gp0str6js-300x181.jpg 300w, https:\\\/\\\/www.greenpeace.org\\\/static\\\/planet4-slovenia-stateless\\\/2021\\\/12\\\/88b8f961-gp0str6js-1024x617.jpg 1024w, https:\\\/\\\/www.greenpeace.org\\\/static\\\/planet4-slovenia-stateless\\\/2021\\\/12\\\/88b8f961-gp0str6js-768x463.jpg 768w, https:\\\/\\\/www.greenpeace.org\\\/static\\\/planet4-slovenia-stateless\\\/2021\\\/12\\\/88b8f961-gp0str6js-510x307.jpg 510w&quot;,&quot;image_sizes&quot;:false,&quot;alt_text&quot;:&quot;&quot;,&quot;caption&quot;:&quot;Ninda Felina v vasi Malagufuk v dolini Kalasou (Sorong, Zahodna Papua)&quot;,&quot;focus_image&quot;:&quot;&quot;,&quot;credits&quot;:&quot;\\u00a9 Tasya Pradna Maulana \\\/ Greenpeace&quot;},{&quot;image_src&quot;:&quot;https:\\\/\\\/www.greenpeace.org\\\/static\\\/planet4-slovenia-stateless\\\/2021\\\/12\\\/3c72abb5-gp0strdu7.jpg&quot;,&quot;image_srcset&quot;:&quot;https:\\\/\\\/www.greenpeace.org\\\/static\\\/planet4-slovenia-stateless\\\/2021\\\/12\\\/3c72abb5-gp0strdu7.jpg 1200w, https:\\\/\\\/www.greenpeace.org\\\/static\\\/planet4-slovenia-stateless\\\/2021\\\/12\\\/3c72abb5-gp0strdu7-300x200.jpg 300w, https:\\\/\\\/www.greenpeace.org\\\/static\\\/planet4-slovenia-stateless\\\/2021\\\/12\\\/3c72abb5-gp0strdu7-1024x683.jpg 1024w, https:\\\/\\\/www.greenpeace.org\\\/static\\\/planet4-slovenia-stateless\\\/2021\\\/12\\\/3c72abb5-gp0strdu7-768x512.jpg 768w, https:\\\/\\\/www.greenpeace.org\\\/static\\\/planet4-slovenia-stateless\\\/2021\\\/12\\\/3c72abb5-gp0strdu7-510x340.jpg 510w&quot;,&quot;image_sizes&quot;:false,&quot;alt_text&quot;:&quot;&quot;,&quot;caption&quot;:&quot;DJ Ninda Felina je na festivalu Wonderfruit na Tajskem predstavila svojo novo plesno skladbo \\&quot;Birds of Paradise\\&quot;, narejeno z zvoki iz Indonezijskih gozdov.&quot;,&quot;focus_image&quot;:&quot;&quot;,&quot;credits&quot;:&quot;\\u00a9 Biel Calderon \\\/ Greenpeace&quot;}]}}\"><\/div>\n<p>Po koncu projekta \u00bbSave our Sounds\u00ab smo se odlo\u010dili katalogizirati in objaviti <a href=\"https:\/\/media.greenpeace.org\/collection\/27MDHU1MV29?_ga=2.59170411.771604430.1639467237-1279025766.1638131843\">spletno bazo zvo\u010dnih posnetkov iz Greenpeaceovih arhivov<\/a>. Ti posnetki, ki so nastali v okviru na\u0161ih okoljskih kampanj vse od Antarktike do Amazonije, so bili neverjetno bogat in raznolik vir ter so poslu\u0161alcem omogo\u010dali, da se sami potopijo v ta okolja, ki jih sicer borda ne bi nikoli sli\u0161ali.<\/p>\n\n<p>Na \u017ealost so nekatera izmed teh okolij v nevarnosti, da bodo zaradi ogro\u017eenosti habitatov in biotske raznovrstnosti trajno izgubila svoj \u00bb<a href=\"https:\/\/e360.yale.edu\/features\/listening-to-nature-the-emerging-field-of-bioacoustics\">bioakusti\u010dni profil<\/a>\u00ab (edinstveni zvo\u010dni odtis dolo\u010denega okolja, kot je npr. de\u017eevni gozd), \u010de takoj ne ukrepamo za njihovo za\u0161\u010dito.<\/p>\n\n<p>Kmalu po objavi tega arhiva se je na nas obrnila <strong>neprofitna skupina DJ\u2011jev in producentov elektronske glasbe \u00bb<em>DJs for Climate Action<\/em>\u00ab<\/strong> (\u00bbDJ\u2011ji za podnebne ukrepe\u00ab), da bi sodelovali pri vznemirljivem projektu, s katerim bi te posnetke delili z vsem svetom.<\/p>\n\n<p>Izbrane posnetke smo ponudili za spletni prenos v obliki zvo\u010dne zbirke ter producente elektronske glasbe z vsega sveta pozvali, naj iz teh zvokov ustvarijo glasbo kot odgovor na vpra\u0161anje: <em>\u00bbKako zveni na\u0161a prihodnost?\u00ab<\/em><\/p>\n\n<p>Nato je zvezdni\u0161ka \u017eirija producentov elektronske glasbe izbrala najbolj\u0161e izmed poslanih skladb ter jih vklju\u010dila na kompilacijo z naslovom <em><strong>Soundtrack to the Future<\/strong><\/em> (\u00bbGlasbena podlaga za prihodnost\u00ab).<\/p>\n\n<iframe style=\"border: 0; width: 350px; height: 786px;\" src=\"https:\/\/bandcamp.com\/EmbeddedPlayer\/album=486239468\/size=large\/bgcol=ffffff\/linkcol=0687f5\/transparent=true\/\" seamless=\"\"><a href=\"https:\/\/djs4ca.bandcamp.com\/album\/climate-soundtrack\">Climate Soundtrack by DJs for Climate Action<\/a><\/iframe>\n\n<p>Vsi prihodki od prodaje albuma bodo namenjeni naravovarstvenim organizacijam, ki delujejo na obmo\u010djih, kjer so bili zvoki prvotno posneti, s \u010dimer posku\u0161amo dose\u010di, da bi ti habitati \u0161e naprej uspevali in proizvajali svojo edinstveno glasbo tudi za prihodnje generacije.<\/p>\n\n<hr class=\"wp-block-separator\"\/>\n\n<p>Od koncerta, ki je leta 1971 omogo\u010dil prvo Greenpeaceovo odpravo v zgodovini, prek sodelovanj z najve\u010djimi glasbeniki sveta, do nadarjenih mladih producentov elektronske glasbe, ki so s pomo\u010djo Greenpeaceovih zvo\u010dnih posnetkov narave ustvarili svoje vizije tega, kako bo zvenela na\u0161a prihodnost \u2013 glasba je nelo\u010dljivo vtkana v zgodovino Greenpeacea.<\/p>\n\n<p>\u010ce \u017eelimo ponuditi navdih milijonom ljudi po svetu, moramo vzpostaviti gibanje za okoljsko in dru\u017ebeno pravi\u010dnost. Ljudi moramo ganiti, jih povezati in navdihniti \u2013 in le kako bi lahko to bolje storili kot z veseljem, ki ga vsi ob\u010dutimo ob glasbi, ki jo imamo radi.<\/p>\n\n<p>Prav zato imata glasba in kultura tako pomembno vlogo pri snovanju in izvajanju kampanj za svet, kakr\u0161nega si \u017eelimo, in zato upamo, da bomo to bogato tradicijo podalj\u0161ali \u0161e za naslednjih petdeset let.<\/p>\n\n<h3 class=\"wp-block-heading\"><strong>\u010casovnica: Najve\u010dji hiti 1971\u20132021<\/strong><\/h3>\n\n<iframe loading=\"lazy\" src=\"https:\/\/cdn.knightlab.com\/libs\/timeline3\/latest\/embed\/index.html?source=1hxmV-XENAH8zrdNVjBKi4b4EC0M-SUxeC-91PepxcUk&amp;font=Fjalla-Average&amp;lang=en&amp;initial_zoom=2&amp;height=650\" width=\"100%\" height=\"650\" webkitallowfullscreen=\"\" mozallowfullscreen=\"\" allowfullscreen=\"\" frameborder=\"0\"><\/iframe>\n\n<p>Morda je vse skupaj \u0161e najbolje ubesedila Emma Goldman, ameri\u0161ka pisateljica in aktivistka, ki je leta 1931 v svoji avtobiografiji <em>Living My Life<\/em> (\u00bb\u017diveti svoje \u017eivljenje\u00ab) zapisala:<\/p>\n\n<p><em>\u00bbPri plesih sem bila ena izmed najbolj neutrudnih in razigranih. Nekega ve\u010dera me je Sashin bratranec, mlad fant, potegnil ob stran. Z resnim obrazom, kot da mi bo sporo\u010dil novico o smrti dragega prijatelja, mi je za\u0161epetal na uho, da se aktivistki ne spodobi plesati. Vsekakor pa ne s tako lahkomiselno prostodu\u0161nostjo. Bilo je nedostojno za nekoga, ki naj bi postal eden vodilnih predstavnikov anarhisti\u010dnega gibanja. Moja lahkomiselnost naj bi samo \u0161kodovala na\u0161emu Cilju.<\/em><\/p>\n\n<p><em>Predrzno vme\u0161avanje tega fanta je v meni vzbudilo bes. Rekla sem mu, naj se briga zase. Dovolj mi je bilo, da mi stalno me\u010dejo v obraz na\u0161 Cilj. Nisem verjela, da bi se bilo lahko za Cilj, ki je predstavljal tako \u010dudovit ideal, anarhizem, sprostitev ter osvoboditev od dru\u017ebenih norm in predsodkov, potrebno odre\u010di \u017eivljenju in u\u017eitku.<\/em><\/p>\n\n<p><em>Ho\u010dem svobodo, pravico do samoizra\u017eanja, pravico vsakogar do lepih, sijo\u010dih stvari. \u010ce ne morem plesati, no\u010dem va\u0161e revolucije!\u00ab<\/em><\/p>\n\n<p>Ne bi se mogli bolj strinjati.<\/p>\n\t\t\t<section\n\t\t\tclass=\"boxout post-2045 \"\n\t\t\t\n\t\t>\n\t\t\t<a\n\t\t\t\tdata-ga-category=\"Take Action Boxout\"\n\t\t\t\tdata-ga-action=\"Image\"\n\t\t\t\tdata-ga-label=\"n\/a\"\n\t\t\t\tclass=\"cover-card-overlay\"\n\t\t\t\thref=\"https:\/\/www.greenpeace.org\/slovenia\/ukrepaj\/doniraj\/\" \n\t\t\t><\/a>\n\t\t\t\t\t\t\t<img\n\t\t\t\t\t\tsrc=\"https:\/\/www.greenpeace.org\/static\/planet4-slovenia-stateless\/2019\/04\/61238f7f-gp04k5b-1024x683.jpg\"\n\t\t\t\t\t\tsrcset=\"https:\/\/www.greenpeace.org\/static\/planet4-slovenia-stateless\/2019\/04\/61238f7f-gp04k5b-300x200.jpg 300w, https:\/\/www.greenpeace.org\/static\/planet4-slovenia-stateless\/2019\/04\/61238f7f-gp04k5b-768x512.jpg 768w, https:\/\/www.greenpeace.org\/static\/planet4-slovenia-stateless\/2019\/04\/61238f7f-gp04k5b-1024x683.jpg 1024w, https:\/\/www.greenpeace.org\/static\/planet4-slovenia-stateless\/2019\/04\/61238f7f-gp04k5b-510x340.jpg 510w, https:\/\/www.greenpeace.org\/static\/planet4-slovenia-stateless\/2019\/04\/61238f7f-gp04k5b.jpg 1200w\"\n\t\t\t\t\t\tsizes=\"(min-width: 1000px) 358px, (min-width: 780px) 313px, 88px\"\n\t\t\t\t\t\talt=\"Rainbow Warrior Near the Queensland Coast. \u00a9 Tom  Jefferson \/ Greenpeace\" title=\"Rainbow Warrior Near the Queensland Coast. \u00a9 Tom  Jefferson \/ Greenpeace\"\n\t\t\t\t\/>\n            \t\t\t<div class=\"boxout-content\">\n\t\t\t\t\t\t\t\t\t<a\n\t\t\t\t\t\tclass=\"boxout-heading medium\"\n\t\t\t\t\t\tdata-ga-category=\"Take Action Boxout\"\n\t\t\t\t\t\tdata-ga-action=\"Title\"\n\t\t\t\t\t\tdata-ga-label=\"n\/a\"\n\t\t\t\t\t\thref=\"https:\/\/www.greenpeace.org\/slovenia\/ukrepaj\/doniraj\/\"\n\t\t\t\t\t\t\n\t\t\t\t\t>\n\t\t\t\t\t\tDoniraj\n\t\t\t\t\t<\/a>\n\t\t\t\t\t\t\t\t\t\t\t\t\t<p class=\"boxout-excerpt\">Greenpeace ne sprejema finan\u010dnih sredstev in\u0161titucij EU, vlad, korporacij ali politi\u010dnih strank &#8211; na\u0161e delo je mogo\u010de le zaradi donacij posameznikov.<\/p>\n\t\t\t\t                                    <a\n                        class=\"btn btn-primary\"\n                        data-ga-category=\"Take Action Boxout\"\n                        data-ga-action=\"Call to Action\"\n                        data-ga-label=\"n\/a\"\n                        href=\"https:\/\/www.greenpeace.org\/slovenia\/ukrepaj\/doniraj\/\"\n                        \n                    >\n                        Pridru\u017ei se\n                    <\/a>\n                \t\t\t<\/div>\n\t\t\t\t\t<\/section>\n\t\n<p><\/p>\n\n<section class=\"block accordion-block wp-block-planet4-blocks-accordion\"><\/section>\n","protected":false},"excerpt":{"rendered":"<p>Sami za\u010detki organizacije Greenpeace povezani z glasbo. Ta je dopolnjevala in omogo\u010dala ustvarjalnost, pogum in neposredno delovanje za za\u0161\u010dito na\u0161e narave, ki so od prvih dni Greenpeace postali za\u0161\u010ditni znaki organizacije.<\/p>\n","protected":false},"author":23,"featured_media":49440,"comment_status":"closed","ping_status":"open","sticky":false,"template":"","format":"standard","meta":{"ep_exclude_from_search":false,"p4_og_title":"","p4_og_description":"","p4_og_image":"","p4_og_image_id":"","p4_seo_canonical_url":"","p4_campaign_name":"not set","p4_local_project":"not set","p4_basket_name":"not set","p4_department":"","footnotes":""},"categories":[44],"tags":[27],"p4-page-type":[24],"class_list":["post-49434","post","type-post","status-publish","format-standard","has-post-thumbnail","hentry","category-o-nas","tag-greenpeace","p4-page-type-blog"],"_links":{"self":[{"href":"https:\/\/www.greenpeace.org\/slovenia\/wp-json\/wp\/v2\/posts\/49434","targetHints":{"allow":["GET"]}}],"collection":[{"href":"https:\/\/www.greenpeace.org\/slovenia\/wp-json\/wp\/v2\/posts"}],"about":[{"href":"https:\/\/www.greenpeace.org\/slovenia\/wp-json\/wp\/v2\/types\/post"}],"author":[{"embeddable":true,"href":"https:\/\/www.greenpeace.org\/slovenia\/wp-json\/wp\/v2\/users\/23"}],"replies":[{"embeddable":true,"href":"https:\/\/www.greenpeace.org\/slovenia\/wp-json\/wp\/v2\/comments?post=49434"}],"version-history":[{"count":14,"href":"https:\/\/www.greenpeace.org\/slovenia\/wp-json\/wp\/v2\/posts\/49434\/revisions"}],"predecessor-version":[{"id":52814,"href":"https:\/\/www.greenpeace.org\/slovenia\/wp-json\/wp\/v2\/posts\/49434\/revisions\/52814"}],"wp:featuredmedia":[{"embeddable":true,"href":"https:\/\/www.greenpeace.org\/slovenia\/wp-json\/wp\/v2\/media\/49440"}],"wp:attachment":[{"href":"https:\/\/www.greenpeace.org\/slovenia\/wp-json\/wp\/v2\/media?parent=49434"}],"wp:term":[{"taxonomy":"category","embeddable":true,"href":"https:\/\/www.greenpeace.org\/slovenia\/wp-json\/wp\/v2\/categories?post=49434"},{"taxonomy":"post_tag","embeddable":true,"href":"https:\/\/www.greenpeace.org\/slovenia\/wp-json\/wp\/v2\/tags?post=49434"},{"taxonomy":"p4-page-type","embeddable":true,"href":"https:\/\/www.greenpeace.org\/slovenia\/wp-json\/wp\/v2\/p4-page-type?post=49434"}],"curies":[{"name":"wp","href":"https:\/\/api.w.org\/{rel}","templated":true}]}}