{"id":49479,"date":"2022-01-14T11:06:33","date_gmt":"2022-01-14T11:06:33","guid":{"rendered":"https:\/\/www.greenpeace.org\/slovenia\/?p=49479"},"modified":"2023-06-01T16:09:06","modified_gmt":"2023-06-01T16:09:06","slug":"slovenija-naznanila-izhod-iz-premoga-do-leta-2033","status":"publish","type":"post","link":"https:\/\/www.greenpeace.org\/slovenia\/sporocilo-za-javnost\/49479\/slovenija-naznanila-izhod-iz-premoga-do-leta-2033\/","title":{"rendered":"Slovenija naznanila izhod iz premoga (do) leta 2033"},"content":{"rendered":"\n<p><strong>14.1.2022, Ljubljana: Vlada RS je v\u010deraj sprejela Nacionalno strategijo za izstop iz premoga in prestrukturiranje premogovnih regij v skladu z na\u010deli pravi\u010dnega prehoda, ki kot letnico prenehanja rabe premoga v Sloveniji opredeli leto 2033. Organizaciji Focus in Greenpeace Slovenija opozarjata, da se <\/strong><strong>Slovenija, ki je kot predzadnja dr\u017eava EU sprejela letnico izhoda iz premoga, s tem pridru\u017euje 5 drugim dr\u017eavam, katerih letnica ni skladna z zavezami Pari\u0161kega podnebnega sporazuma.&nbsp;<\/strong><\/p>\n\n<p>Glede na opozorila podnebne znanosti in cilje Pari\u0161kega podnebnega sporazuma, izhaja, da bi morale dr\u017eave OECD, vklju\u010dno s Slovenijo, svoje premogovne elekrarne zapreti najkasneje do leta 2030. Organizaciji Focus in Greenpeace sta v sklopu procesa priprave strategije zagovarjali letnico 2030 kot edino sprejemljivo, a tekom priprave strategije so bile upo\u0161tevane le letnice 2033, 2038 in 2042.&nbsp;<\/p>\n\n<p>Organizaciji tudi opozarjata, da je hitrej\u0161e zapiranje TE\u0160 ne le nujno z vidika podnebnega ukrepanja, temve\u010d postaja tudi ekonomsko neizogibno. Ne glede na dolo\u010deno letnico 2033 v strategiji obstaja velika verjetnost, da bo zaradi slabe finan\u010dne situacije TE\u0160, ki od za\u010detka delovanja bloka 6 ustvarja izgube, ter podnebnih politik EU, dvigajo\u010dih cen C02 in razcveta obnovljivih tehnologij, premogovno elektrarno v \u0160o\u0161tanju potrebno zapreti pred letom 2030.<\/p>\n\n<p>Slovenija je pri repu dr\u017eav dr\u017eav \u010dlanic Evropske unije kar se ti\u010de sprejema strategije za izhod iz premoga, saj je strategijo sprejela kot predzadnja, zgolj \u0161e Poljska nima sprejete strategije. S svojimi na\u010drti se Slovenija pridru\u017euje 5 drugim dr\u017eavam EU (Nem\u010dija, Hrva\u0161ka, \u010ce\u0161ka, Bolgarija in Romunija), ki nameravajo premog kuriti \u0161e po letu 2030. [1] Od omenjenih pa je Nem\u010dija \u017ee napovedala revizijo svojega na\u010drta, s predvideno postavitvijo konca rabe premoga v leto 2030, saj trenutno zasleduje cilj elektroenergetskega sistema, temelje\u010dega na 100 % OVE, do leta 2035.<\/p>\n\n<p><strong><em>Dr. Tomislav Tkalec, strokovni sodelavec organizacije Focus, izpostavlja<\/em><\/strong>: <\/p>\n\n<p>\u201c<em>Poudarjamo, da mora biti izvedba prehoda stran od premoga pravi\u010dno zastavljena, s \u010dimer mislimo na podnebno, okoljsko in dru\u017ebeno pravi\u010dnost, tako na ravni same regije kot do globalnih zavez. Klju\u010dno je, da za kakovostno \u017eivljenje v premogovnih regijah dr\u017eava vzpostavi pogoje, ki bodo omogo\u010dili pravi\u010den in vklju\u010dujo\u010d prehod v podnebno nevtralnost, pomembno in aktivno vlogo pri tem morajo odigrati predvsem lokalni akterji.<\/em>\u201d<\/p>\n\n<p><strong><em>Katja Hu\u0161, predstavnica Greenpeace Slovenija, odlo\u010ditev komentira<\/em><\/strong><em>: <\/em><\/p>\n\n<p><em>\u201c\u010ce pogledamo okoljski realnosti v o\u010di, preprosto ne moremo dovoliti \u0161e 12 let kurjenja premoga. \u010ce pogledamo ekonomski realnosti v o\u010di, pa ne vemo, kako bi na\u0161a najve\u010dja premogovna elektrarna sploh lahko tako dolgo delovala brez zajetne denarne pomo\u010di. TE\u0160 je v resnih finan\u010dnih te\u017eavah, ki se bodo zaradi podnebnih politik EU, cen C0<sub>2<\/sub> kuponov in konkuren\u010dnih tehnologij, le \u0161e ve\u010dale. Ne glede na letnico, ki je zapisana v dokumentu, je naloga dr\u017eave, da se za\u010dnemo resno pripravljati na precej hitrej\u0161e zapiranje TE\u0160 in izvajati energetski prehod na obnovljive vire energije.\u201d<\/em><\/p>\n\n<p>&#8212;-<\/p>\n\n<p>Kontakti:<\/p>\n\n<p>dr. Tomislav Tkalec, Focus, dru\u0161tvo za sonaraven razvoj, tomi@focus.si, 059 071 325<\/p>\n\n<p>Katja Hu\u0161, Greenpeace Slovenija, katja.hus@greenpeace.org, 040 981 621<\/p>\n\n<p><\/p>\n\n<p>[1] Pregled dr\u017eavnih zavez za opu\u0161\u010danje premoga: <a href=\"https:\/\/beyond-coal.eu\/wp-content\/uploads\/2022\/01\/overview-of-national-coal-phase-out-commitments-13-January-2022.pdf\">https:\/\/beyond-coal.eu\/wp-content\/uploads\/2022\/01\/overview-of-national-coal-phase-out-commitments-13-January-2022.pdf<\/a><\/p>\n","protected":false},"excerpt":{"rendered":"<p>Vlada RS je v\u010deraj sprejela Nacionalno strategijo za izstop iz premoga in prestrukturiranje premogovnih regij in kot letnico prenehanja rabe premoga v Sloveniji opredeli leto 2033.  <\/p>\n","protected":false},"author":23,"featured_media":49480,"comment_status":"closed","ping_status":"open","sticky":false,"template":"","format":"standard","meta":{"ep_exclude_from_search":false,"p4_og_title":"","p4_og_description":"","p4_og_image":"","p4_og_image_id":"","p4_seo_canonical_url":"","p4_campaign_name":"not set","p4_local_project":"not set","p4_basket_name":"not set","p4_department":"","footnotes":""},"categories":[45],"tags":[32,33],"p4-page-type":[46],"class_list":["post-49479","post","type-post","status-publish","format-standard","has-post-thumbnail","hentry","category-podnebje","tag-brezpremoga","tag-tes","p4-page-type-sporocilo-za-javnost"],"_links":{"self":[{"href":"https:\/\/www.greenpeace.org\/slovenia\/wp-json\/wp\/v2\/posts\/49479","targetHints":{"allow":["GET"]}}],"collection":[{"href":"https:\/\/www.greenpeace.org\/slovenia\/wp-json\/wp\/v2\/posts"}],"about":[{"href":"https:\/\/www.greenpeace.org\/slovenia\/wp-json\/wp\/v2\/types\/post"}],"author":[{"embeddable":true,"href":"https:\/\/www.greenpeace.org\/slovenia\/wp-json\/wp\/v2\/users\/23"}],"replies":[{"embeddable":true,"href":"https:\/\/www.greenpeace.org\/slovenia\/wp-json\/wp\/v2\/comments?post=49479"}],"version-history":[{"count":4,"href":"https:\/\/www.greenpeace.org\/slovenia\/wp-json\/wp\/v2\/posts\/49479\/revisions"}],"predecessor-version":[{"id":49484,"href":"https:\/\/www.greenpeace.org\/slovenia\/wp-json\/wp\/v2\/posts\/49479\/revisions\/49484"}],"wp:featuredmedia":[{"embeddable":true,"href":"https:\/\/www.greenpeace.org\/slovenia\/wp-json\/wp\/v2\/media\/49480"}],"wp:attachment":[{"href":"https:\/\/www.greenpeace.org\/slovenia\/wp-json\/wp\/v2\/media?parent=49479"}],"wp:term":[{"taxonomy":"category","embeddable":true,"href":"https:\/\/www.greenpeace.org\/slovenia\/wp-json\/wp\/v2\/categories?post=49479"},{"taxonomy":"post_tag","embeddable":true,"href":"https:\/\/www.greenpeace.org\/slovenia\/wp-json\/wp\/v2\/tags?post=49479"},{"taxonomy":"p4-page-type","embeddable":true,"href":"https:\/\/www.greenpeace.org\/slovenia\/wp-json\/wp\/v2\/p4-page-type?post=49479"}],"curies":[{"name":"wp","href":"https:\/\/api.w.org\/{rel}","templated":true}]}}