{"id":49586,"date":"2022-02-25T20:17:19","date_gmt":"2022-02-25T20:17:19","guid":{"rendered":"https:\/\/www.greenpeace.org\/slovenia\/?p=49586"},"modified":"2023-06-01T16:08:56","modified_gmt":"2023-06-01T16:08:56","slug":"mir-ne-vojna-odziv-na-dogajanje-v-ukrajini","status":"publish","type":"post","link":"https:\/\/www.greenpeace.org\/slovenia\/sporocilo-za-javnost\/49586\/mir-ne-vojna-odziv-na-dogajanje-v-ukrajini\/","title":{"rendered":"Mir, ne vojna (Odziv na dogajanje v Ukrajini)"},"content":{"rendered":"\n<p>Greenpeace je mo\u010dno zaskrbljen zaradi voja\u0161kega konflikta v Ukrajini. Na\u0161e misli so z ljudmi, ki so ujeti v navzkri\u017eni ogenj ali so bili prisiljeni zapustiti svoje domove. \u010ceprav Greenpeace nima pisarne v Ukrajini, na\u0161e pisarne v sosednjih dr\u017eavah izra\u017eajo solidarnost z drugimi civilnodru\u017ebenimi in humanitarnimi organizacijami, ki delujejo na tem obmo\u010dju ter so zmo\u017ene in pripravljene podpreti humanitarna prizadevanja. Poljska, Mad\u017earska, Slova\u0161ka, Bolgarija in Romunija se pripravljajo na sprejem beguncev, zato so na\u0161e lokalne ekipe v teh dr\u017eavah v tesnem stiku s humanitarnimi nevladnimi organizacijami in pozorno spremljajo situacijo. Na\u0161e osebje in aktivisti so usposobljeni in imajo izku\u0161nje za ukrepanje v izrednih razmerah in si \u017eelijo pomagati, \u010de bi bilo to potrebno. Poleg \u010dlove\u0161kih virov lahko ponudimo na\u0161a skladi\u0161\u010da kot baze za koordinacijo nevladnih organizacij, pomagamo s transporti ter zagotovimo elektri\u010dno energijo iz na\u0161ih fotovoltai\u010dnih sistemov.<\/p>\n\n<p>Sara Heltai, namestnica programskega direktorja pri Greenpeace Srednja in Vzhodna Evropa (CEE), pravi: <em>\u00bbSo\u010dustvujemo z vsemi, ki so jih prizadeli ti grozljivi dogodki, zlasti s civilisti, katerih \u017eivljenja so se \u010dez no\u010d spremenila. Na tiso\u010de ljudi je bilo v iskanju varnosti in zato\u010di\u0161\u010da prisiljenih pobegniti iz svojih domov. Greenpeace CEE aktivno i\u0161\u010de na\u010dine, kako v teh te\u017ekih \u010dasih ponuditi kakr\u0161no koli pomo\u010d; pripravljeni smo uporabiti svoje ve\u0161\u010dine, znanje in logisti\u010dne izku\u0161nje za to, da na kakr\u0161en koli podpremo humanitarna prizadevanja in nevladne organizacije na terenu.\u00ab<\/em><\/p>\n\n<figure class=\"wp-block-image size-large\"><img loading=\"lazy\" decoding=\"async\" width=\"1024\" height=\"1024\" src=\"https:\/\/www.greenpeace.org\/static\/planet4-slovenia-stateless\/2022\/02\/84cb5163-no_war_logo_-1024x1024.jpg\" alt=\"\" class=\"wp-image-49589\" srcset=\"https:\/\/www.greenpeace.org\/static\/planet4-slovenia-stateless\/2022\/02\/84cb5163-no_war_logo_-1024x1024.jpg 1024w, https:\/\/www.greenpeace.org\/static\/planet4-slovenia-stateless\/2022\/02\/84cb5163-no_war_logo_-300x300.jpg 300w, https:\/\/www.greenpeace.org\/static\/planet4-slovenia-stateless\/2022\/02\/84cb5163-no_war_logo_-150x150.jpg 150w, https:\/\/www.greenpeace.org\/static\/planet4-slovenia-stateless\/2022\/02\/84cb5163-no_war_logo_-768x768.jpg 768w, https:\/\/www.greenpeace.org\/static\/planet4-slovenia-stateless\/2022\/02\/84cb5163-no_war_logo_-1366x1366.jpg 1366w, https:\/\/www.greenpeace.org\/static\/planet4-slovenia-stateless\/2022\/02\/84cb5163-no_war_logo_-340x340.jpg 340w, https:\/\/www.greenpeace.org\/static\/planet4-slovenia-stateless\/2022\/02\/84cb5163-no_war_logo_.jpg 1500w\" sizes=\"auto, (max-width: 1024px) 100vw, 1024px\" \/><\/figure>\n","protected":false},"excerpt":{"rendered":"<p>Greenpeace je mo\u010dno zaskrbljen zaradi voja\u0161kega konflikta v Ukrajini. Na\u0161e misli so z ljudmi, ki so ujeti v navzkri\u017eni ogenj ali so bili prisiljeni zapustiti svoje domove.<\/p>\n","protected":false},"author":23,"featured_media":49587,"comment_status":"closed","ping_status":"open","sticky":false,"template":"","format":"standard","meta":{"ep_exclude_from_search":false,"p4_og_title":"","p4_og_description":"","p4_og_image":"","p4_og_image_id":"","p4_seo_canonical_url":"","p4_campaign_name":"not set","p4_local_project":"not set","p4_basket_name":"not set","p4_department":"","footnotes":""},"categories":[44],"tags":[27,26],"p4-page-type":[46],"class_list":["post-49586","post","type-post","status-publish","format-standard","has-post-thumbnail","hentry","category-o-nas","tag-greenpeace","tag-aktivizem","p4-page-type-sporocilo-za-javnost"],"_links":{"self":[{"href":"https:\/\/www.greenpeace.org\/slovenia\/wp-json\/wp\/v2\/posts\/49586","targetHints":{"allow":["GET"]}}],"collection":[{"href":"https:\/\/www.greenpeace.org\/slovenia\/wp-json\/wp\/v2\/posts"}],"about":[{"href":"https:\/\/www.greenpeace.org\/slovenia\/wp-json\/wp\/v2\/types\/post"}],"author":[{"embeddable":true,"href":"https:\/\/www.greenpeace.org\/slovenia\/wp-json\/wp\/v2\/users\/23"}],"replies":[{"embeddable":true,"href":"https:\/\/www.greenpeace.org\/slovenia\/wp-json\/wp\/v2\/comments?post=49586"}],"version-history":[{"count":2,"href":"https:\/\/www.greenpeace.org\/slovenia\/wp-json\/wp\/v2\/posts\/49586\/revisions"}],"predecessor-version":[{"id":49591,"href":"https:\/\/www.greenpeace.org\/slovenia\/wp-json\/wp\/v2\/posts\/49586\/revisions\/49591"}],"wp:featuredmedia":[{"embeddable":true,"href":"https:\/\/www.greenpeace.org\/slovenia\/wp-json\/wp\/v2\/media\/49587"}],"wp:attachment":[{"href":"https:\/\/www.greenpeace.org\/slovenia\/wp-json\/wp\/v2\/media?parent=49586"}],"wp:term":[{"taxonomy":"category","embeddable":true,"href":"https:\/\/www.greenpeace.org\/slovenia\/wp-json\/wp\/v2\/categories?post=49586"},{"taxonomy":"post_tag","embeddable":true,"href":"https:\/\/www.greenpeace.org\/slovenia\/wp-json\/wp\/v2\/tags?post=49586"},{"taxonomy":"p4-page-type","embeddable":true,"href":"https:\/\/www.greenpeace.org\/slovenia\/wp-json\/wp\/v2\/p4-page-type?post=49586"}],"curies":[{"name":"wp","href":"https:\/\/api.w.org\/{rel}","templated":true}]}}