{"id":49620,"date":"2022-03-04T12:49:39","date_gmt":"2022-03-04T12:49:39","guid":{"rendered":"https:\/\/www.greenpeace.org\/slovenia\/?p=49620"},"modified":"2023-06-01T16:07:57","modified_gmt":"2023-06-01T16:07:57","slug":"besedi-green-zeleno-in-peace-mir-se-nikoli-nista-bili-bolj-jasno-povezani","status":"publish","type":"post","link":"https:\/\/www.greenpeace.org\/slovenia\/blog\/49620\/besedi-green-zeleno-in-peace-mir-se-nikoli-nista-bili-bolj-jasno-povezani\/","title":{"rendered":"Besedi Green (zeleno) in Peace (mir) \u0161e nikoli nista bili bolj jasno povezani"},"content":{"rendered":"\n<p>V lu\u010di vojne v Ukrajini <strong>se s sodelavci soo\u010damo z dilemo, kako in ali sploh govoriti o \u010demerkoli drugem kot o nujnosti po zagotavljanju takoj\u0161njega miru.<\/strong>\u00a0<\/p>\n\n<p>\u0160tevilne na\u010drte na\u0161ih kampanj ponovno ocenjujemo in prilagajamo, se pri tem neizprosno spra\u0161ujemo o najbolj\u0161i poti dalje. Eden izmed zaklju\u010dkov, do katerega vedno pridemo pa je, da besedi Green (zeleno) in Peace (mir) \u0161e nikoli nista bili bolj jasno povezani.&nbsp;<\/p>\n\n<p>Greenpeace se po vsem svetu \u017ee dolgo bori proti fosilnim gorivom, ki so vzrok podnebne krize, onesna\u017eevanja, korupcije in konfliktov. <strong>Vojna v Ukrajini je \u0161e en grozljiv opomnik, kako pomembno je, da se svetovni voditelji resno lotijo prekinitve na\u0161ih vezi s fosilnimi gorivi<\/strong> ter da zgradijo varen in zanesljiv obnovljiv energetski sistem za vse. S trudom za opu\u0161\u010danje fosilnih goriv in prehodom na obnovljive vire si tudi prizadevamo za mirno in varno prihodnost vseh.<\/p>\n\n<p>\u201c<em>Sedanji dogodki jasno ka\u017eejo, da sta, zaradi na\u0161e odvisnosti od fosilnih goriv, svetovno gospodarstvo in energetska varnost ranljivi za geopoliti\u010dne pretrese in krize.\u201d <\/em>To je bilo eno izmed sporo\u010dil generalnega sekretarja Zdru\u017eenih narodov, Antonia Guterresa, ob izdaji najnovej\u0161ega podnebnega poro\u010dila.<strong> V za\u010detku tedna je <\/strong><strong>Medvladni odbor za podnebne spremembe (IPCC)<\/strong><strong> dr\u017eavam sveta posredoval svoje najnovej\u0161e in zelo pomembno poro\u010dilo. V njem razkriva<\/strong> <strong>neprijetna spoznanja o tem, kako dale\u010d v podnebno krizo smo \u017ee zabredli ter kak\u0161ne mo\u017enosti imamo pri spopadu z njo.<\/strong><\/p>\n\n<p>To poro\u010dilo na 3.500 straneh ni samo \u0161e eno izmed poro\u010dil. Gre zame, zate in za vse nas, ki \u017eivimo na tem planetu. Zato se nam je zdelo pomembno njegove izsledke deliti z vami. Nam namre\u010d \u0161e vedno odzvanjajo stavki Antonia Guterresa: <em>&#8220;V svojem \u010dasu sem videl \u017ee veliko znanstvenih poro\u010dil, vendar ni\u010d takega. Poro\u010dilo IPCC je atlas \u010dlove\u0161kega trpljenja in obto\u017eujo\u010da sodba neuspe\u0161nega vodenja na podro\u010dju podnebja.\u201d<\/em><\/p>\n\n<p>Za kratko predstavitev vsebine poro\u010dila si lahko ogleda\u0161 <a href=\"https:\/\/www.youtube.com\/watch?v=U5FNuWShxvU\">ta videoposnetek<\/a>.<\/p>\n\n<figure class=\"wp-block-embed is-type-video is-provider-youtube wp-block-embed-youtube\"><div class=\"wp-block-embed__wrapper\">\n<lite-youtube style=\"background-image: url('https:\/\/i.ytimg.com\/vi\/U5FNuWShxvU\/hqdefault.jpg');\" videoid=\"U5FNuWShxvU\" params=\"rel=0\"><\/lite-youtube>\n<\/div><\/figure>\n\n<p>Koraki, ki jih moramo storiti so jasni. Nekateri izmed njih so:<\/p>\n\n<p><strong>1.<\/strong> <strong>Opustiti moramo fosilna goriva<\/strong>. Brez odla\u0161anja. Ni\u010d ve\u010d nalo\u017eb v premog, nafto in plin. Emisije moramo spraviti proti ni\u010d, in to hitro.<\/p>\n\n<p><strong>2.<\/strong> <strong>Do leta 2030 moramo zavarovati vsaj 30 % vseh ekosistemov na kopnem in v oceanih<\/strong>, da si bodo la\u017eje opomogli. Dve prilo\u017enosti bomo imeli \u017ee letos, in sicer s podpisom pogodbe za za\u0161\u010dito oceanov marca ter s sprejetjem ciljev 30\u2011odstotne za\u0161\u010dite na vrhu o biotski raznovrstnosti kasneje v leto\u0161njem letu.<\/p>\n\n<p><strong>3.<\/strong> <strong>Potrebujemo pravi\u010dnost in solidarnost<\/strong>. Ljudje imajo pravice. Dr\u017eave imajo obveznosti. Zahtevajmo njihovo odgovornost. Tisti, ki so najbolj onesna\u017eevali, morajo prevzeti odgovornost za za\u0161\u010dito tistih, ki so najbolj prizadeti. Potrebujemo mo\u010dan pravni okvir na svetovni ravni, ki bo dolo\u010dal odgovornost korporacij in vlad za povzro\u010danje \u0161kode in izkori\u0161\u010danje.&nbsp;<\/p>\n\n<p><strong>Tudi v teh \u010dasih moramo nadaljevati z bojem za podnebno ukrepanje, pospe\u0161iti energetski prehod na obnovljive vire, in slediti na\u0161emu poslanstvu <\/strong>&#8211; zagotoviti, da se sposobnost Zemlje, da neguje \u017eivljenje v vsej svoji raznolikosti, ohrani.<\/p>\n\n<p>Na\u0161a sporo\u010dila in delo v \u010dasu, ko se bomo na vse pretege trudili zdru\u017eevati besedi mir in zeleno, lahko spremljate ter delite tudi po na\u0161ih kanalih.&nbsp;<\/p>\n","protected":false},"excerpt":{"rendered":"<p>V lu\u010di vojne v Ukrajini se s sodelavci soo\u010damo z dilemo, kako in ali sploh govoriti o \u010demerkoli drugem kot o nujnosti po zagotavljanju takoj\u0161njega miru.<\/p>\n","protected":false},"author":23,"featured_media":49614,"comment_status":"closed","ping_status":"open","sticky":false,"template":"","format":"standard","meta":{"ep_exclude_from_search":false,"p4_og_title":"","p4_og_description":"","p4_og_image":"","p4_og_image_id":"","p4_seo_canonical_url":"","p4_campaign_name":"not set","p4_local_project":"not set","p4_basket_name":"not set","p4_department":"","footnotes":""},"categories":[45],"tags":[23],"p4-page-type":[24],"class_list":["post-49620","post","type-post","status-publish","format-standard","has-post-thumbnail","hentry","category-podnebje","tag-podnebje","p4-page-type-blog"],"_links":{"self":[{"href":"https:\/\/www.greenpeace.org\/slovenia\/wp-json\/wp\/v2\/posts\/49620","targetHints":{"allow":["GET"]}}],"collection":[{"href":"https:\/\/www.greenpeace.org\/slovenia\/wp-json\/wp\/v2\/posts"}],"about":[{"href":"https:\/\/www.greenpeace.org\/slovenia\/wp-json\/wp\/v2\/types\/post"}],"author":[{"embeddable":true,"href":"https:\/\/www.greenpeace.org\/slovenia\/wp-json\/wp\/v2\/users\/23"}],"replies":[{"embeddable":true,"href":"https:\/\/www.greenpeace.org\/slovenia\/wp-json\/wp\/v2\/comments?post=49620"}],"version-history":[{"count":2,"href":"https:\/\/www.greenpeace.org\/slovenia\/wp-json\/wp\/v2\/posts\/49620\/revisions"}],"predecessor-version":[{"id":49622,"href":"https:\/\/www.greenpeace.org\/slovenia\/wp-json\/wp\/v2\/posts\/49620\/revisions\/49622"}],"wp:featuredmedia":[{"embeddable":true,"href":"https:\/\/www.greenpeace.org\/slovenia\/wp-json\/wp\/v2\/media\/49614"}],"wp:attachment":[{"href":"https:\/\/www.greenpeace.org\/slovenia\/wp-json\/wp\/v2\/media?parent=49620"}],"wp:term":[{"taxonomy":"category","embeddable":true,"href":"https:\/\/www.greenpeace.org\/slovenia\/wp-json\/wp\/v2\/categories?post=49620"},{"taxonomy":"post_tag","embeddable":true,"href":"https:\/\/www.greenpeace.org\/slovenia\/wp-json\/wp\/v2\/tags?post=49620"},{"taxonomy":"p4-page-type","embeddable":true,"href":"https:\/\/www.greenpeace.org\/slovenia\/wp-json\/wp\/v2\/p4-page-type?post=49620"}],"curies":[{"name":"wp","href":"https:\/\/api.w.org\/{rel}","templated":true}]}}