{"id":49646,"date":"2022-03-11T19:54:41","date_gmt":"2022-03-11T19:54:41","guid":{"rendered":"https:\/\/www.greenpeace.org\/slovenia\/?p=49646"},"modified":"2023-06-01T16:07:55","modified_gmt":"2023-06-01T16:07:55","slug":"na-to-smo-cakali-desetletja-nasa-najboljsa-priloznost-da-zascitimo-oceane","status":"publish","type":"post","link":"https:\/\/www.greenpeace.org\/slovenia\/blog\/49646\/na-to-smo-cakali-desetletja-nasa-najboljsa-priloznost-da-zascitimo-oceane\/","title":{"rendered":"Na to smo \u010dakali desetletja &#8211; na\u0161a najbolj\u0161a prilo\u017enost, da za\u0161\u010ditimo oceane!"},"content":{"rendered":"\n<p><strong>Ta trenutek se dogaja nekaj velikega in to preprosto morate vedeti.<\/strong><\/p>\n\n<p>V torek so predstavniki dr\u017eav za\u010deli z zadnjim krogom pogajanj o pogojih <em>Sporazuma o svetovnih oceanih<\/em>. \u010ce bodo pogajanja uspe\u0161na, bi \u0161lo lahko za enega najve\u010djih dogodkov za\u0161\u010dite okolja v zadnjih desetletjih!<\/p>\n\n<p><strong>\u017de ve\u010d kot 6 let sem del kampanj Greenpeacea in to je najpomembnej\u0161a prilo\u017enost za pomenljivo za\u0161\u010dito oceanov, kar sem jih do\u017eivela. <\/strong>Greenpeace se \u017ee desetletja zavzema za za\u0161\u010dito mednarodnih voda z ustvarjanjem morskih rezervatov (za\u0161\u010ditenih obmo\u010dji brez \u0161kodljivih \u010dlove\u0161kih dejavnosti).&nbsp;<\/p>\n\n<p>Nedavno, leta 2018 smo pozivali k za\u0161\u010diti Antarktike, oziroma bolje re\u010deno k ustanovitvi najve\u010djega morskega rezervata okoli Antarktike.&nbsp;<\/p>\n\n<p>Leta 2019 pa smo za\u010deli s \u0161ir\u0161o kampanjo \u201cZa\u0161\u010ditimo oceane\u201d, v okviru katere so Greenpeaceove ladje preplule svetovne oceane, od pola do pola, na poti izvajale klju\u010dne znanstvene raziskave in ozave\u0161\u010dale o gro\u017enjah, ki pretijo oceanom ter hkrati pozivale k sprejetju <em>Sporazuma o svetovnih oceanih<\/em> s katero bi ta ranljiva obmo\u010dja za\u0161\u010ditili pred uni\u010dujo\u010dimi praksami.<\/p>\n\n<p><strong>Kampanjo je do danes podprlo skoraj 5 milijonov ljudi. To lahko <a href=\"https:\/\/act.greenpeace.si\/42636\" target=\"_blank\" rel=\"noreferrer noopener\">na tej povezavi<\/a> storite tudi vi!<\/strong><\/p>\n\n<figure class=\"wp-block-image size-large\"><img loading=\"lazy\" decoding=\"async\" width=\"1024\" height=\"683\" src=\"https:\/\/www.greenpeace.org\/static\/planet4-slovenia-stateless\/2019\/09\/a6b3e4e4-gp0sttovg-1024x683.jpg\" title=\"&quot;Protect the Oceans&quot; Message in the Sargasso Sea. \u00a9 Shane Gross \/ Greenpeace\" alt=\"&quot;Protect the Oceans&quot; Message in the Sargasso Sea. \u00a9 Shane Gross \/ Greenpeace\" class=\"wp-image-2245\" srcset=\"https:\/\/www.greenpeace.org\/static\/planet4-slovenia-stateless\/2019\/09\/a6b3e4e4-gp0sttovg-1024x683.jpg 1024w, https:\/\/www.greenpeace.org\/static\/planet4-slovenia-stateless\/2019\/09\/a6b3e4e4-gp0sttovg-300x200.jpg 300w, https:\/\/www.greenpeace.org\/static\/planet4-slovenia-stateless\/2019\/09\/a6b3e4e4-gp0sttovg-768x512.jpg 768w, https:\/\/www.greenpeace.org\/static\/planet4-slovenia-stateless\/2019\/09\/a6b3e4e4-gp0sttovg-510x340.jpg 510w, https:\/\/www.greenpeace.org\/static\/planet4-slovenia-stateless\/2019\/09\/a6b3e4e4-gp0sttovg.jpg 1200w\" sizes=\"auto, (max-width: 1024px) 100vw, 1024px\" \/><figcaption><div class=\"credit icon-left\"> \u00a9 Shane Gross \/ Greenpeace<\/div><\/figcaption><\/figure>\n\n<p>Oceani zagotavljajo polovico kisika na na\u0161em planetu. Zahvala za vsak drugi dih, ki ga naredimo, gre oceanom! Poleg tega so klju\u010dnega pomena za prehransko varnost in pre\u017eivetje obalnih skupnosti ter milijonov ljudi po vsem svetu. In kot da to ni dovolj\u0161en razlog, da jih za\u0161\u010ditimo, imajo \u0161e pomembno vlogo pri uravnavanju na\u0161ega podnebja. <strong>Zato nujno potrebujemo mo\u010dan sporazum za za\u0161\u010dito oceanov!<\/strong><\/p>\n\n<p><strong>Ne moremo si privo\u0161\u010diti, da bi zanos, ki smo ga ustvarjali v letih do teh pogajanj, po kon\u010danem dogodku ugasnil<\/strong><strong>. <\/strong>Moramo ga ohraniti.&nbsp;<\/p>\n\n<p>Do sedaj je va\u0161a podpora pomagala, da se ve\u010d kot 100 dr\u017eav \u017ee strinja z na\u010drtom, <strong>po katerem se do leta 2030 za\u0161\u010diti 30 % svetovnih oceanov<\/strong>. Pomagali ste nam zagotoviti tudi sporazum, <strong>zaradi katerega so najve\u010dja podjetja, v krhkih ekosistemih oceana<\/strong> na Antarktiki, <strong>prenehala z ribolovom krila<\/strong> (kril je majhna, rakcu podobna \u017eival, od katere je odvisno pre\u017eivetje kitov, tjuljnov in pingvinov).<\/p>\n\n<p>Ta konferenca, ki se trenutno odvija v New Yorku, nam ponuja najbolj\u0161o mo\u017enost, da uveljavimo potrebne spremembe, ki nam bodo pomagale pri soo\u010danju z najve\u010djimi izzivi na\u0161ega \u010dasa &#8211; podnebnimi spremembami in izgubo biotske raznovrstnosti.<\/p>\n\n<p>Kolegi iz Greenpeace ZDA so zato ob za\u010detku pogajanj na fasado sede\u017ea ZN v New Yorku projecirali jasno spro\u010dilo in od delegatov z vsega sveta zahtevali mo\u010dan Sporazum o svetovnih oceanih in za\u0161\u010dito 30 % globalnih oceanov do leta 2030!<\/p>\n\n<figure class=\"wp-block-embed is-type-rich is-provider-twitter wp-block-embed-twitter\"><div class=\"wp-block-embed__wrapper\">\n<blockquote class=\"twitter-tweet\" data-width=\"500\" data-dnt=\"true\"><p lang=\"en\" dir=\"ltr\">\u2728 Last night, we launched projections in NYC to get the attention of world leaders who are meeting at <a href=\"https:\/\/twitter.com\/hashtag\/IGC4?src=hash&amp;ref_src=twsrc%5Etfw\">#IGC4<\/a> right now to negotiate a Global Ocean Treaty!<br><br>Take action to demand a treaty that protects at least 30% of the world\u2019s oceans by 2030. \ud83d\udc49 <a href=\"https:\/\/t.co\/RmH39oaTWn\">https:\/\/t.co\/RmH39oaTWn<\/a> <a href=\"https:\/\/t.co\/0WRm6bgCOG\">pic.twitter.com\/0WRm6bgCOG<\/a><\/p>&mdash; Greenpeace USA (@greenpeaceusa) <a href=\"https:\/\/twitter.com\/greenpeaceusa\/status\/1501985247117725696?ref_src=twsrc%5Etfw\">March 10, 2022<\/a><\/blockquote><script async src=\"https:\/\/platform.twitter.com\/widgets.js\" charset=\"utf-8\"><\/script>\n<\/div><\/figure>\n\n<p><\/p>\n\n<div class=\"wp-block-buttons is-content-justification-center is-layout-flex wp-block-buttons-is-layout-flex\">\n<div class=\"wp-block-button has-custom-width wp-block-button__width-50 is-style-cta\"><a class=\"wp-block-button__link\" href=\"https:\/\/act.greenpeace.si\/42636\" target=\"_blank\" rel=\"noreferrer noopener\">PRIDRU\u017dI SE &#8211; PODPI\u0160I PETICIJO<\/a><\/div>\n<\/div>\n","protected":false},"excerpt":{"rendered":"<p>Ta trenutek se dogaja nekaj velikega in to preprosto morate vedeti.<\/p>\n","protected":false},"author":23,"featured_media":2245,"comment_status":"closed","ping_status":"open","sticky":false,"template":"","format":"standard","meta":{"ep_exclude_from_search":false,"p4_og_title":"","p4_og_description":"","p4_og_image":"","p4_og_image_id":"","p4_seo_canonical_url":"","p4_campaign_name":"not set","p4_local_project":"not set","p4_basket_name":"not set","p4_department":"","footnotes":""},"categories":[43],"tags":[28],"p4-page-type":[24],"class_list":["post-49646","post","type-post","status-publish","format-standard","has-post-thumbnail","hentry","category-narava","tag-oceani","p4-page-type-blog"],"_links":{"self":[{"href":"https:\/\/www.greenpeace.org\/slovenia\/wp-json\/wp\/v2\/posts\/49646","targetHints":{"allow":["GET"]}}],"collection":[{"href":"https:\/\/www.greenpeace.org\/slovenia\/wp-json\/wp\/v2\/posts"}],"about":[{"href":"https:\/\/www.greenpeace.org\/slovenia\/wp-json\/wp\/v2\/types\/post"}],"author":[{"embeddable":true,"href":"https:\/\/www.greenpeace.org\/slovenia\/wp-json\/wp\/v2\/users\/23"}],"replies":[{"embeddable":true,"href":"https:\/\/www.greenpeace.org\/slovenia\/wp-json\/wp\/v2\/comments?post=49646"}],"version-history":[{"count":5,"href":"https:\/\/www.greenpeace.org\/slovenia\/wp-json\/wp\/v2\/posts\/49646\/revisions"}],"predecessor-version":[{"id":49653,"href":"https:\/\/www.greenpeace.org\/slovenia\/wp-json\/wp\/v2\/posts\/49646\/revisions\/49653"}],"wp:featuredmedia":[{"embeddable":true,"href":"https:\/\/www.greenpeace.org\/slovenia\/wp-json\/wp\/v2\/media\/2245"}],"wp:attachment":[{"href":"https:\/\/www.greenpeace.org\/slovenia\/wp-json\/wp\/v2\/media?parent=49646"}],"wp:term":[{"taxonomy":"category","embeddable":true,"href":"https:\/\/www.greenpeace.org\/slovenia\/wp-json\/wp\/v2\/categories?post=49646"},{"taxonomy":"post_tag","embeddable":true,"href":"https:\/\/www.greenpeace.org\/slovenia\/wp-json\/wp\/v2\/tags?post=49646"},{"taxonomy":"p4-page-type","embeddable":true,"href":"https:\/\/www.greenpeace.org\/slovenia\/wp-json\/wp\/v2\/p4-page-type?post=49646"}],"curies":[{"name":"wp","href":"https:\/\/api.w.org\/{rel}","templated":true}]}}