{"id":49716,"date":"2022-03-27T21:47:53","date_gmt":"2022-03-27T21:47:53","guid":{"rendered":"https:\/\/www.greenpeace.org\/slovenia\/?p=49716"},"modified":"2023-06-01T16:07:52","modified_gmt":"2023-06-01T16:07:52","slug":"ne-bomo-odstopili-od-svojih-zahtev","status":"publish","type":"post","link":"https:\/\/www.greenpeace.org\/slovenia\/blog\/49716\/ne-bomo-odstopili-od-svojih-zahtev\/","title":{"rendered":"Ne bomo odstopili od svojih zahtev"},"content":{"rendered":"\n<p>\u017delela sem si, da bi bilo po letih kampanje to sporo\u010dilo praznovanje velike zmage, <strong>a namesto tega imam slabo novico<\/strong>. Medtem ko smo bili na obeh polih na\u0161ega planeta pred nekaj dnevi pri\u010da temperaturam vi\u0161jim kar za 30-40 \u00b0C od dolgoletnega povpre\u010dja in medtem ko ribi\u0161ke flote nenadzorovano plenijo oceane, se zdi, da se vladam v OZN ne mudi s sprejetjem <em>sporazuma o svetovnih oceanih<\/em>.<\/p>\n\n<p>\u0160e eno neuspelo pogajanje svetovnih voditeljev, ki se je prej\u0161nji teden kon\u010dalo v New Yorku, je zelo frustrirajo\u010de. Ampak tako zelo pomembno je, da se <strong>ne nehamo boriti za tisto, kar na\u0161i oceani potrebujejo zdaj, bolj kot kadarkoli prej.<\/strong> Potrebujemo mo\u010dan sporazum, ki bi za\u0161\u010ditil 30 % na\u0161ih oceanov do leta 2030 \u2013 in vemo, da je to dosegljiv cilj, \u010de se zdru\u017eimo in opolnomo\u010dimo to gibanje.<\/p>\n\n<p><strong>Prosim sodelujete pri financiranju naslednje faze kampanje, da bomo lahko uresni\u010dili za\u0161\u010dito oceanov?&nbsp;<\/strong><\/p>\n\n<div class=\"wp-block-buttons is-layout-flex wp-block-buttons-is-layout-flex\">\n<div class=\"wp-block-button is-style-donate\"><a class=\"wp-block-button__link\" href=\"https:\/\/cee.donate.greenpeace.org\/sl\/campaigns\">DONIRAJ<\/a><\/div>\n<\/div>\n\n<p>Oziroma<\/p>\n\n<p><strong>Boste, prosim, to peticijo delili s prijatelji in dru\u017eino, da bomo lahko raz\u0161irili na\u0161e gibanje na ve\u010d kot 5 milijonov ljudi?<\/strong><\/p>\n\n<div class=\"wp-block-buttons is-layout-flex wp-block-buttons-is-layout-flex\">\n<div class=\"wp-block-button is-style-cta\"><a class=\"wp-block-button__link\" href=\"https:\/\/act.greenpeace.si\/42636\">PODPI\u0160I PETICIJO<\/a><\/div>\n<\/div>\n\n<figure class=\"wp-block-image size-large\"><img loading=\"lazy\" decoding=\"async\" width=\"1024\" height=\"662\" src=\"https:\/\/www.greenpeace.org\/static\/planet4-slovenia-stateless\/2021\/08\/73264a1b-gp0sttove-1024x662.jpg\" title=\"&quot;Protect the Oceans&quot; Message in the Sargasso Sea. \u00a9 Shane Gross \/ Greenpeace\" alt=\"&quot;Protect the Oceans&quot; Message in the Sargasso Sea. \u00a9 Shane Gross \/ Greenpeace\" class=\"wp-image-49074\" srcset=\"https:\/\/www.greenpeace.org\/static\/planet4-slovenia-stateless\/2021\/08\/73264a1b-gp0sttove-1024x662.jpg 1024w, https:\/\/www.greenpeace.org\/static\/planet4-slovenia-stateless\/2021\/08\/73264a1b-gp0sttove-300x194.jpg 300w, https:\/\/www.greenpeace.org\/static\/planet4-slovenia-stateless\/2021\/08\/73264a1b-gp0sttove-768x497.jpg 768w, https:\/\/www.greenpeace.org\/static\/planet4-slovenia-stateless\/2021\/08\/73264a1b-gp0sttove-510x330.jpg 510w, https:\/\/www.greenpeace.org\/static\/planet4-slovenia-stateless\/2021\/08\/73264a1b-gp0sttove.jpg 1200w\" sizes=\"auto, (max-width: 1024px) 100vw, 1024px\" \/><figcaption><div class=\"credit icon-left\"> \u00a9 Shane Gross \/ Greenpeace<\/div><\/figcaption><\/figure>\n\n<p>Nezasli\u0161ano je, da je industrijskim ribi\u0161kim flotam dovoljeno ropati oceane za dobi\u010dek, s \u010dimer potiskajo populacije \u017eivali k propadu in ogro\u017eajo zdravje najve\u010djega ekosistema na Zemlji. <strong>Ne bomo odstopili od svojih zahtev, da bi ocean za\u0161\u010ditili pred industrijskim plenjenjem<\/strong>. <strong>Na kocki je na\u0161a prihodnost \u2013 vsi se zana\u0161amo na oceane: od kisika, ki ga dajejo, do prehranske varnosti, ki jo zagotavljajo.<\/strong><\/p>\n\n<p>V zadnjih nekaj letih smo uspe\u0161no spro\u017eili alarm za na\u0161e umirajo\u010de oceane, tako da smo pluli okoli sveta in preiskovali gro\u017enje, s katerimi se soo\u010dajo. Ni vse poguba in mra\u010dnost. Na tej poti so bile zmage \u2013 <strong>kot takrat, ko smo uspeli ranljiva obmo\u010dja v vodah okoli Antarktike za\u0161\u010dititi, ker smo tam, s pomo\u010djo na\u0161ega znanstvenega dela na podmornicah, odkrili dragoceno <\/strong><strong><em>biotsko pestrost<\/em><\/strong><strong>.<\/strong><\/p>\n\n<p>Toda brez mo\u010di ljudi ne moremo dose\u010di svojega cilja. 5 milijonov ljudi po vsem svetu je \u017ee podpisalo peticijo za mo\u010dan sporazum o svetovnih oceanih in \u0161e vedno je \u010das, da se pridru\u017eite boju. <strong>Prosim, ali lahko podprete kampanjo v tem klju\u010dnem trenutku?<\/strong><\/p>\n\n<div class=\"wp-block-buttons is-layout-flex wp-block-buttons-is-layout-flex\">\n<div class=\"wp-block-button is-style-secondary\"><a class=\"wp-block-button__link\" href=\"https:\/\/cee.donate.greenpeace.org\/sl\/campaigns\">DONACIJA<\/a><\/div>\n<\/div>\n\n<div class=\"wp-block-buttons is-layout-flex wp-block-buttons-is-layout-flex\">\n<div class=\"wp-block-button is-style-secondary\"><a class=\"wp-block-button__link\" href=\"https:\/\/act.greenpeace.si\/42636\">PETICIJA<\/a><\/div>\n<\/div>\n\n<p>Ker so bila pogajanja ZN neuspe\u0161na, se bomo \u0161e naprej glasno zavzemali, da svetovni voditelji \u0161e letos zagotovijo mo\u010dan na\u010drt za <em>sporazum o svetovnih oceanih <\/em>\u2013 oceani preprosto ne morejo \u010dakati.<\/p>\n\n<p>Tako blizu smo uresni\u010ditvi na\u010drta za za\u0161\u010dito oceanov, za katerega se borimo \u017ee leta, in va\u0161a pomo\u010d v tem klju\u010dnem \u010dasu bi nam lahko pomagala, da bomo uresni\u010dili enega najve\u010djih dogodkov za\u0161\u010dite okolja v zgodovini.<\/p>\n\n<p>Hvala za vse kar storite.<\/p>\n","protected":false},"excerpt":{"rendered":"<p>\u0160e eno neuspelo pogajanje svetovnih voditeljev, ki se je prej\u0161nji teden kon\u010dalo v New Yorku, je zelo frustrirajo\u010de. Ampak tako zelo pomembno je, da se ne nehamo boriti za tisto, kar na\u0161i oceani potrebujejo zdaj, bolj kot kadarkoli prej. <\/p>\n","protected":false},"author":23,"featured_media":49074,"comment_status":"closed","ping_status":"open","sticky":false,"template":"","format":"standard","meta":{"ep_exclude_from_search":false,"p4_og_title":"","p4_og_description":"","p4_og_image":"","p4_og_image_id":"","p4_seo_canonical_url":"","p4_campaign_name":"not set","p4_local_project":"not set","p4_basket_name":"not set","p4_department":"","footnotes":""},"categories":[43],"tags":[28],"p4-page-type":[24],"class_list":["post-49716","post","type-post","status-publish","format-standard","has-post-thumbnail","hentry","category-narava","tag-oceani","p4-page-type-blog"],"_links":{"self":[{"href":"https:\/\/www.greenpeace.org\/slovenia\/wp-json\/wp\/v2\/posts\/49716","targetHints":{"allow":["GET"]}}],"collection":[{"href":"https:\/\/www.greenpeace.org\/slovenia\/wp-json\/wp\/v2\/posts"}],"about":[{"href":"https:\/\/www.greenpeace.org\/slovenia\/wp-json\/wp\/v2\/types\/post"}],"author":[{"embeddable":true,"href":"https:\/\/www.greenpeace.org\/slovenia\/wp-json\/wp\/v2\/users\/23"}],"replies":[{"embeddable":true,"href":"https:\/\/www.greenpeace.org\/slovenia\/wp-json\/wp\/v2\/comments?post=49716"}],"version-history":[{"count":3,"href":"https:\/\/www.greenpeace.org\/slovenia\/wp-json\/wp\/v2\/posts\/49716\/revisions"}],"predecessor-version":[{"id":49720,"href":"https:\/\/www.greenpeace.org\/slovenia\/wp-json\/wp\/v2\/posts\/49716\/revisions\/49720"}],"wp:featuredmedia":[{"embeddable":true,"href":"https:\/\/www.greenpeace.org\/slovenia\/wp-json\/wp\/v2\/media\/49074"}],"wp:attachment":[{"href":"https:\/\/www.greenpeace.org\/slovenia\/wp-json\/wp\/v2\/media?parent=49716"}],"wp:term":[{"taxonomy":"category","embeddable":true,"href":"https:\/\/www.greenpeace.org\/slovenia\/wp-json\/wp\/v2\/categories?post=49716"},{"taxonomy":"post_tag","embeddable":true,"href":"https:\/\/www.greenpeace.org\/slovenia\/wp-json\/wp\/v2\/tags?post=49716"},{"taxonomy":"p4-page-type","embeddable":true,"href":"https:\/\/www.greenpeace.org\/slovenia\/wp-json\/wp\/v2\/p4-page-type?post=49716"}],"curies":[{"name":"wp","href":"https:\/\/api.w.org\/{rel}","templated":true}]}}