{"id":49752,"date":"2022-04-22T11:27:12","date_gmt":"2022-04-22T11:27:12","guid":{"rendered":"https:\/\/www.greenpeace.org\/slovenia\/?p=49752"},"modified":"2023-06-01T16:07:48","modified_gmt":"2023-06-01T16:07:48","slug":"dan-zemlje-v-znamenju-slogana-gremo-volit","status":"publish","type":"post","link":"https:\/\/www.greenpeace.org\/slovenia\/blog\/49752\/dan-zemlje-v-znamenju-slogana-gremo-volit\/","title":{"rendered":"Dan Zemlje v znamenju slogana \u201cGremo volit!\u201d"},"content":{"rendered":"\n<p>Vsi z veseljem proslavljamo rekorde na\u0161ih \u0161portnikov, zdaj pa imamo prilo\u017enost sami biti del rekorda. V treh dneh pred\u010dasnega glasovanje za dr\u017eavnozborske volitve je svoj glas oddalo <strong>rekordnih 7,67 % volivk in volivcev<\/strong> &#8211; ve\u010d kot dvakrat toliko kot na pred\u010dasnem glasovanju na zadnjih parlamentarnih volitvah! \ud83d\ude4c\ud83d\ude4c\ud83d\ude4c<\/p>\n\n<p class=\"has-text-align-center\"><strong>V nedeljo, 24. aprila, se odpravimo na voli\u0161\u010de in skupaj zagotovimo rekordno volilno udele\u017ebo!<\/strong><\/p>\n\n<p class=\"has-text-align-center\">Na volitve vplivajo namre\u010d tisti, ki se jih udele\u017eijo.&nbsp;<\/p>\n\n<p class=\"has-text-align-center\"><strong>Zato ne dovolimo, da odlo\u010dijo drugi &#8211; oddajmo svoj glas za dr\u017eavnozborske volitve to nedeljo, 24. aprila! Narava nima volilne pravice. Otroci nimajo volilne pravice. Ampak ti jo ima\u0161 &#8211; izkoristi jo.<\/strong><\/p>\n\n<p>Danes obele\u017eujemo Dan Zemlje &#8211; dan, ko z razli\u010dnimi aktivnostmi podpremo varovanje okolje. In stanje okolja je iz leta v leto bolj alarmantno. <\/p>\n\n<p>Dr\u017eave morajo potrojiti hitrost prehoda na obnovljive vire energije. V naslednjih osmih letih mora svet prakti\u010dno prepoloviti emisije CO2, da zaustavimo nevarno segrevanje planeta. Ali bomo v Sloveniji pravo\u010dasno opustili fosilna goriva, ali bomo kon\u010dno investirali v zgodovinski razvoj son\u010dne energije in se nehali zapletati v (jedrske) energetske zgodbe preteklosti, ali bomo uspe\u0161no za\u0161\u010ditili na\u0161e gozdove, reke in kmetijske povr\u0161ine? <\/p>\n\n<p>Kdorkoli bo sedel v parlamentu naslednja \u0161tiri leta, bo sprejemal odlo\u010ditve v klju\u010dnem obdobju za re\u0161evanje podnebne in biotske krize. Odlo\u010ditve, sprejete v naslednjih \u0161tirih letih, bodo zaznamovale na\u0161a \u017eivljenja \u0161e za generacije.<\/p>\n\n<figure class=\"wp-block-image size-large\"><img loading=\"lazy\" decoding=\"async\" width=\"1024\" height=\"576\" src=\"https:\/\/www.greenpeace.org\/static\/planet4-slovenia-stateless\/2022\/04\/788490aa-otocec-blizu-1024x576.jpg\" alt=\"\" class=\"wp-image-49753\" srcset=\"https:\/\/www.greenpeace.org\/static\/planet4-slovenia-stateless\/2022\/04\/788490aa-otocec-blizu-1024x576.jpg 1024w, https:\/\/www.greenpeace.org\/static\/planet4-slovenia-stateless\/2022\/04\/788490aa-otocec-blizu-300x169.jpg 300w, https:\/\/www.greenpeace.org\/static\/planet4-slovenia-stateless\/2022\/04\/788490aa-otocec-blizu-768x432.jpg 768w, https:\/\/www.greenpeace.org\/static\/planet4-slovenia-stateless\/2022\/04\/788490aa-otocec-blizu-1536x864.jpg 1536w, https:\/\/www.greenpeace.org\/static\/planet4-slovenia-stateless\/2022\/04\/788490aa-otocec-blizu-2048x1152.jpg 2048w, https:\/\/www.greenpeace.org\/static\/planet4-slovenia-stateless\/2022\/04\/788490aa-otocec-blizu-510x287.jpg 510w\" sizes=\"auto, (max-width: 1024px) 100vw, 1024px\" \/><figcaption>Slogan &#8220;Gremo volit!&#8221; pri Gradu Oto\u010dec. (c) Greenpeace<\/figcaption><\/figure>\n\n<p>\u201cVsi so isti!\u201d je mnenje, ki ga pogosto sli\u0161imo. A politi\u010dne stranke imajo razli\u010dne programe in prioritete, tudi na podro\u010dju okolja. Odlo\u010ditev, koga voliti, je zelo podobna uporabi javnega prevoza. Ne \u010dakamo na prevoz, ki nas pripelje to\u010dno pred hi\u0161ni prag, ampak izberemo tistega, ki nas pripelje najbli\u017eje.<\/p>\n\n<p>\u010ce pa \u0161e niste odlo\u010deni, koga obkro\u017eiti, lahko razli\u010dna (okoljska) stali\u0161\u010da politi\u010dnih strank in kako se ta skladajo s va\u0161imi prepri\u010danji, razi\u0161\u010dete s pomo\u010djo <a href=\"https:\/\/volitvomat.si\/\">volitvomata<\/a>. Orodje temelji na odgovorih strank na 138 zahtev, ki smo jih skupaj postavile civilnodru\u017ebene organizacije, zdru\u017eene v iniciativo Glas ljudstva. Ogledate si lahko tudi <a href=\"https:\/\/www.facebook.com\/watch\/live\/?ref=watch_permalink&amp;v=705903834162337\">javno soo\u010denje politi\u010dnih strank z ljudstvom<\/a>, ki ga je organizirala iniciativa Glas ljudstva in je potekalo na Trgu republike v Ljubljani. \u0160tevilna vpra\u0161anja ste poslali tudi vi, na\u0161i podporniki. V kolikor ste ga poslali, je bilo morda zastavljeno prav va\u0161e vpra\u0161anje!<\/p>\n\n<p>Z nekaj izjemami so bila vpra\u0161anja o ukrepanju zoper podnebno (in biotsko) krizo potisnjena v ozadje predvolilnih razprav v medijih. Zato se nam zdi pomembno izpostaviti tudi nekatere prispevke, ki so se osredoto\u010dali prav na okolje. Dva tak\u0161na primera sta pogovorna oddaja na VAL 202 \u201c<a href=\"https:\/\/val202.rtvslo.si\/2022\/04\/vroci-mikrofon-372\/\">Okolje pred volitvami<\/a>\u201d in kraj\u0161i pregledni \u010dlanek na N1 \u201c<a href=\"https:\/\/n1info.si\/poglobljeno\/zelene-obljube-okoljski-programi-strank-med-drznimi-predlogi-in-floskulami\/\">Zelene obljube<\/a>\u201d.<\/p>\n\n<p>Se vidimo na voli\u0161\u010dih! \ud83c\udf0d<\/p>\n","protected":false},"excerpt":{"rendered":"<p>Vsi z veseljem proslavljamo rekorde na\u0161ih \u0161portnikov, zdaj pa imamo prilo\u017enost sami biti del rekorda. V treh dneh pred\u010dasnega glasovanje za dr\u017eavnozborske volitve je svoj glas oddalo rekordnih 7,67 %&hellip;<\/p>\n","protected":false},"author":25,"featured_media":49753,"comment_status":"closed","ping_status":"open","sticky":false,"template":"","format":"standard","meta":{"ep_exclude_from_search":false,"p4_og_title":"","p4_og_description":"","p4_og_image":"","p4_og_image_id":"","p4_seo_canonical_url":"","p4_campaign_name":"not set","p4_local_project":"not set","p4_basket_name":"not set","p4_department":"","footnotes":""},"categories":[45],"tags":[23],"p4-page-type":[24],"class_list":["post-49752","post","type-post","status-publish","format-standard","has-post-thumbnail","hentry","category-podnebje","tag-podnebje","p4-page-type-blog"],"_links":{"self":[{"href":"https:\/\/www.greenpeace.org\/slovenia\/wp-json\/wp\/v2\/posts\/49752","targetHints":{"allow":["GET"]}}],"collection":[{"href":"https:\/\/www.greenpeace.org\/slovenia\/wp-json\/wp\/v2\/posts"}],"about":[{"href":"https:\/\/www.greenpeace.org\/slovenia\/wp-json\/wp\/v2\/types\/post"}],"author":[{"embeddable":true,"href":"https:\/\/www.greenpeace.org\/slovenia\/wp-json\/wp\/v2\/users\/25"}],"replies":[{"embeddable":true,"href":"https:\/\/www.greenpeace.org\/slovenia\/wp-json\/wp\/v2\/comments?post=49752"}],"version-history":[{"count":2,"href":"https:\/\/www.greenpeace.org\/slovenia\/wp-json\/wp\/v2\/posts\/49752\/revisions"}],"predecessor-version":[{"id":49755,"href":"https:\/\/www.greenpeace.org\/slovenia\/wp-json\/wp\/v2\/posts\/49752\/revisions\/49755"}],"wp:featuredmedia":[{"embeddable":true,"href":"https:\/\/www.greenpeace.org\/slovenia\/wp-json\/wp\/v2\/media\/49753"}],"wp:attachment":[{"href":"https:\/\/www.greenpeace.org\/slovenia\/wp-json\/wp\/v2\/media?parent=49752"}],"wp:term":[{"taxonomy":"category","embeddable":true,"href":"https:\/\/www.greenpeace.org\/slovenia\/wp-json\/wp\/v2\/categories?post=49752"},{"taxonomy":"post_tag","embeddable":true,"href":"https:\/\/www.greenpeace.org\/slovenia\/wp-json\/wp\/v2\/tags?post=49752"},{"taxonomy":"p4-page-type","embeddable":true,"href":"https:\/\/www.greenpeace.org\/slovenia\/wp-json\/wp\/v2\/p4-page-type?post=49752"}],"curies":[{"name":"wp","href":"https:\/\/api.w.org\/{rel}","templated":true}]}}