{"id":49785,"date":"2022-05-25T05:06:57","date_gmt":"2022-05-25T05:06:57","guid":{"rendered":"https:\/\/www.greenpeace.org\/slovenia\/?p=49785"},"modified":"2023-06-01T16:07:43","modified_gmt":"2023-06-01T16:07:43","slug":"podcast-skocite-ze-na-ta-vlak","status":"publish","type":"post","link":"https:\/\/www.greenpeace.org\/slovenia\/blog\/49785\/podcast-skocite-ze-na-ta-vlak\/","title":{"rendered":"Podcast: \u00bbSko\u010dite \u017ee na ta vlak!\u00ab"},"content":{"rendered":"\n<h2 class=\"wp-block-heading\">Podnebna kriza: \u010darobne pali\u010dice ni, so pa re\u0161itve<\/h2>\n\n<p>Tokrat smo gostovali v podcastu Okoljske zgodbe, ki jih pripravljajo v organizaciji Eko krog, na temo globalne podnebne krize. Prisluhnite zanimivi razpravi o vpra\u0161anjih kot so <em>&#8216;Ali so enostavne re\u0161itve oz. t.i. \u010darobna pali\u010dica \u0161e mogo\u010da &#8211; ali smo ta vlak morda \u017ee zamudili?<\/em>&#8216; in <em>&#8216;Ali se podnebna kriza tudi \u017ee v Sloveniji pozna in kako jo lahko ob\u010dutimo?<\/em>&#8216;. Zelo zanimiv del pogovora orisuje tudi pravi\u010dni prehod, na katerega opozarjamo nevladne organizacije na vseh, ne le na okoljskem podro\u010dju &#8211; s ciljem po zmanj\u0161evanju vse ve\u010djih neenakosti ter -z mavrico re\u0161itev- ustvarjanju pravi\u010dnej\u0161e, bolj trajnostne dru\u017ebe.<\/p>\n\n<p><strong>Oglejte si posnetek podcasta:<\/strong><\/p>\n\n<figure class=\"wp-block-image size-large is-style-default\"><a href=\"https:\/\/www.youtube.com\/watch?v=5iVFPMfoFRU\"><img loading=\"lazy\" decoding=\"async\" width=\"1024\" height=\"419\" src=\"https:\/\/www.greenpeace.org\/static\/planet4-slovenia-stateless\/2022\/05\/ebf1543c-screenshot-2022-05-25-065019-1024x419.jpg\" alt=\"\" class=\"wp-image-49786\" srcset=\"https:\/\/www.greenpeace.org\/static\/planet4-slovenia-stateless\/2022\/05\/ebf1543c-screenshot-2022-05-25-065019-1024x419.jpg 1024w, https:\/\/www.greenpeace.org\/static\/planet4-slovenia-stateless\/2022\/05\/ebf1543c-screenshot-2022-05-25-065019-300x123.jpg 300w, https:\/\/www.greenpeace.org\/static\/planet4-slovenia-stateless\/2022\/05\/ebf1543c-screenshot-2022-05-25-065019-768x314.jpg 768w, https:\/\/www.greenpeace.org\/static\/planet4-slovenia-stateless\/2022\/05\/ebf1543c-screenshot-2022-05-25-065019-1536x628.jpg 1536w, https:\/\/www.greenpeace.org\/static\/planet4-slovenia-stateless\/2022\/05\/ebf1543c-screenshot-2022-05-25-065019-510x209.jpg 510w, https:\/\/www.greenpeace.org\/static\/planet4-slovenia-stateless\/2022\/05\/ebf1543c-screenshot-2022-05-25-065019.jpg 1726w\" sizes=\"auto, (max-width: 1024px) 100vw, 1024px\" \/><\/a><figcaption>Katja Hu\u0161, Greenpeace<\/figcaption><\/figure>\n\n<h2 class=\"wp-block-heading\"><strong>(Ne)ukrepanje in kompleksnost podnebne krize<\/strong><\/h2>\n\n<p>\u00bb<em>Z odla\u0161anjem ukrepanja proti podnebnim spremembam, kot nam veleva svetovna podnebna znanost, definitivno re\u0161itve postajajo te\u017eavnej\u0161e in dra\u017eje, zanje imamo vse manj \u010dasa.<\/em>\u00ab<\/p>\n\n<p>Znanstveniki in nevladne organizacije \u017ee dolga leta opozarjamo: podnebna kriza ni nekaj, kar bo \u0161ele pri\u0161lo, ampak se \u017ee dogaja &#8211; tukaj in zdaj. Vplivi in tveganja podnebne krize postajajo vse kompleksnej\u0161i in jih je vse te\u017eje obvladovati, saj se razli\u010dne nevarnosti pojavljajo hkrati in so medsebojno povezane. Posledice se vse bolj jasno odra\u017eajo tudi v na\u0161em vsakdanjem \u017eivljenju.<\/p>\n\n<p>\u00bb<em>To je zagotovo vidik kompleksnosti. Ko &nbsp;je trajal covid, se globalno segrevanje ni kar pospravilo v predal in nehalo obstajati. In ko sku\u0161amo re\u0161evati eno krizo, moramo imeti tudi druge v mislih. Torej ko govorimo o okrevanju gospodarstva, ko govorimo o energetski neodvisnosti Evrope, re\u0161itve ne morejo biti take, ki bi nas zakopale \u0161e globje v fosilno prihodnost. To so ne-re\u0161itve!<\/em>\u00ab<\/p>\n\n<div class=\"wp-block-buttons is-content-justification-center is-layout-flex wp-container-core-buttons-is-layout-16018d1d wp-block-buttons-is-layout-flex\">\n<div class=\"wp-block-button is-style-secondary\"><a class=\"wp-block-button__link\" href=\"https:\/\/www.youtube.com\/watch?v=5iVFPMfoFRU\" target=\"_blank\" rel=\"noreferrer noopener\">Prisluhni podcastu<\/a><\/div>\n<\/div>\n\n<h2 class=\"wp-block-heading\"><strong>Ali sprejemamo krizo kot &#8211; krizo?<\/strong><\/h2>\n\n<p>Pogovor se je dotaknili tudi ugotovitev spomladanske raziskave Eurobarometer, v kateri so vpra\u0161ani podnebno krizo uvrstili \u0161ele na 8. mesto (!) med stvarmi, ki jih najbolj skrbijo. Podobno odsotnost obravnavanja te problematike smo lahko opazovali tudi v \u010dasu predvolilne kampanje zadnjih dr\u017eavnozborskih volitev v Sloveniji. Zdi se torej, da ljudje podnebne krize pogosto ne dojemajo kot krizo, pa \u010deprav postaja ve\u010d kot le o\u010ditno, da bo re\u0161evanje tega problema en najve\u010djih izzivov \u010dlove\u0161tva v 21. stoletju.<\/p>\n\n<p>\u00bb<em>Na\u010drti ki so na papirju nas peljejo v scenarij, ki ga no\u010demo \u017eiveti, noben od nas. Potrebujemo mno\u017ei\u010den pritisk na politi\u010dni razred, da bo ta prekinil obstoje\u010di status quo.<\/em>\u00ab<\/p>\n\n<p><strong>Oglej si in prisluhni podcastu:<\/strong><\/p>\n\n<figure class=\"wp-block-embed is-type-video is-provider-youtube wp-block-embed-youtube wp-embed-aspect-16-9 wp-has-aspect-ratio\"><div class=\"wp-block-embed__wrapper\">\n<lite-youtube style=\"background-image: url('https:\/\/i.ytimg.com\/vi\/5iVFPMfoFRU\/hqdefault.jpg');\" videoid=\"5iVFPMfoFRU\" params=\"rel=0\"><\/lite-youtube>\n<\/div><\/figure>\n\n<hr class=\"wp-block-separator\"\/>\n\n<p>V podcastu sta sodelovala: <strong>Katja Hu\u0161<\/strong>, Greenpeace v Sloveniji in <strong>Miha Mikelj<\/strong>, Mladi za podnebno pravi\u010dnost. <\/p>\n\n<p>Pogovor je povezovala: <strong>Karmen Kogoj Ogris<\/strong>, Eko krog.<\/p>\n\n<hr class=\"wp-block-separator\"\/>\n\n<p><strong>Podcastu lahko prisluhne\u0161 tudi na:<\/strong><\/p>\n\n<ul class=\"wp-block-list\"><li><a href=\"https:\/\/spoti.fi\/3LwTawM\">Spotify<\/a><\/li><li><a href=\"https:\/\/bit.ly\/3Gdpeou\">Google podcasts<\/a><\/li><\/ul>\n\n<p><\/p>\n","protected":false},"excerpt":{"rendered":"<p>Tokrat smo gostovali v podcastu Okoljske zgodbe, ki jih pripravljajo v organizaciji Eko krog, na temo globalne podnebne krize. Prisluhnite zanimivi razpravi o vpra\u0161anjih kot so &#8216;Ali so enostavne re\u0161itve&hellip;<\/p>\n","protected":false},"author":25,"featured_media":49792,"comment_status":"closed","ping_status":"open","sticky":false,"template":"","format":"standard","meta":{"ep_exclude_from_search":false,"p4_og_title":"","p4_og_description":"","p4_og_image":"","p4_og_image_id":"","p4_seo_canonical_url":"","p4_campaign_name":"not set","p4_local_project":"not set","p4_basket_name":"not set","p4_department":"","footnotes":""},"categories":[45],"tags":[23],"p4-page-type":[24],"class_list":["post-49785","post","type-post","status-publish","format-standard","has-post-thumbnail","hentry","category-podnebje","tag-podnebje","p4-page-type-blog"],"_links":{"self":[{"href":"https:\/\/www.greenpeace.org\/slovenia\/wp-json\/wp\/v2\/posts\/49785","targetHints":{"allow":["GET"]}}],"collection":[{"href":"https:\/\/www.greenpeace.org\/slovenia\/wp-json\/wp\/v2\/posts"}],"about":[{"href":"https:\/\/www.greenpeace.org\/slovenia\/wp-json\/wp\/v2\/types\/post"}],"author":[{"embeddable":true,"href":"https:\/\/www.greenpeace.org\/slovenia\/wp-json\/wp\/v2\/users\/25"}],"replies":[{"embeddable":true,"href":"https:\/\/www.greenpeace.org\/slovenia\/wp-json\/wp\/v2\/comments?post=49785"}],"version-history":[{"count":4,"href":"https:\/\/www.greenpeace.org\/slovenia\/wp-json\/wp\/v2\/posts\/49785\/revisions"}],"predecessor-version":[{"id":49791,"href":"https:\/\/www.greenpeace.org\/slovenia\/wp-json\/wp\/v2\/posts\/49785\/revisions\/49791"}],"wp:featuredmedia":[{"embeddable":true,"href":"https:\/\/www.greenpeace.org\/slovenia\/wp-json\/wp\/v2\/media\/49792"}],"wp:attachment":[{"href":"https:\/\/www.greenpeace.org\/slovenia\/wp-json\/wp\/v2\/media?parent=49785"}],"wp:term":[{"taxonomy":"category","embeddable":true,"href":"https:\/\/www.greenpeace.org\/slovenia\/wp-json\/wp\/v2\/categories?post=49785"},{"taxonomy":"post_tag","embeddable":true,"href":"https:\/\/www.greenpeace.org\/slovenia\/wp-json\/wp\/v2\/tags?post=49785"},{"taxonomy":"p4-page-type","embeddable":true,"href":"https:\/\/www.greenpeace.org\/slovenia\/wp-json\/wp\/v2\/p4-page-type?post=49785"}],"curies":[{"name":"wp","href":"https:\/\/api.w.org\/{rel}","templated":true}]}}