{"id":49797,"date":"2022-06-08T06:59:31","date_gmt":"2022-06-08T06:59:31","guid":{"rendered":"https:\/\/www.greenpeace.org\/slovenia\/?p=49797"},"modified":"2023-06-01T16:07:42","modified_gmt":"2023-06-01T16:07:42","slug":"zakaj-je-zascita-oceanov-pravzaprav-zascita-ljudi","status":"publish","type":"post","link":"https:\/\/www.greenpeace.org\/slovenia\/blog\/49797\/zakaj-je-zascita-oceanov-pravzaprav-zascita-ljudi\/","title":{"rendered":"Zakaj je za\u0161\u010dita oceanov pravzaprav za\u0161\u010dita ljudi"},"content":{"rendered":"\n<p>Ko preberete besedno zvezo &#8216;ohranjanje oceanov&#8217;, katere slike se vam porodijo v mislih? <strong>Mogo\u010dni sinji kit?<\/strong> <strong>Ljubki pingvini z na\u0161ega nedavnega potovanja po Antarktiki? Mogo\u010de kak\u0161na riba, ki plava v barvitem koralnem grebenu?<\/strong><\/p>\n\n<p>\u017divali, kot so kiti, morski psi in \u017eelve, so \u017ee desetletja ikone mno\u017ei\u010dnega gibanja za za\u0161\u010dito oceanov. Navsezadnje \u017eivijo v oceanu, ki ga sku\u0161amo za\u0161\u010dititi in se soo\u010dajo z resnimi gro\u017enjami za prihodnost svoje vrste. Hkrati pa so \u0161e zelo sr\u010dkani!<\/p>\n\n<p><strong>Vendar pa obstaja \u0161e ena vrsta, ki se zana\u0161a na zdrave oceane, vendar ni vedno omenjena v pogovorih o ohranjanju oceanov in to s(m)o \u2026 ljudje!<\/strong><\/p>\n\n<h2 class=\"wp-block-heading\">Kako se ljudje zana\u0161ajo na oceane<\/h2>\n\n<p>Ve\u010d kot 3 milijarde ljudi se za pre\u017eivetje zana\u0161a na oceane, od tega jih je velika ve\u010dina na globalnem jugu. Oceani zagotavljajo obalnim skupnostim delovna mesta v samooskrbnem ribolovu, praksi, ki se prena\u0161a skozi generacije, pa tudi v novej\u0161ih panogah, kot je turizem. Oceani nas tudi hranijo. Morski sade\u017ei so klju\u010dni del prehrane milijard ljudi in mnogi so od njih \u017eivljenjsko odvisni.<br>Skupnosti po vsem svetu imajo globoke kulturne in duhovne povezave z oceani, zlasti \u0161tevilna staroselska ljudstva pa so morje \u017ee stoletja postavila v sredi\u0161\u010de \u017eivljenja skupnosti.<\/p>\n\n<figure class=\"wp-block-image size-large\"><img loading=\"lazy\" decoding=\"async\" width=\"1024\" height=\"682\" src=\"https:\/\/www.greenpeace.org\/static\/planet4-slovenia-stateless\/2022\/06\/73dc373e-gp0477g-1024x682.jpg\" title=\"Artisanal Fishermen in Senegal. \u00a9 Cl\u00e9ment  Tardif \/ Greenpeace\" alt=\"Artisanal Fishermen in Senegal. \u00a9 Cl\u00e9ment  Tardif \/ Greenpeace\" class=\"wp-image-49798\" srcset=\"https:\/\/www.greenpeace.org\/static\/planet4-slovenia-stateless\/2022\/06\/73dc373e-gp0477g-1024x682.jpg 1024w, https:\/\/www.greenpeace.org\/static\/planet4-slovenia-stateless\/2022\/06\/73dc373e-gp0477g-300x200.jpg 300w, https:\/\/www.greenpeace.org\/static\/planet4-slovenia-stateless\/2022\/06\/73dc373e-gp0477g-768x511.jpg 768w, https:\/\/www.greenpeace.org\/static\/planet4-slovenia-stateless\/2022\/06\/73dc373e-gp0477g-510x340.jpg 510w, https:\/\/www.greenpeace.org\/static\/planet4-slovenia-stateless\/2022\/06\/73dc373e-gp0477g.jpg 1200w\" sizes=\"auto, (max-width: 1024px) 100vw, 1024px\" \/><figcaption>Samooskrbni ribolov ob ribi\u0161kem pristani\u0161\u010du Kafountine, Casamance. Nedavni preklic ribolovnih dovoljenj s strani novoizvoljene senegalske vlade je bil zelo pomemben prvi korak k ponovni vzpostavitvi samooskrbnega ribi\u0161tva, kakr\u0161en je bil poznan \u017ee dolgo pred uni\u010dujo\u010dim masovnim in industrijskim ribolovom.<div class=\"credit icon-left\"> \u00a9 Cl\u00e9ment  Tardif \/ Greenpeace<\/div><\/figcaption><\/figure>\n\n<h2 class=\"wp-block-heading\">Kako ljudje vplivajo na oceane<\/h2>\n\n<p>Medtem ko nekateri ljudje trdo delajo za za\u0161\u010dito na\u0161ih oceanov, drugi pripadniki iste \u010dlove\u0161ke vrste izkori\u0161\u010dajo svetovne oceane za dobi\u010dek. To pa ogro\u017ea pre\u017eivetje milijonov ljudi po vsem svetu.<\/p>\n\n<p>Uni\u010dujo\u010de industrije, kot je industrijski ribolov, ropajo na\u0161e oceane \u017eivljenja, tudi v mednarodnih vodah &#8211; tam namre\u010d ne velja veliko zakonov, ki bi tovrstne dejavnosti brzdale oz. jih omejile.<\/p>\n\n<p>Ta brezpla\u010den ribolov v mednarodnih vodah ima uni\u010dujo\u010d vpliv na \u0161tevilne obalne skupnosti. Zdru\u017eeni narodi ocenjujejo, da je globalno v ribi\u0161tvu in ribogojstvu zaposlenih okoli 60 milijonov ljudi. Ve\u010dina jih je v dr\u017eavah v razvoju in to so ve\u010dinoma &#8220;mali&#8221; obrtni ribi\u010di in ribogojci. Pogosto ulovljenih rib ni dovolj da bi ti lahko pre\u017eiveli ali nahranili svoje dru\u017eine, zato morajo loviti tudi po ve\u010d dni v tednu.<\/p>\n\n<p>Pogovarjali smo se z Okejem, ribi\u010dem v Nigeriji, ki je rekel: \u00bbNa\u0161i otroci ne morejo ve\u010d pogosto obiskovati \u0161ole. \u017divljenjski stro\u0161ki hitro nara\u0161\u010dajo in to vpliva na na\u0161o celotno dru\u017eino.&#8221;<\/p>\n\n<p>Tukaj si lahko ogledate celotno zgodbo, ki jo pripoveduje Oke:<\/p>\n\n<figure class=\"wp-block-embed is-type-video is-provider-youtube wp-block-embed-youtube wp-embed-aspect-16-9 wp-has-aspect-ratio\"><div class=\"wp-block-embed__wrapper\">\n<lite-youtube style=\"background-image: url('https:\/\/i.ytimg.com\/vi\/vvDOm03v-q4\/hqdefault.jpg');\" videoid=\"vvDOm03v-q4\" params=\"rel=0\"><\/lite-youtube>\n<\/div><\/figure>\n\n<p>To je zgolj en primer \u2013 a to se \u017eal dogaja obalnim skupnostim po vsem svetu.<\/p>\n\n<figure class=\"wp-block-image size-full\"><img loading=\"lazy\" decoding=\"async\" width=\"800\" height=\"533\" src=\"https:\/\/www.greenpeace.org\/static\/planet4-slovenia-stateless\/2022\/06\/926ba7b2-gp04lee_web_size_with_credit_line.jpg\" alt=\"\" class=\"wp-image-49800\" srcset=\"https:\/\/www.greenpeace.org\/static\/planet4-slovenia-stateless\/2022\/06\/926ba7b2-gp04lee_web_size_with_credit_line.jpg 800w, https:\/\/www.greenpeace.org\/static\/planet4-slovenia-stateless\/2022\/06\/926ba7b2-gp04lee_web_size_with_credit_line-300x200.jpg 300w, https:\/\/www.greenpeace.org\/static\/planet4-slovenia-stateless\/2022\/06\/926ba7b2-gp04lee_web_size_with_credit_line-768x512.jpg 768w, https:\/\/www.greenpeace.org\/static\/planet4-slovenia-stateless\/2022\/06\/926ba7b2-gp04lee_web_size_with_credit_line-510x340.jpg 510w\" sizes=\"auto, (max-width: 800px) 100vw, 800px\" \/><figcaption>Samooskrbno ribi\u0161tvo je v domeni celotne dru\u017eine. Slikano na pla\u017ei blizu kraja Antsiranana na Madagaskarju.<\/figcaption><\/figure>\n\n<p>Industrijska ribi\u0161ka podjetja ne \u0161kodujejo le obalnim skupnostim \u2013 trpijo tudi njihovi zaposleni. <a rel=\"noreferrer noopener\" href=\"https:\/\/www.theguardian.com\/global\/2022\/may\/17\/migrant-workers-exploited-and-beaten-on-uk-fishing-boats\" target=\"_blank\">Nedavni \u010dlanek je razkril<\/a>, da so migrantski delavci iz Filipinov, Indonezije, Gane, \u0160rilanke in Indije, ki delajo na ladjah v vodah Zdru\u017eenega kraljestva, poro\u010dali o groznih razmerah z 20 urnimi izmenami ter o nasilju in rasizmu.<\/p>\n\n<h2 class=\"wp-block-heading\">Mi vsi potrebujemo zdrave oceane<\/h2>\n\n<p><strong>Tudi \u010de \u017eivite na stotine kilometrov stran od oceanov, so ti \u0161e vedno klju\u010dnega pomena za va\u0161o prihodnost.<\/strong> Zdravi oceani so klju\u010dni za spopadanje s podnebnimi spremembami. Na\u0161i oceani so absorbirali 20-30 % nedavnih emisij toplogrednih plinov, s \u010dimer smo pridobili ve\u010d \u010dasa, da se izognemo najhuj\u0161i podnebni krizi. Toda \u010de ne za\u0161\u010ditimo habitatov in sistemov, ki ohranjajo \u017eivljenje v oceanu zdravo, ti ne bodo ve\u010d mogli absorbirati na\u0161ih emisij in podnebne spremembe se bodo mo\u010dno pospe\u0161ile.<\/p>\n\n<p><strong>Svetovni dan oceanov zato ni namenjen le ljubkim \u017eivalim. \u010ce ne bomo uspeli za\u0161\u010dititi oceanov, ne bomo uspeli za\u0161\u010dititi sebe.<\/strong><\/p>\n\n<p>Od obalnih skupnosti do delavcev migrantov na ladjah do vseh, ki se zana\u0161ajo na stabilno podnebje, z izkori\u0161\u010danjem svetovnih oceanov na koncu vsi izgubimo. Mo\u010dan sporazum o svetovnih oceanih (ang. World Oceans Treaty) bi pripomogel k temu, da bi v veliko obmo\u010djih odprtega morja prepre\u010dili brezsramno plenjenje uni\u010dujo\u010de industrije. <a href=\"https:\/\/act.greenpeace.si\/zascitimo-oceane\"><strong>Podpi\u0161ite peticijo<\/strong><\/a> in s tem sporo\u010di svetovnim voditeljem, da naj kon\u010dno ukrepajo in za\u0161\u010ditijo na\u0161e oceane &#8211; in s tem nas, ljudi.<\/p>\n\n<div class=\"wp-block-buttons is-layout-flex wp-block-buttons-is-layout-flex\">\n<div class=\"wp-block-button aligncenter has-custom-width wp-block-button__width-75 is-style-secondary\"><a class=\"wp-block-button__link has-grey-200-color has-dark-green-800-background-color has-text-color has-background\" href=\"https:\/\/act.greenpeace.si\/zascitimo-oceane\" target=\"_blank\" rel=\"noreferrer noopener\"><strong>ZA\u0160\u010cITIMO SVETOVNE OCEANE<\/strong><\/a><\/div>\n<\/div>\n\n<p><\/p>\n\n<figure class=\"wp-block-image size-large\"><a href=\"https:\/\/act.greenpeace.si\/zascitimo-oceane\"><img loading=\"lazy\" decoding=\"async\" width=\"1024\" height=\"456\" src=\"https:\/\/www.greenpeace.org\/static\/planet4-slovenia-stateless\/2022\/06\/da8a92e2-1cb0-4136-96a9-1c54e4494a08-1024x456.jpg\" alt=\"\" class=\"wp-image-49803\" srcset=\"https:\/\/www.greenpeace.org\/static\/planet4-slovenia-stateless\/2022\/06\/da8a92e2-1cb0-4136-96a9-1c54e4494a08-1024x456.jpg 1024w, https:\/\/www.greenpeace.org\/static\/planet4-slovenia-stateless\/2022\/06\/da8a92e2-1cb0-4136-96a9-1c54e4494a08-300x134.jpg 300w, https:\/\/www.greenpeace.org\/static\/planet4-slovenia-stateless\/2022\/06\/da8a92e2-1cb0-4136-96a9-1c54e4494a08-768x342.jpg 768w, https:\/\/www.greenpeace.org\/static\/planet4-slovenia-stateless\/2022\/06\/da8a92e2-1cb0-4136-96a9-1c54e4494a08-1536x684.jpg 1536w, https:\/\/www.greenpeace.org\/static\/planet4-slovenia-stateless\/2022\/06\/da8a92e2-1cb0-4136-96a9-1c54e4494a08-2048x912.jpg 2048w, https:\/\/www.greenpeace.org\/static\/planet4-slovenia-stateless\/2022\/06\/da8a92e2-1cb0-4136-96a9-1c54e4494a08-510x227.jpg 510w\" sizes=\"auto, (max-width: 1024px) 100vw, 1024px\" \/><\/a><\/figure>\n","protected":false},"excerpt":{"rendered":"<p>Ko preberete besedno zvezo &#8216;ohranjanje oceanov&#8217;, katere slike se vam porodijo v mislih? Mogo\u010dni sinji kit? Ljubki pingvini z na\u0161ega nedavnega potovanja po Antarktiki? Mogo\u010de kak\u0161na riba, ki plava v&hellip;<\/p>\n","protected":false},"author":25,"featured_media":49798,"comment_status":"closed","ping_status":"open","sticky":false,"template":"","format":"standard","meta":{"ep_exclude_from_search":false,"p4_og_title":"","p4_og_description":"","p4_og_image":"","p4_og_image_id":"","p4_seo_canonical_url":"","p4_campaign_name":"not set","p4_local_project":"not set","p4_basket_name":"not set","p4_department":"","footnotes":""},"categories":[43,1],"tags":[28],"p4-page-type":[24],"class_list":["post-49797","post","type-post","status-publish","format-standard","has-post-thumbnail","hentry","category-narava","category-uncategorized","tag-oceani","p4-page-type-blog"],"_links":{"self":[{"href":"https:\/\/www.greenpeace.org\/slovenia\/wp-json\/wp\/v2\/posts\/49797","targetHints":{"allow":["GET"]}}],"collection":[{"href":"https:\/\/www.greenpeace.org\/slovenia\/wp-json\/wp\/v2\/posts"}],"about":[{"href":"https:\/\/www.greenpeace.org\/slovenia\/wp-json\/wp\/v2\/types\/post"}],"author":[{"embeddable":true,"href":"https:\/\/www.greenpeace.org\/slovenia\/wp-json\/wp\/v2\/users\/25"}],"replies":[{"embeddable":true,"href":"https:\/\/www.greenpeace.org\/slovenia\/wp-json\/wp\/v2\/comments?post=49797"}],"version-history":[{"count":6,"href":"https:\/\/www.greenpeace.org\/slovenia\/wp-json\/wp\/v2\/posts\/49797\/revisions"}],"predecessor-version":[{"id":49846,"href":"https:\/\/www.greenpeace.org\/slovenia\/wp-json\/wp\/v2\/posts\/49797\/revisions\/49846"}],"wp:featuredmedia":[{"embeddable":true,"href":"https:\/\/www.greenpeace.org\/slovenia\/wp-json\/wp\/v2\/media\/49798"}],"wp:attachment":[{"href":"https:\/\/www.greenpeace.org\/slovenia\/wp-json\/wp\/v2\/media?parent=49797"}],"wp:term":[{"taxonomy":"category","embeddable":true,"href":"https:\/\/www.greenpeace.org\/slovenia\/wp-json\/wp\/v2\/categories?post=49797"},{"taxonomy":"post_tag","embeddable":true,"href":"https:\/\/www.greenpeace.org\/slovenia\/wp-json\/wp\/v2\/tags?post=49797"},{"taxonomy":"p4-page-type","embeddable":true,"href":"https:\/\/www.greenpeace.org\/slovenia\/wp-json\/wp\/v2\/p4-page-type?post=49797"}],"curies":[{"name":"wp","href":"https:\/\/api.w.org\/{rel}","templated":true}]}}