{"id":49807,"date":"2022-06-16T08:53:34","date_gmt":"2022-06-16T08:53:34","guid":{"rendered":"https:\/\/www.greenpeace.org\/slovenia\/?p=49807"},"modified":"2023-06-01T16:07:41","modified_gmt":"2023-06-01T16:07:41","slug":"ponesi-svoje-okoljsko-udejstvovanje-stopnjo-visje","status":"publish","type":"post","link":"https:\/\/www.greenpeace.org\/slovenia\/blog\/49807\/ponesi-svoje-okoljsko-udejstvovanje-stopnjo-visje\/","title":{"rendered":"Ponesi svoje okoljsko udejstvovanje stopnjo vi\u0161je"},"content":{"rendered":"\n<p>Indijanski pregovor pravi: \u201c<em>Ko bo padlo zadnje drevo in ko bo zastrupljena zadnja reka, ko bo ulovljena zadnja riba, samo takrat bomo ugotovili, da denarja ne moremo jesti<\/em>!\u201d \ud83c\udf0d<\/p>\n\n<p>Ali tudi ti \u010duti\u0161 da gre na\u0161 svet v napa\u010dno smer? Ti ni vseeno ko smo pri\u010de vse hitrej\u0161emu izumiranju rastlinskih in \u017eivalskih vrst, ko se vse hitreje stopnjuje po\u017eiganje in ropanje Amazonskega de\u017eevnega pragozda in ko so svetovni oceani vse bolj onesna\u017eeni s plastiko? Ti ni vseeno ko nas vedno znova osupne razse\u017enost razli\u010dnih okoljskih nesre\u010d? \ud83d\ude1e<\/p>\n\n<p>\u010ce se najde\u0161 vsaj v delu zgornjega odstavka in \u010de ti ni vseeno za na\u0161 svet in prihodnost \u017eivljenja na na\u0161em planetu &#8211; se nam pridru\u017ei! Pomagaj soustvarjati spremembe!<\/p>\n\n<div class=\"wp-block-buttons is-layout-flex wp-block-buttons-is-layout-flex\">\n<div class=\"wp-block-button aligncenter is-style-cta\"><a class=\"wp-block-button__link\" href=\"https:\/\/act.greenpeace.si\/postani-prostovoljec-ka\">POSTANI PROSTOVOLJEC_KA!<\/a><\/div>\n<\/div>\n\n<p>Pridru\u017ei se skupini energije polnih in motiviranih ljudi, ki smo za na\u0161 svet pripravljeni stopiti korak dlje. Osvoji nova znanja, razvij nove ve\u0161\u010dine in spoznaj nove prijatelje! \ud83e\udd32<\/p>\n\n<p class=\"has-text-align-center\"><strong>Skupaj poskrbimo, da bo na\u0161 planet ostal tak\u0161en, kot ga poznamo &#8211; pre\u010dudovit in poln \u017eivljenja! \ud83c\udf0d\ud83d\udc9a<\/strong><\/p>\n\n<div class=\"wp-block-image\"><figure class=\"aligncenter size-large\"><a href=\"https:\/\/act.greenpeace.si\/postani-prostovoljec-ka\"><img loading=\"lazy\" decoding=\"async\" width=\"1024\" height=\"1024\" src=\"https:\/\/www.greenpeace.org\/static\/planet4-slovenia-stateless\/2022\/06\/6c134b52-rainbowwarrior2-1024x1024.png\" alt=\"\" class=\"wp-image-49808\" srcset=\"https:\/\/www.greenpeace.org\/static\/planet4-slovenia-stateless\/2022\/06\/6c134b52-rainbowwarrior2-1024x1024.png 1024w, https:\/\/www.greenpeace.org\/static\/planet4-slovenia-stateless\/2022\/06\/6c134b52-rainbowwarrior2-300x300.png 300w, https:\/\/www.greenpeace.org\/static\/planet4-slovenia-stateless\/2022\/06\/6c134b52-rainbowwarrior2-150x150.png 150w, https:\/\/www.greenpeace.org\/static\/planet4-slovenia-stateless\/2022\/06\/6c134b52-rainbowwarrior2-768x768.png 768w, https:\/\/www.greenpeace.org\/static\/planet4-slovenia-stateless\/2022\/06\/6c134b52-rainbowwarrior2-340x340.png 340w, https:\/\/www.greenpeace.org\/static\/planet4-slovenia-stateless\/2022\/06\/6c134b52-rainbowwarrior2.png 1080w\" sizes=\"auto, (max-width: 1024px) 100vw, 1024px\" \/><\/a><\/figure><\/div>\n","protected":false},"excerpt":{"rendered":"<p>Pridru\u017ei se ekipi Greenpeaceovih prostovoljcev danes!<\/p>\n","protected":false},"author":25,"featured_media":49809,"comment_status":"closed","ping_status":"open","sticky":false,"template":"","format":"standard","meta":{"ep_exclude_from_search":false,"p4_og_title":"","p4_og_description":"","p4_og_image":"","p4_og_image_id":"","p4_seo_canonical_url":"","p4_campaign_name":"not set","p4_local_project":"not set","p4_basket_name":"not set","p4_department":"","footnotes":""},"categories":[44],"tags":[26,27],"p4-page-type":[24],"class_list":["post-49807","post","type-post","status-publish","format-standard","has-post-thumbnail","hentry","category-o-nas","tag-aktivizem","tag-greenpeace","p4-page-type-blog"],"_links":{"self":[{"href":"https:\/\/www.greenpeace.org\/slovenia\/wp-json\/wp\/v2\/posts\/49807","targetHints":{"allow":["GET"]}}],"collection":[{"href":"https:\/\/www.greenpeace.org\/slovenia\/wp-json\/wp\/v2\/posts"}],"about":[{"href":"https:\/\/www.greenpeace.org\/slovenia\/wp-json\/wp\/v2\/types\/post"}],"author":[{"embeddable":true,"href":"https:\/\/www.greenpeace.org\/slovenia\/wp-json\/wp\/v2\/users\/25"}],"replies":[{"embeddable":true,"href":"https:\/\/www.greenpeace.org\/slovenia\/wp-json\/wp\/v2\/comments?post=49807"}],"version-history":[{"count":2,"href":"https:\/\/www.greenpeace.org\/slovenia\/wp-json\/wp\/v2\/posts\/49807\/revisions"}],"predecessor-version":[{"id":49813,"href":"https:\/\/www.greenpeace.org\/slovenia\/wp-json\/wp\/v2\/posts\/49807\/revisions\/49813"}],"wp:featuredmedia":[{"embeddable":true,"href":"https:\/\/www.greenpeace.org\/slovenia\/wp-json\/wp\/v2\/media\/49809"}],"wp:attachment":[{"href":"https:\/\/www.greenpeace.org\/slovenia\/wp-json\/wp\/v2\/media?parent=49807"}],"wp:term":[{"taxonomy":"category","embeddable":true,"href":"https:\/\/www.greenpeace.org\/slovenia\/wp-json\/wp\/v2\/categories?post=49807"},{"taxonomy":"post_tag","embeddable":true,"href":"https:\/\/www.greenpeace.org\/slovenia\/wp-json\/wp\/v2\/tags?post=49807"},{"taxonomy":"p4-page-type","embeddable":true,"href":"https:\/\/www.greenpeace.org\/slovenia\/wp-json\/wp\/v2\/p4-page-type?post=49807"}],"curies":[{"name":"wp","href":"https:\/\/api.w.org\/{rel}","templated":true}]}}