{"id":49815,"date":"2022-06-21T07:30:53","date_gmt":"2022-06-21T07:30:53","guid":{"rendered":"https:\/\/www.greenpeace.org\/slovenia\/?p=49815"},"modified":"2023-06-01T16:07:40","modified_gmt":"2023-06-01T16:07:40","slug":"kljucna-nacela-in-predlogi-ukrepov-glede-energetske-draginje","status":"publish","type":"post","link":"https:\/\/www.greenpeace.org\/slovenia\/sporocilo-za-javnost\/49815\/kljucna-nacela-in-predlogi-ukrepov-glede-energetske-draginje\/","title":{"rendered":"Klju\u010dna na\u010dela in predlogi ukrepov glede energetske draginje"},"content":{"rendered":"\n<p><strong>Soo\u010deni z napovedmi nadaljnje rasti cen energentov in energije smo nevladne organizacije (Focus, dru\u0161tvo za sonaraven razvoj, Zveza potro\u0161nikov Slovenije, Zveza prijateljev mladine Ljubljana Moste-Polje, Greenpeace Slovenija in Plan B za Slovenijo \u2013 mre\u017ea nevladnih organizacij za trajnostni razvoj) na Vlado RS naslovile klju\u010dna na\u010dela in nekaj predlogov in podro\u010dij, ki bi jih bilo potrebno nasloviti ob ve\u010danju energetske draginje. <\/strong><\/p>\n\n<p>Celotno sporo\u010dilo si lahko preberete na <a href=\"https:\/\/focus.si\/wp-content\/uploads\/2022\/06\/Predlogi-ukrepov-glede-energetske-draginje_junij-2022.pdf\" target=\"_blank\" rel=\"noreferrer noopener\">tej spletni povezavi<\/a>.<\/p>\n\n<figure class=\"wp-block-image size-large\"><img loading=\"lazy\" decoding=\"async\" width=\"1024\" height=\"680\" src=\"https:\/\/www.greenpeace.org\/static\/planet4-slovenia-stateless\/2022\/06\/bbb03712-gp02trk-1024x680.jpg\" title=\"Field with Electricity Pylons in Germany. \u00a9 Paul Langrock \/ Greenpeace\" alt=\"Field with Electricity Pylons in Germany. \u00a9 Paul Langrock \/ Greenpeace\" class=\"wp-image-49817\" srcset=\"https:\/\/www.greenpeace.org\/static\/planet4-slovenia-stateless\/2022\/06\/bbb03712-gp02trk-1024x680.jpg 1024w, https:\/\/www.greenpeace.org\/static\/planet4-slovenia-stateless\/2022\/06\/bbb03712-gp02trk-300x199.jpg 300w, https:\/\/www.greenpeace.org\/static\/planet4-slovenia-stateless\/2022\/06\/bbb03712-gp02trk-768x510.jpg 768w, https:\/\/www.greenpeace.org\/static\/planet4-slovenia-stateless\/2022\/06\/bbb03712-gp02trk-510x340.jpg 510w, https:\/\/www.greenpeace.org\/static\/planet4-slovenia-stateless\/2022\/06\/bbb03712-gp02trk.jpg 1200w\" sizes=\"auto, (max-width: 1024px) 100vw, 1024px\" \/><figcaption>Energetska draginja (slika je simboli\u010dna).<div class=\"credit icon-left\"> \u00a9 Paul Langrock \/ Greenpeace<\/div><\/figcaption><\/figure>\n","protected":false},"excerpt":{"rendered":"<p>Soo\u010deni z napovedmi nadaljnje rasti cen energentov in energije smo nevladne organizacije (Focus, dru\u0161tvo za sonaraven razvoj, Zveza potro\u0161nikov Slovenije, Zveza prijateljev mladine Ljubljana Moste-Polje, Greenpeace Slovenija in Plan B&hellip;<\/p>\n","protected":false},"author":25,"featured_media":49817,"comment_status":"closed","ping_status":"open","sticky":false,"template":"","format":"standard","meta":{"ep_exclude_from_search":false,"p4_og_title":"","p4_og_description":"","p4_og_image":"","p4_og_image_id":"","p4_seo_canonical_url":"","p4_campaign_name":"not set","p4_local_project":"not set","p4_basket_name":"not set","p4_department":"","footnotes":""},"categories":[45,1],"tags":[23,29,41],"p4-page-type":[46],"class_list":["post-49815","post","type-post","status-publish","format-standard","has-post-thumbnail","hentry","category-podnebje","category-uncategorized","tag-podnebje","tag-energetskeskupnosti","tag-obnovljivivirienergije","p4-page-type-sporocilo-za-javnost"],"_links":{"self":[{"href":"https:\/\/www.greenpeace.org\/slovenia\/wp-json\/wp\/v2\/posts\/49815","targetHints":{"allow":["GET"]}}],"collection":[{"href":"https:\/\/www.greenpeace.org\/slovenia\/wp-json\/wp\/v2\/posts"}],"about":[{"href":"https:\/\/www.greenpeace.org\/slovenia\/wp-json\/wp\/v2\/types\/post"}],"author":[{"embeddable":true,"href":"https:\/\/www.greenpeace.org\/slovenia\/wp-json\/wp\/v2\/users\/25"}],"replies":[{"embeddable":true,"href":"https:\/\/www.greenpeace.org\/slovenia\/wp-json\/wp\/v2\/comments?post=49815"}],"version-history":[{"count":2,"href":"https:\/\/www.greenpeace.org\/slovenia\/wp-json\/wp\/v2\/posts\/49815\/revisions"}],"predecessor-version":[{"id":49818,"href":"https:\/\/www.greenpeace.org\/slovenia\/wp-json\/wp\/v2\/posts\/49815\/revisions\/49818"}],"wp:featuredmedia":[{"embeddable":true,"href":"https:\/\/www.greenpeace.org\/slovenia\/wp-json\/wp\/v2\/media\/49817"}],"wp:attachment":[{"href":"https:\/\/www.greenpeace.org\/slovenia\/wp-json\/wp\/v2\/media?parent=49815"}],"wp:term":[{"taxonomy":"category","embeddable":true,"href":"https:\/\/www.greenpeace.org\/slovenia\/wp-json\/wp\/v2\/categories?post=49815"},{"taxonomy":"post_tag","embeddable":true,"href":"https:\/\/www.greenpeace.org\/slovenia\/wp-json\/wp\/v2\/tags?post=49815"},{"taxonomy":"p4-page-type","embeddable":true,"href":"https:\/\/www.greenpeace.org\/slovenia\/wp-json\/wp\/v2\/p4-page-type?post=49815"}],"curies":[{"name":"wp","href":"https:\/\/api.w.org\/{rel}","templated":true}]}}