{"id":49878,"date":"2022-08-02T09:51:58","date_gmt":"2022-08-02T09:51:58","guid":{"rendered":"https:\/\/www.greenpeace.org\/slovenia\/?p=49878"},"modified":"2023-06-01T16:07:33","modified_gmt":"2023-06-01T16:07:33","slug":"pisali-smo-ministru-za-okolje-podprite-predlagan-sporazum-o-svetovnih-oceanih","status":"publish","type":"post","link":"https:\/\/www.greenpeace.org\/slovenia\/blog\/49878\/pisali-smo-ministru-za-okolje-podprite-predlagan-sporazum-o-svetovnih-oceanih\/","title":{"rendered":"Pisali smo ministru za okolje: &#8220;Podprite predlagan Sporazum o svetovnih oceanih!&#8221;"},"content":{"rendered":"\n<p>Novemu ministru za okolje in prostor, g. Uro\u0161u Bre\u017eanu, smo poslali dopis, v katerem smo ga pozvali, naj <strong>podpre u\u010dinkovit in pravno zavezujo\u010d Sporazum o svetovnih oceanih <\/strong>(<strong>Global Oceans Treaty<\/strong>). O tem sporazumu, ki ga prepoznavamo kot najve\u010djo prilo\u017enost in upanje za svetovne oceane v zadnjih desetletjih (1), se bodo predstavniki dr\u017eav pogajali na vrhu Zdru\u017eenih narodov (ZN), ki se bo v New Yorku za\u010del 15. avgusta 2022.&nbsp;<\/p>\n\n<p>V pozivu smo uvodoma izpostavili nujnost sprejetja tega sporazuma za na\u0161e oceane in na\u0161a \u017eivljenja ter za prehransko varnost za ve\u010d milijard ljudi s celega sveta (2), trenutno stanje pogajanj in glede (ne)podpore razli\u010dnih dr\u017eav Zdru\u017eenih narodov (3) ter jasen poziv, da se minister udele\u017ei vrha ZN v New Yorku avgusta letos in da predlagan Sporazum tudi podpre.<\/p>\n\n<p>Poziv smo podkrepili tudi z dejstvom, da se je peticiji za sprejetje Sporazuma o globalnih oceanih pridru\u017eilo \u017ee skoraj <strong>5 milijonov ljudi iz celega sveta<\/strong> (4), lahko pa omenimo tudi \u0161e, da se je v Sloveniji peticiji za za\u0161\u010dito oceanov <a href=\"https:\/\/www.greenpeace.org\/slovenia\/ukrepaj\/zascitimo-oceane\/\"><strong>pridru\u017eilo \u017ee skoraj 10.000 ljudi<\/strong><\/a>! Jasno je torej, da ljudem ni vseeno za oceane in da nam ni vseeno za prihodnost na\u0161ega modrega planeta &#8211;<strong> na potezi so odlo\u010devalci in ti nas ne smejo pustiti na cedilu!<\/strong><\/p>\n\n<p>Celoten dopis ministru si lahko preberete <strong><a rel=\"noreferrer noopener\" href=\"https:\/\/www.greenpeace.org\/static\/planet4-slovenia-stateless\/2022\/08\/7e6a3497-poziv-1.pdf\" target=\"_blank\">tukaj<\/a><\/strong>.<\/p>\n\n<figure class=\"wp-block-image size-large\"><img loading=\"lazy\" decoding=\"async\" width=\"1024\" height=\"614\" src=\"https:\/\/www.greenpeace.org\/static\/planet4-slovenia-stateless\/2022\/08\/93a6b192-gp0stsdze_high_res-1024x614.jpg\" alt=\"\" class=\"wp-image-49882\" srcset=\"https:\/\/www.greenpeace.org\/static\/planet4-slovenia-stateless\/2022\/08\/93a6b192-gp0stsdze_high_res-1024x614.jpg 1024w, https:\/\/www.greenpeace.org\/static\/planet4-slovenia-stateless\/2022\/08\/93a6b192-gp0stsdze_high_res-300x180.jpg 300w, https:\/\/www.greenpeace.org\/static\/planet4-slovenia-stateless\/2022\/08\/93a6b192-gp0stsdze_high_res-768x461.jpg 768w, https:\/\/www.greenpeace.org\/static\/planet4-slovenia-stateless\/2022\/08\/93a6b192-gp0stsdze_high_res-1536x921.jpg 1536w, https:\/\/www.greenpeace.org\/static\/planet4-slovenia-stateless\/2022\/08\/93a6b192-gp0stsdze_high_res-2048x1228.jpg 2048w, https:\/\/www.greenpeace.org\/static\/planet4-slovenia-stateless\/2022\/08\/93a6b192-gp0stsdze_high_res-510x306.jpg 510w\" sizes=\"auto, (max-width: 1024px) 100vw, 1024px\" \/><figcaption>\ud83d\udcf8 Paul Hilton \/ Greenpeace<\/figcaption><\/figure>\n\n<hr class=\"wp-block-separator has-alpha-channel-opacity\"\/>\n\n<p>(1) <a href=\"https:\/\/www.greenpeace.org\/slovenia\/blog\/1737\/zakaj-potrebujemo-sporazum-o-morskih-rezervatih-in-kako-ga-bomo-dobili\/\" target=\"_blank\" rel=\"noreferrer noopener\">Zakaj potrebujemo sporazum o morskih rezervatih (in kako ga bomo dobili)<\/a><\/p>\n\n<p>(2) <a href=\"https:\/\/www.greenpeace.org\/slovenia\/blog\/49797\/zakaj-je-zascita-oceanov-pravzaprav-zascita-ljudi\/\" target=\"_blank\" rel=\"noreferrer noopener\">Zakaj je za\u0161\u010dita oceanov pravzaprav za\u0161\u010dita ljudi<\/a><\/p>\n\n<p>(3) <a href=\"https:\/\/www.greenpeace.org\/international\/campaign\/is-your-government-supporting-ocean-protection\/\" target=\"_blank\" rel=\"noreferrer noopener\">Is your government supporting ocean protection?<\/a><\/p>\n\n<p>(4) <a rel=\"noreferrer noopener\" href=\"https:\/\/www.greenpeace.org\/international\/act\/protect-the-oceans\/\" target=\"_blank\">Protect the Oceans, Greenpeace International<\/a><\/p>\n","protected":false},"excerpt":{"rendered":"<p>Novemu ministru za okolje in prostor, g. Uro\u0161u Bre\u017eanu, smo poslali dopis, v katerem smo ga pozvali, naj podpre u\u010dinkovit in pravno zavezujo\u010d Sporazum o svetovnih oceanih (Global Oceans Treaty).&hellip;<\/p>\n","protected":false},"author":25,"featured_media":49882,"comment_status":"closed","ping_status":"open","sticky":false,"template":"","format":"standard","meta":{"ep_exclude_from_search":false,"p4_og_title":"","p4_og_description":"","p4_og_image":"","p4_og_image_id":"","p4_seo_canonical_url":"","p4_campaign_name":"not set","p4_local_project":"not set","p4_basket_name":"not set","p4_department":"","footnotes":""},"categories":[43,1],"tags":[28],"p4-page-type":[24],"class_list":["post-49878","post","type-post","status-publish","format-standard","has-post-thumbnail","hentry","category-narava","category-uncategorized","tag-oceani","p4-page-type-blog"],"_links":{"self":[{"href":"https:\/\/www.greenpeace.org\/slovenia\/wp-json\/wp\/v2\/posts\/49878","targetHints":{"allow":["GET"]}}],"collection":[{"href":"https:\/\/www.greenpeace.org\/slovenia\/wp-json\/wp\/v2\/posts"}],"about":[{"href":"https:\/\/www.greenpeace.org\/slovenia\/wp-json\/wp\/v2\/types\/post"}],"author":[{"embeddable":true,"href":"https:\/\/www.greenpeace.org\/slovenia\/wp-json\/wp\/v2\/users\/25"}],"replies":[{"embeddable":true,"href":"https:\/\/www.greenpeace.org\/slovenia\/wp-json\/wp\/v2\/comments?post=49878"}],"version-history":[{"count":4,"href":"https:\/\/www.greenpeace.org\/slovenia\/wp-json\/wp\/v2\/posts\/49878\/revisions"}],"predecessor-version":[{"id":49885,"href":"https:\/\/www.greenpeace.org\/slovenia\/wp-json\/wp\/v2\/posts\/49878\/revisions\/49885"}],"wp:featuredmedia":[{"embeddable":true,"href":"https:\/\/www.greenpeace.org\/slovenia\/wp-json\/wp\/v2\/media\/49882"}],"wp:attachment":[{"href":"https:\/\/www.greenpeace.org\/slovenia\/wp-json\/wp\/v2\/media?parent=49878"}],"wp:term":[{"taxonomy":"category","embeddable":true,"href":"https:\/\/www.greenpeace.org\/slovenia\/wp-json\/wp\/v2\/categories?post=49878"},{"taxonomy":"post_tag","embeddable":true,"href":"https:\/\/www.greenpeace.org\/slovenia\/wp-json\/wp\/v2\/tags?post=49878"},{"taxonomy":"p4-page-type","embeddable":true,"href":"https:\/\/www.greenpeace.org\/slovenia\/wp-json\/wp\/v2\/p4-page-type?post=49878"}],"curies":[{"name":"wp","href":"https:\/\/api.w.org\/{rel}","templated":true}]}}