{"id":49905,"date":"2022-09-02T20:36:08","date_gmt":"2022-09-02T20:36:08","guid":{"rendered":"https:\/\/www.greenpeace.org\/slovenia\/?p=49905"},"modified":"2023-06-01T16:07:29","modified_gmt":"2023-06-01T16:07:29","slug":"oceani-so-se-vedno-v-tezavah-sporazum-ni-bil-dosezen-kaj-zdaj","status":"publish","type":"post","link":"https:\/\/www.greenpeace.org\/slovenia\/blog\/49905\/oceani-so-se-vedno-v-tezavah-sporazum-ni-bil-dosezen-kaj-zdaj\/","title":{"rendered":"Oceani so \u0161e vedno v te\u017eavah. Sporazum ni bil dose\u017een. Kaj zdaj?"},"content":{"rendered":"\n<p>To ni sporo\u010dilo, ki sem vam ga \u017eelela predati, toda <strong>pogajanja Zdru\u017eenih narodov (ZN) o sporazumu, ki bi do leta 2030 za\u0161\u010ditil 30 % svetovnih oceanov<\/strong><strong><em>,<\/em><\/strong><strong> so se prej\u0161nji teden neuspe\u0161no kon\u010dala.\u00a0<\/strong><\/p>\n\n<p><strong>Zlomljeni smo, \u017ealostni in jezni! <\/strong>Voditelji ZN so dobi\u010dke postavili pred za\u0161\u010dito oceanov. To, kar bi morala biti prilo\u017enost za praznovanje, je v resnici pustilo najve\u010dji ekosistem na svetu, \u0161e naprej na razpolago za uni\u010devanje.<\/p>\n\n<p><strong>Toda ne smemo obupati, pritisk se mora nadaljevati!&nbsp;<\/strong><\/p>\n\n<p><a href=\"https:\/\/cee.donate.greenpeace.org\/sl\/campaigns\"><strong>Ali nam boste pomagali nadaljevati na\u0161e delo?<\/strong><\/a><\/p>\n\n<p>Znanstveniki nam pravijo, da moramo vsaj 30 % svetovnih oceanov do leta 2030 zavarovati pred izkori\u0161\u010danjem, \u010de \u017eelimo, da si opomorejo. Z vsako zamudo, z vsakim novim krogom neuspe\u0161nih pogajanj, bo ta cilj te\u017eje dose\u010di. Vsaka neuspe\u0161na pogajanja pomenijo nadaljnje izkori\u0161\u010danje in ve\u010d uni\u010denja oceanov.<\/p>\n\n<p><strong>Zato je bolj kot kdajkoli prej pomembno, da se \u0161e naprej borimo za za\u0161\u010dito na\u0161ih oceanov!<\/strong><\/p>\n\n<p>Morda \u0161e nimamo t.i. <em>sporazuma o svetovnih oceanih<\/em>, a na tej poti so bile zmage. Zahvaljujo\u010d na\u0161emu znanstvenemu delu so obmo\u010dja ob Antarktiki zdaj za\u0161\u010ditena. V marcu leto\u0161njega leta smo namre\u010d izvedli domnevno najju\u017enej\u0161i znanstveni potop s podmornico v zgodovini in odkrili dragocene oblike morskega \u017eivljenja. Odkritja smo uporabil kot dokaz za poziv k posebni za\u0161\u010diti tega obmo\u010dja pri Komisiji za ohranjanje \u017eivih morskih virov na Antarktiki (CCAMLR).&nbsp;<\/p>\n\n<p>\u0160e naprej se bomo borili za tak\u0161ne \u201cvmesne\u201d zmage in si prizadevali za sprejetje sporazuma o svetovnih oceanih. <strong>Neuspe\u0161na pogajanja so prepreka na poti, toda mi jo bomo pre\u010dkali. Ne bomo se ustavili.<\/strong><\/p>\n\n<p>V preteklih letih te kampanje smo skupaj zgradili globalno gibanje, zbrali ve\u010d kot 5 milijonov podpisov podpore in pokazali, kaj zmore mo\u010d ljudi! Z va\u0161o podporo smo se soo\u010dili z uni\u010devanjem oceanov po vsem svetu. Za kar smo vam neizmerno hvale\u017eni.<br><br>Prosimo vas, da nam \u0161e naprej stojite ob strani.<\/p>\n\n<p>Nadaljnji boj za oceane lahko podprete <a href=\"https:\/\/cee.donate.greenpeace.org\/sl\/campaigns\">tukaj<\/a>.<\/p>\n\n<p>Hvala.<\/p>\n\n<p>Ines, Greenpeace<\/p>\n\n<p>P.s. &#8211; za vse, ki vas zanimajo podrobnosti dogajanja na zasedanju in pomen na\u0161ega dela, si lahko (v angle\u0161\u010dini) <a href=\"https:\/\/docs.google.com\/document\/d\/18nZBx0jOnof9eWoUaKJwLas-O0046wvl_2B2H0uQ89s\/edit?usp=sharing\">preberete sporo\u010dilo<\/a> Greenpeaceove ekipe prisotne na sre\u010danju v New Yorku.<\/p>\n","protected":false},"excerpt":{"rendered":"<p>Pogajanja Zdru\u017eenih narodov (ZN) o sporazumu, ki bi do leta 2030 za\u0161\u010ditil 30 % svetovnih oceanov, so se prej\u0161nji teden neuspe\u0161no kon\u010dala. Zlomljeni smo, \u017ealostni in jezni.<\/p>\n","protected":false},"author":23,"featured_media":49906,"comment_status":"closed","ping_status":"open","sticky":false,"template":"","format":"standard","meta":{"ep_exclude_from_search":false,"p4_og_title":"","p4_og_description":"","p4_og_image":"","p4_og_image_id":"","p4_seo_canonical_url":"","p4_campaign_name":"not set","p4_local_project":"not set","p4_basket_name":"not set","p4_department":"","footnotes":""},"categories":[43],"tags":[28],"p4-page-type":[24],"class_list":["post-49905","post","type-post","status-publish","format-standard","has-post-thumbnail","hentry","category-narava","tag-oceani","p4-page-type-blog"],"_links":{"self":[{"href":"https:\/\/www.greenpeace.org\/slovenia\/wp-json\/wp\/v2\/posts\/49905","targetHints":{"allow":["GET"]}}],"collection":[{"href":"https:\/\/www.greenpeace.org\/slovenia\/wp-json\/wp\/v2\/posts"}],"about":[{"href":"https:\/\/www.greenpeace.org\/slovenia\/wp-json\/wp\/v2\/types\/post"}],"author":[{"embeddable":true,"href":"https:\/\/www.greenpeace.org\/slovenia\/wp-json\/wp\/v2\/users\/23"}],"replies":[{"embeddable":true,"href":"https:\/\/www.greenpeace.org\/slovenia\/wp-json\/wp\/v2\/comments?post=49905"}],"version-history":[{"count":1,"href":"https:\/\/www.greenpeace.org\/slovenia\/wp-json\/wp\/v2\/posts\/49905\/revisions"}],"predecessor-version":[{"id":49907,"href":"https:\/\/www.greenpeace.org\/slovenia\/wp-json\/wp\/v2\/posts\/49905\/revisions\/49907"}],"wp:featuredmedia":[{"embeddable":true,"href":"https:\/\/www.greenpeace.org\/slovenia\/wp-json\/wp\/v2\/media\/49906"}],"wp:attachment":[{"href":"https:\/\/www.greenpeace.org\/slovenia\/wp-json\/wp\/v2\/media?parent=49905"}],"wp:term":[{"taxonomy":"category","embeddable":true,"href":"https:\/\/www.greenpeace.org\/slovenia\/wp-json\/wp\/v2\/categories?post=49905"},{"taxonomy":"post_tag","embeddable":true,"href":"https:\/\/www.greenpeace.org\/slovenia\/wp-json\/wp\/v2\/tags?post=49905"},{"taxonomy":"p4-page-type","embeddable":true,"href":"https:\/\/www.greenpeace.org\/slovenia\/wp-json\/wp\/v2\/p4-page-type?post=49905"}],"curies":[{"name":"wp","href":"https:\/\/api.w.org\/{rel}","templated":true}]}}