{"id":49948,"date":"2022-11-22T08:27:26","date_gmt":"2022-11-22T08:27:26","guid":{"rendered":"https:\/\/www.greenpeace.org\/slovenia\/?p=49948"},"modified":"2023-06-01T16:07:22","modified_gmt":"2023-06-01T16:07:22","slug":"korak-k-podnebni-pravicnosti-cop27","status":"publish","type":"post","link":"https:\/\/www.greenpeace.org\/slovenia\/blog\/49948\/korak-k-podnebni-pravicnosti-cop27\/","title":{"rendered":"Korak k podnebni pravi\u010dnosti #COP27"},"content":{"rendered":"\n<p>Po proti-podnebnih dveh tednih se je uradno zaklju\u010dila 27. konferenca ZN o podnebnih spremembah.<\/p>\n\n<h2 class=\"wp-block-heading\">Je bila uspe\u0161na?<\/h2>\n\n<p>Po milem drugem tednu, v katerem so se mnogo\u0161tevilni predstavniki industrije fosilnih goriv borili za interese onesna\u017eevalcev, so se pogajanja v soboto pozno zve\u010der kon\u010dala s podalj\u0161kom &#8211; hitenje do cilja v jutru na nedeljo, ko so se podnebni pogovori tudi uradno zaklju\u010dili, je povzro\u010dilo zgodnjo ustanovitev <strong>sklada za izgubo in \u0161kodo<\/strong> (ang. <a href=\"https:\/\/youtu.be\/cg3l7uDddYc\" target=\"_blank\" rel=\"noreferrer noopener\">Loss &amp; Damage facility fund<\/a>). Ta sklad je bil nujno potreben za za\u010detek obravnavanja podnebnih vplivov, ki \u017ee danes mo\u010dno vplivajo na skupnosti in dr\u017eave po vsem svetu, in predstavlja vrhunec v sicer razo\u010darajo\u010dem podnebnem vrhu COP27.<\/p>\n\n<figure class=\"wp-block-image size-large\"><img loading=\"lazy\" decoding=\"async\" width=\"1024\" height=\"731\" src=\"https:\/\/www.greenpeace.org\/static\/planet4-slovenia-stateless\/2022\/11\/184a770f-gp1t3x79-1024x731.jpg\" title=\"Press Conference with Climate Action Network.\" alt=\"Press Conference with Climate Action Network.\" class=\"wp-image-49949\" srcset=\"https:\/\/www.greenpeace.org\/static\/planet4-slovenia-stateless\/2022\/11\/184a770f-gp1t3x79-1024x731.jpg 1024w, https:\/\/www.greenpeace.org\/static\/planet4-slovenia-stateless\/2022\/11\/184a770f-gp1t3x79-300x214.jpg 300w, https:\/\/www.greenpeace.org\/static\/planet4-slovenia-stateless\/2022\/11\/184a770f-gp1t3x79-768x548.jpg 768w, https:\/\/www.greenpeace.org\/static\/planet4-slovenia-stateless\/2022\/11\/184a770f-gp1t3x79-476x340.jpg 476w, https:\/\/www.greenpeace.org\/static\/planet4-slovenia-stateless\/2022\/11\/184a770f-gp1t3x79.jpg 1200w\" sizes=\"auto, (max-width: 1024px) 100vw, 1024px\" \/><figcaption>Kentebe Ebiaridor, aktivist za okoljske pravice in aktivist za za\u0161\u010dito delte reke Niger, Mbong Akiy, vodja komunikacije za Greenpeace Afrika, Patience Nabukalu, aktivist Stop EACOP in gibanje Petki za prihodnost iz Ugande, Dean Bhekumuzi Bhebhe, vodja kampanje Powershift Afrika. Podnebni aktivisti iz vse podsaharske Afrike so se zbrali kot odgovor na vse bolj o\u010ditno naklonjenost fosilnim gorivom s strani afri\u0161kih voditeljev na COP27 \u00a9 Marie Jacquemin \/ Greenpeace.<\/figcaption><\/figure>\n\n<p>\u010ceprav lahko ta sklad ozna\u010dimo kot zmago za podnebno pravi\u010dnost, pa pogre\u0161amo predvsem uresni\u010ditev sporazuma o <strong>nujno potrebni postopni opustitvi fosilnih goriv<\/strong>, kar pa dejansko pomeni \u0161e vsaj eno leto izmikanja odgovornosti za velike onesna\u017eevalce. Odmeval je glas rekordnega \u0161tevila dr\u017eav, ki so to odgovornost zahtevale naj se vklju\u010di v kon\u010dni sporazum, ta glas pa prepoznavamo kot dodatni pritisk na podnebni vrh COP28, ki se bo zgodil prihodnje leto. <strong>To mora biti podnebni vrh, ko bomo lahko napovedali konec obdobja fosilnih goriv.<\/strong><\/p>\n\n<h2 class=\"wp-block-heading\">Kaj se je odlo\u010dilo?<\/h2>\n\n<p>Podnebni vrh COP27 je bil ozna\u010den kot &#8220;izvedbeni COP&#8221; in &#8220;Afri\u0161ki COP&#8221;, vendar je bilo na mizi le malo dejanskih izvedbenih ukrepov, \u0161e manj pa se je odlo\u010dalo o podpori afri\u0161kim dr\u017eavam na fronti podnebne krize. Dolgo zapozneli sklad za izgube in \u0161kodo je bil resda uspe\u0161en, vendar se je politika mo\u010dno trudila oddaliti od doseganja pomembnega napredka pri uresni\u010devanju ciljev dviga globalne temperature za najve\u010d 1,5 stopinje C, kar je bilo dogovorjeno \u017ee na podnebnem vrhu v Parizu.<\/p>\n\n<figure class=\"wp-block-image size-large\"><img loading=\"lazy\" decoding=\"async\" width=\"1024\" height=\"731\" src=\"https:\/\/www.greenpeace.org\/static\/planet4-slovenia-stateless\/2022\/11\/b46fa5d1-gp1t4rxq-1024x731.jpg\" title=\"Climate Strike at COP27.\" alt=\"Climate Strike at COP27.\" class=\"wp-image-49950\" srcset=\"https:\/\/www.greenpeace.org\/static\/planet4-slovenia-stateless\/2022\/11\/b46fa5d1-gp1t4rxq-1024x731.jpg 1024w, https:\/\/www.greenpeace.org\/static\/planet4-slovenia-stateless\/2022\/11\/b46fa5d1-gp1t4rxq-300x214.jpg 300w, https:\/\/www.greenpeace.org\/static\/planet4-slovenia-stateless\/2022\/11\/b46fa5d1-gp1t4rxq-768x548.jpg 768w, https:\/\/www.greenpeace.org\/static\/planet4-slovenia-stateless\/2022\/11\/b46fa5d1-gp1t4rxq-476x340.jpg 476w, https:\/\/www.greenpeace.org\/static\/planet4-slovenia-stateless\/2022\/11\/b46fa5d1-gp1t4rxq.jpg 1200w\" sizes=\"auto, (max-width: 1024px) 100vw, 1024px\" \/><figcaption>Podnebni zagovorniki izkazujejo solidarnost s skupnostmi, ki se soo\u010dajo s podnebnimi vplivi na globalnem jugu. Aktivisti zahtevajo, da podjetja in dr\u017eave onesna\u017eevalci pla\u010dajo pravi\u010den dele\u017e za popravilo podnebne \u0161kode. \u00a9 Marie Jacquemin \/ Greenpeace.<\/figcaption><\/figure>\n\n<p>Vlade so se zavezale, da bodo na COP27 pri\u0161le z okrepljenimi nacionalnimi podnebnimi na\u010drti, ki bodo omejili dvig globalne temperature na najve\u010d 1,5 stopinje Celzija. Kljub nekaterim spodbudnim pobudam v za\u010detku tedna pa te obljube niso bile izpolnjene. Podnebni vrh v \u0160arm el \u0160ejk-u si lahko zapomnimo kot trenutek, ko so voditelji omejitev globalnega segrevanja na najve\u010d 1,5 stopinje Celzija pustili v ozadju.<\/p>\n\n<p>Kljub temu, kaj se je in kaj se ni kon\u010dalo v kon\u010dnem dogovoru na COP27, bodo smiselni podnebni ukrepi le \u0161e bolj nujni kot kdaj koli prej.<\/p>\n\n<figure class=\"wp-block-image size-large\"><img loading=\"lazy\" decoding=\"async\" width=\"1024\" height=\"683\" src=\"https:\/\/www.greenpeace.org\/static\/planet4-slovenia-stateless\/2022\/11\/48cd3cc2-gp1t4uw0-1024x683.jpg\" title=\"COP27 Flood The COP.\" alt=\"COP27 Flood The COP.\" class=\"wp-image-49951\" srcset=\"https:\/\/www.greenpeace.org\/static\/planet4-slovenia-stateless\/2022\/11\/48cd3cc2-gp1t4uw0-1024x683.jpg 1024w, https:\/\/www.greenpeace.org\/static\/planet4-slovenia-stateless\/2022\/11\/48cd3cc2-gp1t4uw0-300x200.jpg 300w, https:\/\/www.greenpeace.org\/static\/planet4-slovenia-stateless\/2022\/11\/48cd3cc2-gp1t4uw0-768x512.jpg 768w, https:\/\/www.greenpeace.org\/static\/planet4-slovenia-stateless\/2022\/11\/48cd3cc2-gp1t4uw0-510x340.jpg 510w, https:\/\/www.greenpeace.org\/static\/planet4-slovenia-stateless\/2022\/11\/48cd3cc2-gp1t4uw0.jpg 1200w\" sizes=\"auto, (max-width: 1024px) 100vw, 1024px\" \/><figcaption>Aktivnost &#8220;poplavimo COP&#8221;. Po letu nepredstavljivih podnebnih katastrof po vsem svetu, vklju\u010dno z nedavnimi uni\u010dujo\u010dimi poplavami v Pakistanu in Nigeriji, smo ljudje za\u010deli zahtevati ukrepanje. \u017denske s prve linije z globalnega juga so poplavo prinesle na COP27, da bi s tem pozvale bogate dr\u017eave, naj najbolj prizadetim skupnostim nadomestijo izgube in \u0161kodo, ki so jih povzro\u010dili ve\u010d kot stoletje izpustov toplogrednih plinov in, posledi\u010dno, podnebna kriza, v kateri smo. \u00a9 Marie Jacquemin \/ Greenpeace.<\/figcaption><\/figure>\n\n<h2 class=\"wp-block-heading\">Kaj sledi v podnebnem boju na svetovni ravni?<\/h2>\n\n<p>Novi podnebni dogovor je dale\u010d od ukrepov, ki bi jih potrebovali sedaj. Klju\u010dnega pomena je nadaljevanje razprave o podrobnostih sklada, ki mora zagotoviti najve\u010djo odgovornost (in prispevke) tistih dr\u017eav in korporacij, ki so najbolj odgovorne za globalno podnebno krizo.<\/p>\n\n<p>Toda <strong>podnebni pravi\u010dnosti bo zado\u0161\u010deno \u0161ele, ko bo na voljo nova in dodatna podpora in finan\u010dna sredstva za podnebno ranljive skupnosti, ki ne bodo razdeljeni samo za izgube in \u0161kodo, ampak tudi za prilagajanje in ubla\u017eitev<\/strong> (ang. <em>climate adaptation and mitigation<\/em>).<\/p>\n\n<figure class=\"wp-block-image size-large\"><img loading=\"lazy\" decoding=\"async\" width=\"1024\" height=\"683\" src=\"https:\/\/www.greenpeace.org\/static\/planet4-slovenia-stateless\/2022\/11\/f86fc533-gp1t5vlp-1024x683.jpg\" title=\"COP 27 People&#039;s Plenary.\" alt=\"COP 27 People's Plenary.\" class=\"wp-image-49952\" srcset=\"https:\/\/www.greenpeace.org\/static\/planet4-slovenia-stateless\/2022\/11\/f86fc533-gp1t5vlp-1024x683.jpg 1024w, https:\/\/www.greenpeace.org\/static\/planet4-slovenia-stateless\/2022\/11\/f86fc533-gp1t5vlp-300x200.jpg 300w, https:\/\/www.greenpeace.org\/static\/planet4-slovenia-stateless\/2022\/11\/f86fc533-gp1t5vlp-768x512.jpg 768w, https:\/\/www.greenpeace.org\/static\/planet4-slovenia-stateless\/2022\/11\/f86fc533-gp1t5vlp-510x340.jpg 510w, https:\/\/www.greenpeace.org\/static\/planet4-slovenia-stateless\/2022\/11\/f86fc533-gp1t5vlp.jpg 1200w\" sizes=\"auto, (max-width: 1024px) 100vw, 1024px\" \/><figcaption>Plenarno zasedanje ljudstva na COP 27 \u00a9 Marie Jacquemin \/ Greenpeace<\/figcaption><\/figure>\n\n<p>COP28 se bo naslednje leto odvil v Zdru\u017eenih arabskih emiratih, kjer se bodo aktivisti in civilna dru\u017eba soo\u010dili s podobnimi izzivi, s katerimi so se borili v Egiptu. <a rel=\"noreferrer noopener\" href=\"https:\/\/www.greenpeace.org\/philippines\/story\/56250\/notes-from-sharm-el-sheikh\/\" target=\"_blank\">Mo\u010d ljudi<\/a>, ki je zagotovila uspeh za vzpostavitev sklada Loss and Damage, si bo \u0161e naprej prizadevala za prenovljene ukrepe za razkritje zaviralcev podnebnega ukrepanja, drznej\u0161e politike za odpravo odvisnosti od fosilnih goriv, \u200b\u200bspodbujanje napredka obnovljivih virov energije in podporo pravi\u010dnega prehoda v brezoglji\u010dno prihodnost.<\/p>\n\n<p>Toda spopadanje s podnebnimi spremembami in spodbujanje podnebne pravi\u010dnosti nista igra z ni\u010delno vsoto. <strong>Ne gre za zmagovalce in pora\u017eence. Ali bomo napredovali na vseh frontah ali pa bomo vsi izgubili. Planet ne bo sklepal kompromisov.<\/strong><\/p>\n\n<figure class=\"wp-block-image size-large\"><img loading=\"lazy\" decoding=\"async\" width=\"1024\" height=\"683\" src=\"https:\/\/www.greenpeace.org\/static\/planet4-slovenia-stateless\/2022\/11\/f8d00e71-gp1t5vtd-1024x683.jpg\" title=\"COP 27 People&#039;s Plenary.\" alt=\"COP 27 People's Plenary.\" class=\"wp-image-49953\" srcset=\"https:\/\/www.greenpeace.org\/static\/planet4-slovenia-stateless\/2022\/11\/f8d00e71-gp1t5vtd-1024x683.jpg 1024w, https:\/\/www.greenpeace.org\/static\/planet4-slovenia-stateless\/2022\/11\/f8d00e71-gp1t5vtd-300x200.jpg 300w, https:\/\/www.greenpeace.org\/static\/planet4-slovenia-stateless\/2022\/11\/f8d00e71-gp1t5vtd-768x512.jpg 768w, https:\/\/www.greenpeace.org\/static\/planet4-slovenia-stateless\/2022\/11\/f8d00e71-gp1t5vtd-510x340.jpg 510w, https:\/\/www.greenpeace.org\/static\/planet4-slovenia-stateless\/2022\/11\/f8d00e71-gp1t5vtd.jpg 1200w\" sizes=\"auto, (max-width: 1024px) 100vw, 1024px\" \/><figcaption>Plenarno zasedanje ljudstva na COP 27 \u00a9 Marie Jacquemin \/ Greenpeace<\/figcaption><\/figure>\n\n<p class=\"has-text-align-right\"><strong>Gaby Flores, Greenpeace <\/strong><\/p>\n\n<p class=\"has-text-align-right\">(ustvarjalka vsebine pri Greenpeace International)<\/p>\n","protected":false},"excerpt":{"rendered":"<p>Povzetek pogajanj in izkupi\u010dka pravkar kon\u010danega podnebnega vrha COP27 v egiptovskem \u0160arm el \u0160ejk-u.<\/p>\n","protected":false},"author":25,"featured_media":49950,"comment_status":"closed","ping_status":"open","sticky":false,"template":"","format":"standard","meta":{"ep_exclude_from_search":false,"p4_og_title":"","p4_og_description":"","p4_og_image":"","p4_og_image_id":"","p4_seo_canonical_url":"","p4_campaign_name":"not set","p4_local_project":"not set","p4_basket_name":"not set","p4_department":"","footnotes":""},"categories":[45],"tags":[26,23],"p4-page-type":[24],"class_list":["post-49948","post","type-post","status-publish","format-standard","has-post-thumbnail","hentry","category-podnebje","tag-aktivizem","tag-podnebje","p4-page-type-blog"],"_links":{"self":[{"href":"https:\/\/www.greenpeace.org\/slovenia\/wp-json\/wp\/v2\/posts\/49948","targetHints":{"allow":["GET"]}}],"collection":[{"href":"https:\/\/www.greenpeace.org\/slovenia\/wp-json\/wp\/v2\/posts"}],"about":[{"href":"https:\/\/www.greenpeace.org\/slovenia\/wp-json\/wp\/v2\/types\/post"}],"author":[{"embeddable":true,"href":"https:\/\/www.greenpeace.org\/slovenia\/wp-json\/wp\/v2\/users\/25"}],"replies":[{"embeddable":true,"href":"https:\/\/www.greenpeace.org\/slovenia\/wp-json\/wp\/v2\/comments?post=49948"}],"version-history":[{"count":6,"href":"https:\/\/www.greenpeace.org\/slovenia\/wp-json\/wp\/v2\/posts\/49948\/revisions"}],"predecessor-version":[{"id":49959,"href":"https:\/\/www.greenpeace.org\/slovenia\/wp-json\/wp\/v2\/posts\/49948\/revisions\/49959"}],"wp:featuredmedia":[{"embeddable":true,"href":"https:\/\/www.greenpeace.org\/slovenia\/wp-json\/wp\/v2\/media\/49950"}],"wp:attachment":[{"href":"https:\/\/www.greenpeace.org\/slovenia\/wp-json\/wp\/v2\/media?parent=49948"}],"wp:term":[{"taxonomy":"category","embeddable":true,"href":"https:\/\/www.greenpeace.org\/slovenia\/wp-json\/wp\/v2\/categories?post=49948"},{"taxonomy":"post_tag","embeddable":true,"href":"https:\/\/www.greenpeace.org\/slovenia\/wp-json\/wp\/v2\/tags?post=49948"},{"taxonomy":"p4-page-type","embeddable":true,"href":"https:\/\/www.greenpeace.org\/slovenia\/wp-json\/wp\/v2\/p4-page-type?post=49948"}],"curies":[{"name":"wp","href":"https:\/\/api.w.org\/{rel}","templated":true}]}}