{"id":49992,"date":"2022-12-28T10:47:25","date_gmt":"2022-12-28T10:47:25","guid":{"rendered":"https:\/\/www.greenpeace.org\/slovenia\/?p=49992"},"modified":"2023-06-01T16:07:18","modified_gmt":"2023-06-01T16:07:18","slug":"po-korakih-skozi-2022-male-zmage-velika-pricakovanja-in-nenehne-spremembe","status":"publish","type":"post","link":"https:\/\/www.greenpeace.org\/slovenia\/blog\/49992\/po-korakih-skozi-2022-male-zmage-velika-pricakovanja-in-nenehne-spremembe\/","title":{"rendered":"Po korakih skozi 2022: Male zmage, velika pri\u010dakovanja in nenehne spremembe\u00a0"},"content":{"rendered":"\n<p>V tem letu smo bili po celem svetu pri\u010da grozljivim posledicam podnebnih sprememb &#8211; poplavam, su\u0161am in drugim vremenskim ekstremom. Do\u017eiveli smo jih tudi na lastni ko\u017ei na na\u0161em ljubem, a letos tako zelo suhem, <a href=\"https:\/\/www.greenpeace.org\/slovenia\/blog\/49873\/nisem-pricakovala-da-se-bo-zgodilo-tako-hitro\/\">Krasu<\/a>.&nbsp;&nbsp;<\/p>\n\n<p>Svet je pretresalo na vseh podro\u010djih in v nadaljevanju lahko preberete, kako se je s tem soo\u010dal na\u0161, va\u0161, slovenski Greenpeace.&nbsp;<\/p>\n\n<figure class=\"wp-block-image size-full\"><img loading=\"lazy\" decoding=\"async\" width=\"800\" height=\"535\" src=\"https:\/\/www.greenpeace.org\/static\/planet4-slovenia-stateless\/2021\/09\/7dc67bf6-gp0sttpfd_web_size_with_credit_line.jpg\" alt=\"\" class=\"wp-image-49179\" srcset=\"https:\/\/www.greenpeace.org\/static\/planet4-slovenia-stateless\/2021\/09\/7dc67bf6-gp0sttpfd_web_size_with_credit_line.jpg 800w, https:\/\/www.greenpeace.org\/static\/planet4-slovenia-stateless\/2021\/09\/7dc67bf6-gp0sttpfd_web_size_with_credit_line-300x201.jpg 300w, https:\/\/www.greenpeace.org\/static\/planet4-slovenia-stateless\/2021\/09\/7dc67bf6-gp0sttpfd_web_size_with_credit_line-768x514.jpg 768w, https:\/\/www.greenpeace.org\/static\/planet4-slovenia-stateless\/2021\/09\/7dc67bf6-gp0sttpfd_web_size_with_credit_line-508x340.jpg 508w\" sizes=\"auto, (max-width: 800px) 100vw, 800px\" \/><figcaption class=\"wp-element-caption\">Protestna akcija Greenpeace v Sloveniji pred Termoelektrarno \u0160o\u0161tanj.<\/figcaption><\/figure>\n\n<p>Leto 2022 je Slovenijo zaznamovalo kot <strong><em>supervolilno leto<\/em><\/strong>. Skupaj s \u0161tevilnimi nevladnimi organizacijami, zdru\u017eenimi v pobudo<strong> <\/strong><a href=\"https:\/\/www.greenpeace.org\/slovenia\/blog\/49510\/glas-ljudstva-v-supervolilnem-letu\/\">Glas ljudstva<\/a>, smo vas tudi v Greenpeace aktivno nagovarjali k udele\u017ebi na volitvah.<\/p>\n\n<p>Skupaj z drugimi nevladnimi organizacijami v Sloveniji smo dosegli, da se bo najbolj problemati\u010den projekt slovenske energetike<strong> <a href=\"https:\/\/www.greenpeace.org\/slovenia\/sporocilo-za-javnost\/49479\/slovenija-naznanila-izhod-iz-premoga-do-leta-2033\/\">TE\u0160 zaprl do leta 2033<\/a><\/strong>. Razkrili smo, kako globoke so niti in <a href=\"https:\/\/www.greenpeace.org\/slovenia\/blog\/49896\/nezaslisan-pohlep-fosilne-industrije\/\">pohlep fosilne industrije<\/a>, v njihovem<a href=\"https:\/\/www.greenpeace.org\/slovenia\/blog\/49910\/razkrivamo-sistematicni-nacrt-zavajanja-fosilne-industrij\/\"> sistemati\u010dnem na\u010drtu zavajanja<\/a>. Zato smo z Evropsko dr\u017eavljansko pobudo <strong>predlagali nov zakon<\/strong>, ki bo prepovedal <a href=\"https:\/\/www.greenpeace.org\/slovenia\/sporocilo-za-javnost\/49575\/oglasevanje-podnebnega-kaosa\/\">ogla\u0161evanje podnebnega kaosa<\/a> in <a href=\"https:\/\/www.greenpeace.org\/slovenia\/blog\/49504\/pozor-greenwashing\/\">sponzoriranje fosilne industrije<\/a>.<\/p>\n\n<p>Vselej pa opozarjamo, da premog <a href=\"https:\/\/www.greenpeace.org\/slovenia\/sporocilo-za-javnost\/49519\/taksonomija-vkljucitev-jedrske-energije-in-plina-je-poskus-ropa\/\">ni edino fosilno gorivo<\/a>, ki je problemati\u010dno in da moramo re\u0161evanje energetske krize videti in izkoristiti kot prilo\u017enost za <a href=\"https:\/\/www.greenpeace.org\/slovenia\/sporocilo-za-javnost\/49828\/resevanje-energetske-draginje-mora-biti-tudi-trenutek-osvobajanja-od-fosilnih-goriv\/\">osvoboditev od njih.&nbsp;<\/a><\/p>\n\n<p>Evropski Greenpeaceov projekt <strong><em>Mobilnost za vse<\/em><\/strong> ponovno opozarja na odvisnost od <a href=\"https:\/\/www.greenpeace.org\/slovenia\/blog\/49727\/dovolj-je-bilo-ruske-nafte\/\">ruske nafte<\/a>. <strong>Opozarjamo na vse plasti avtomobilske industrije<\/strong>, predvsem pa na to, kak\u0161en <a href=\"https:\/\/www.greenpeace.org\/slovenia\/sporocilo-za-javnost\/49943\/nacrtovana-prodaja-najvecjih-avtomobilskih-znamk-bo-nas-planet-potisnila-preko-meje-segrevanja-za-15-c\/\">vpliv ima na na\u0161 planet<\/a>. V okviru projekta smo za\u010deli opozarjati tudi na izbiro trajnostnih alternativ. Zato potrebujemo dobre \u017eeleznice, vlak pa mora predvsem postati cenovno dostopen &#8211; s <a href=\"https:\/\/www.greenpeace.org\/slovenia\/blog\/49926\/cas-je-za-podnebne-vozovnice\/\">podnebno vozovnico<\/a>! Ve\u010d o tem, s kak\u0161nim prevoznim sredstvom naprej, lahko poslu\u0161ate na podcastu <a href=\"https:\/\/www.greenpeace.org\/slovenia\/blog\/49785\/podcast-skocite-ze-na-ta-vlak\/\">Okoljske zgodbe<\/a>.<\/p>\n\n<p>V lu\u010di vojne v Ukrajini smo spomnili, na drugi del na\u0161ega imena <em>(peace), <\/em>in <strong>pozvali k <\/strong><a href=\"https:\/\/www.greenpeace.org\/slovenia\/sporocilo-za-javnost\/49586\/mir-ne-vojna-odziv-na-dogajanje-v-ukrajini\/\"><strong>miru v Ukrajini<\/strong><\/a><strong>.<\/strong> <a href=\"https:\/\/www.greenpeace.org\/slovenia\/blog\/49637\/proti-vojni\/\">Ostro nasprotujemo vsakr\u0161ni vojni<\/a> in kljub temu, da v prazni\u010dnem \u010dasu zlahka odmislimo tegobe, ki niso pred na\u0161im pragom, bo zavzemanje za mir za nas vedno aktualna tema. Morda so prav prazniki tisti ko se spomnimo na tiste, ki si mirnih praznikov ne morejo niti predstavljati.<strong><em> <\/em><\/strong><a href=\"https:\/\/www.greenpeace.org\/slovenia\/blog\/49620\/besedi-green-zeleno-in-peace-mir-se-nikoli-nista-bili-bolj-jasno-povezani\/\"><strong>Zeleno in mir<\/strong><\/a><strong>, sta brezkompromisno povezana pojma, saj brez slednjega o prvem ne upamo niti sanjati.&nbsp;<\/strong><\/p>\n\n<p>Priru\u017eili smo se mednarodni <a href=\"https:\/\/www.greenpeace.org\/slovenia\/blog\/49646\/na-to-smo-cakali-desetletja-nasa-najboljsa-priloznost-da-zascitimo-oceane\/\">Greenpeaecovi kampanji za za\u0161\u010dito oceanov<\/a>, v okviru katere smo predvsem <strong>ozave\u0161\u010dali javnost in odlo\u010devalce o&nbsp; pogajanjih za sprejetje <\/strong><a href=\"https:\/\/www.greenpeace.org\/slovenia\/sporocilo-za-javnost\/49887\/zacela-so-se-pogajanja-glede-sporazuma-o-svetovnih-oceanih\/\"><strong>Sporazuma o svetovnih oceanih<\/strong><\/a><strong>.<\/strong> <a href=\"https:\/\/www.greenpeace.org\/slovenia\/blog\/49878\/pisali-smo-ministru-za-okolje-podprite-predlagan-sporazum-o-svetovnih-oceanih\/\">Pisali smo ministru za okolje<\/a> in objavili ve\u010d <a href=\"https:\/\/www.greenpeace.org\/slovenia\/blog\/49797\/zakaj-je-zascita-oceanov-pravzaprav-zascita-ljudi\/\">poglobljenih prispevkov<\/a>. Sporazum <a href=\"https:\/\/www.greenpeace.org\/slovenia\/blog\/49905\/oceani-so-se-vedno-v-tezavah-sporazum-ni-bil-dosezen-kaj-zdaj\/\">ni bil dose\u017een<\/a>, zato na\u0161e <a href=\"https:\/\/www.greenpeace.org\/slovenia\/blog\/49716\/ne-bomo-odstopili-od-svojih-zahtev\/\">zahteve prena\u0161amo v naslednje leto<\/a>.&nbsp;<\/p>\n\n<p>Tik pred koncem leta smo se pridru\u017eili \u0161e Greenpeaceovi kampanji za<strong> <\/strong><a href=\"https:\/\/www.greenpeace.org\/slovenia\/blog\/49977\/pomagaj-nam-zascititi-karpatske-gozdove\/\"><strong>za\u0161\u010dito Karpatskih gozdov<\/strong><\/a><strong>, kjer smo se na vas obrnili s <\/strong><a href=\"https:\/\/act.greenpeace.si\/zascitimo-karpatske-gozdove?_gl=1*1bwqk8e*_ga*MjA2MzI4MDYuMTY3MDQ5MzY1NQ..*_ga_6MSWVW2WHS*MTY3MjEzOTAyNy44LjEuMTY3MjE0MTczNi4wLjAuMA..\"><strong>peticijo<\/strong><\/a><strong>.&nbsp;<\/strong><\/p>\n\n<p>Po objavi novega IPCC poro\u010dila smo pripravili sintezo <a href=\"https:\/\/www.greenpeace.org\/slovenia\/blog\/49607\/5-stvari-ki-jih-morate-vedeti-o-novem-porocilu-ipcc-ja\/\">5 stvari, ki jih morate vedeti o novem poro\u010dilu IPCC-ja<\/a>. Ob 27. Konferenci Zdru\u017eenih narodov o podnebnih spremembah smo opozarjali na glavne <a href=\"https:\/\/www.greenpeace.org\/slovenia\/sporocilo-za-javnost\/49937\/na-cop27-lahko-poskrbimo-za-varno-in-pravicno-prihodnost\/\">vsebinske poudarke<\/a>, po zaklju\u010dku pa poudarili <a href=\"https:\/\/www.greenpeace.org\/slovenia\/blog\/49948\/korak-k-podnebni-pravicnosti-cop27\/\">neambiciozne izide pogajanj<\/a>.&nbsp;<\/p>\n\n<p>V<strong> <\/strong>za\u010detku decembra smo budno <strong>spremljali pogajanja v okviru konference Zdru\u017eenih narodov o biodiverziteti<\/strong>, COP15, nad rezultati pogajanj ponovno nismo bili <a href=\"https:\/\/www.greenpeace.org\/slovenia\/blog\/49986\/izid-pogajanj-cop15-je-le-obliz-za-zascito-biotske-raznovrstnosti\/\">preve\u010d navdu\u0161eni<\/a>.&nbsp;<\/p>\n\n<figure class=\"wp-block-embed is-type-video is-provider-youtube wp-block-embed-youtube wp-embed-aspect-16-9 wp-has-aspect-ratio\"><div class=\"wp-block-embed__wrapper\">\n<lite-youtube style=\"background-image: url('https:\/\/i.ytimg.com\/vi\/rgHyNe2JyAs\/hqdefault.jpg');\" videoid=\"rgHyNe2JyAs\" params=\"rel=0\"><\/lite-youtube>\n<\/div><\/figure>\n\n<p>Tudi mi smo do\u017eiveli nekaj sprememb, v novo leto se podajamo v novih pisarnah in z novo ekipo. Nekatere stvari pa ostajajo enake: \u0161e naprej ostajamo organizacija, ki budno spremlja vse, kar se dogaja na podro\u010dju podnebne krize in \u0161e naprej bomo bdeli nad dejanji <a href=\"https:\/\/www.greenpeace.org\/slovenia\/blog\/49756\/volili-smo-kako-naprej\/\">vsake vlade<\/a> in neizprosno zahtevali, da se zeleni prehod premakne iz generi\u010dnih floskul oddaljene prihodnosti v konkretna dejanja tukaj in zdaj.&nbsp;<\/p>\n\n<p>Aktivisti\u010dno v 2023!<\/p>\n","protected":false},"excerpt":{"rendered":"<p>V tem letu smo bili po celem svetu pri\u010da grozljivim posledicam podnebnih sprememb &#8211; poplavam, su\u0161am in drugim vremenskim ekstremom. Do\u017eiveli smo jih tudi na lastni ko\u017ei na na\u0161em ljubem,&hellip;<\/p>\n","protected":false},"author":54,"featured_media":49179,"comment_status":"closed","ping_status":"open","sticky":false,"template":"","format":"standard","meta":{"ep_exclude_from_search":false,"p4_og_title":"","p4_og_description":"","p4_og_image":"","p4_og_image_id":"","p4_seo_canonical_url":"","p4_campaign_name":"not set","p4_local_project":"not set","p4_basket_name":"not set","p4_department":"","footnotes":""},"categories":[44],"tags":[26,27],"p4-page-type":[24],"class_list":["post-49992","post","type-post","status-publish","format-standard","has-post-thumbnail","hentry","category-o-nas","tag-aktivizem","tag-greenpeace","p4-page-type-blog"],"_links":{"self":[{"href":"https:\/\/www.greenpeace.org\/slovenia\/wp-json\/wp\/v2\/posts\/49992","targetHints":{"allow":["GET"]}}],"collection":[{"href":"https:\/\/www.greenpeace.org\/slovenia\/wp-json\/wp\/v2\/posts"}],"about":[{"href":"https:\/\/www.greenpeace.org\/slovenia\/wp-json\/wp\/v2\/types\/post"}],"author":[{"embeddable":true,"href":"https:\/\/www.greenpeace.org\/slovenia\/wp-json\/wp\/v2\/users\/54"}],"replies":[{"embeddable":true,"href":"https:\/\/www.greenpeace.org\/slovenia\/wp-json\/wp\/v2\/comments?post=49992"}],"version-history":[{"count":4,"href":"https:\/\/www.greenpeace.org\/slovenia\/wp-json\/wp\/v2\/posts\/49992\/revisions"}],"predecessor-version":[{"id":50025,"href":"https:\/\/www.greenpeace.org\/slovenia\/wp-json\/wp\/v2\/posts\/49992\/revisions\/50025"}],"wp:featuredmedia":[{"embeddable":true,"href":"https:\/\/www.greenpeace.org\/slovenia\/wp-json\/wp\/v2\/media\/49179"}],"wp:attachment":[{"href":"https:\/\/www.greenpeace.org\/slovenia\/wp-json\/wp\/v2\/media?parent=49992"}],"wp:term":[{"taxonomy":"category","embeddable":true,"href":"https:\/\/www.greenpeace.org\/slovenia\/wp-json\/wp\/v2\/categories?post=49992"},{"taxonomy":"post_tag","embeddable":true,"href":"https:\/\/www.greenpeace.org\/slovenia\/wp-json\/wp\/v2\/tags?post=49992"},{"taxonomy":"p4-page-type","embeddable":true,"href":"https:\/\/www.greenpeace.org\/slovenia\/wp-json\/wp\/v2\/p4-page-type?post=49992"}],"curies":[{"name":"wp","href":"https:\/\/api.w.org\/{rel}","templated":true}]}}