{"id":50005,"date":"2023-01-10T08:58:12","date_gmt":"2023-01-10T08:58:12","guid":{"rendered":"https:\/\/www.greenpeace.org\/slovenia\/?p=50005"},"modified":"2023-06-01T16:07:16","modified_gmt":"2023-06-01T16:07:16","slug":"naj-bo-leto-2023-barvito","status":"publish","type":"post","link":"https:\/\/www.greenpeace.org\/slovenia\/blog\/50005\/naj-bo-leto-2023-barvito\/","title":{"rendered":"Naj bo leto 2023 barvito!"},"content":{"rendered":"\n<p>Lepo pozdravljeni,<\/p>\n\n<p>ko se po praznikih po\u010dasi vra\u010dam za pisarni\u0161ko mizo, mi misli kar naprej uhajajo v prazni\u010dne dni teh zadnjih nekaj tednov. Spominjam se trenutkov, ko smo se z dru\u017eino zbrali za jedilno mizo, objeli vse daljne sorodnike in se sre\u010dali s prijatelji, ki jih predolgo nismo videli.<\/p>\n\n<p>Zame se je december v zadnjih letih razvil v prilo\u017enost ne za obdarovanje, pa\u010d pa za <strong>prisotnost.<\/strong> \u010cas, ki ga namenim svojim najbli\u017ejim, je zagotovo moj najljub\u0161i del praznikov. To je \u010das, ko s sinom gradim gradove iz kock, se z ne\u010dakinjo igram skrivalnice in pri tem ne razmi\u0161ljam, kaj vse moram tisti dan \u0161e postoriti.<\/p>\n\n<p>Da bi ta prazni\u010dni duh obdarovanja in pre\u017eivljanja kakovostnega skupnega \u010dasa \u0161e malo podalj\u0161ali, z vami delim nekaj pobarvank, ki jih je Greenpeace ustvaril v zadnjih nekaj letih kampanj o razli\u010dnih okoljskih vpra\u0161anjih po vsem svetu.<\/p>\n\n<p><strong>Prenesi vse pobarvanke: <a href=\"https:\/\/www.greenpeace.org\/static\/planet4-slovenia-stateless\/2023\/01\/ce26d6c7-vsepobarvanke.zip\" target=\"_blank\" rel=\"noreferrer noopener\">zip datoteka (27,8 Mb)<\/a><\/strong><\/p>\n\n<p><strong>Izbere\u0161 lahko tudi le kolekcijo (zdru\u017eeno po viru oz. avtorici\/ju):<\/strong><\/p>\n\n<p><strong>Ma\u0161a Predin<\/strong>, prostovoljka pri Greenpeace v Sloveniji (<a href=\"https:\/\/www.greenpeace.org\/static\/planet4-slovenia-stateless\/2023\/01\/3ef955b6-pobarvanke-masa-predin.zip\" target=\"_blank\" rel=\"noreferrer noopener\">zip datoteka, 1,28 Mb<\/a>)<\/p>\n\n<figure class=\"wp-block-image size-large\"><a href=\"https:\/\/www.greenpeace.org\/static\/planet4-slovenia-stateless\/2023\/01\/3ef955b6-pobarvanke-masa-predin.zip\"><img loading=\"lazy\" decoding=\"async\" width=\"1024\" height=\"407\" src=\"https:\/\/www.greenpeace.org\/static\/planet4-slovenia-stateless\/2023\/01\/4cb043cb-masapredin-1024x407.png\" alt=\"\" class=\"wp-image-50006\" srcset=\"https:\/\/www.greenpeace.org\/static\/planet4-slovenia-stateless\/2023\/01\/4cb043cb-masapredin-1024x407.png 1024w, https:\/\/www.greenpeace.org\/static\/planet4-slovenia-stateless\/2023\/01\/4cb043cb-masapredin-300x119.png 300w, https:\/\/www.greenpeace.org\/static\/planet4-slovenia-stateless\/2023\/01\/4cb043cb-masapredin-768x306.png 768w, https:\/\/www.greenpeace.org\/static\/planet4-slovenia-stateless\/2023\/01\/4cb043cb-masapredin-510x203.png 510w, https:\/\/www.greenpeace.org\/static\/planet4-slovenia-stateless\/2023\/01\/4cb043cb-masapredin.png 1229w\" sizes=\"auto, (max-width: 1024px) 100vw, 1024px\" \/><\/a><\/figure>\n\n<p><strong>Ezra W. Smith<\/strong> <a href=\"https:\/\/www.greenpeace.org\/static\/planet4-slovenia-stateless\/2023\/01\/ecb5c5c0-slikanice-ezra-wsmith.zip\" target=\"_blank\" rel=\"noreferrer noopener\">(zip datoteka, 17,2 Mb)<\/a><\/p>\n\n<figure class=\"wp-block-image size-large\"><a href=\"https:\/\/www.greenpeace.org\/static\/planet4-slovenia-stateless\/2023\/01\/ecb5c5c0-slikanice-ezra-wsmith.zip\"><img loading=\"lazy\" decoding=\"async\" width=\"1024\" height=\"496\" src=\"https:\/\/www.greenpeace.org\/static\/planet4-slovenia-stateless\/2023\/01\/e1112970-slikaniceezra-1024x496.png\" alt=\"\" class=\"wp-image-50007\" srcset=\"https:\/\/www.greenpeace.org\/static\/planet4-slovenia-stateless\/2023\/01\/e1112970-slikaniceezra-1024x496.png 1024w, https:\/\/www.greenpeace.org\/static\/planet4-slovenia-stateless\/2023\/01\/e1112970-slikaniceezra-300x145.png 300w, https:\/\/www.greenpeace.org\/static\/planet4-slovenia-stateless\/2023\/01\/e1112970-slikaniceezra-768x372.png 768w, https:\/\/www.greenpeace.org\/static\/planet4-slovenia-stateless\/2023\/01\/e1112970-slikaniceezra-510x247.png 510w, https:\/\/www.greenpeace.org\/static\/planet4-slovenia-stateless\/2023\/01\/e1112970-slikaniceezra.png 1197w\" sizes=\"auto, (max-width: 1024px) 100vw, 1024px\" \/><\/a><\/figure>\n\n<p><strong>Pobarvanke razli\u010dnih \u017eu\u017eelk, kampanja Posvoji \u010debelo<\/strong>, Greenpeace na Poljskem (<a href=\"https:\/\/www.greenpeace.org\/static\/planet4-slovenia-stateless\/2023\/01\/6f10adeb-pobarvanke-zuzelk.zip\" target=\"_blank\" rel=\"noreferrer noopener\">zip datoteka, 591 Kb<\/a>)<\/p>\n\n<figure class=\"wp-block-image size-large\"><a href=\"https:\/\/www.greenpeace.org\/static\/planet4-slovenia-stateless\/2023\/01\/6f10adeb-pobarvanke-zuzelk.zip\"><img loading=\"lazy\" decoding=\"async\" width=\"1024\" height=\"440\" src=\"https:\/\/www.greenpeace.org\/static\/planet4-slovenia-stateless\/2023\/01\/e2a1d0c9-pobarvankezuzelk-1024x440.png\" alt=\"\" class=\"wp-image-50008\" srcset=\"https:\/\/www.greenpeace.org\/static\/planet4-slovenia-stateless\/2023\/01\/e2a1d0c9-pobarvankezuzelk-1024x440.png 1024w, https:\/\/www.greenpeace.org\/static\/planet4-slovenia-stateless\/2023\/01\/e2a1d0c9-pobarvankezuzelk-300x129.png 300w, https:\/\/www.greenpeace.org\/static\/planet4-slovenia-stateless\/2023\/01\/e2a1d0c9-pobarvankezuzelk-768x330.png 768w, https:\/\/www.greenpeace.org\/static\/planet4-slovenia-stateless\/2023\/01\/e2a1d0c9-pobarvankezuzelk-510x219.png 510w, https:\/\/www.greenpeace.org\/static\/planet4-slovenia-stateless\/2023\/01\/e2a1d0c9-pobarvankezuzelk.png 1242w\" sizes=\"auto, (max-width: 1024px) 100vw, 1024px\" \/><\/a><\/figure>\n\n<p><strong>Vse barve Amazonije<\/strong>, Greenpeace v Brazliji <a href=\"https:\/\/www.greenpeace.org\/static\/planet4-slovenia-stateless\/2023\/01\/67073dfd-vse-barve-amazonije.pdf\" target=\"_blank\" rel=\"noreferrer noopener\">(pdf datoteka, 8,22 Mb)<\/a><\/p>\n\n<figure class=\"wp-block-image size-large\"><a href=\"https:\/\/www.greenpeace.org\/static\/planet4-slovenia-stateless\/2023\/01\/67073dfd-vse-barve-amazonije.pdf\"><img loading=\"lazy\" decoding=\"async\" width=\"1024\" height=\"577\" src=\"https:\/\/www.greenpeace.org\/static\/planet4-slovenia-stateless\/2023\/01\/44e271d0-vsebarveamazonije-1024x577.png\" alt=\"\" class=\"wp-image-50009\" srcset=\"https:\/\/www.greenpeace.org\/static\/planet4-slovenia-stateless\/2023\/01\/44e271d0-vsebarveamazonije-1024x577.png 1024w, https:\/\/www.greenpeace.org\/static\/planet4-slovenia-stateless\/2023\/01\/44e271d0-vsebarveamazonije-300x169.png 300w, https:\/\/www.greenpeace.org\/static\/planet4-slovenia-stateless\/2023\/01\/44e271d0-vsebarveamazonije-768x432.png 768w, https:\/\/www.greenpeace.org\/static\/planet4-slovenia-stateless\/2023\/01\/44e271d0-vsebarveamazonije-510x287.png 510w, https:\/\/www.greenpeace.org\/static\/planet4-slovenia-stateless\/2023\/01\/44e271d0-vsebarveamazonije.png 1483w\" sizes=\"auto, (max-width: 1024px) 100vw, 1024px\" \/><\/a><\/figure>\n\n<p><strong>Ostale <\/strong>(<a href=\"https:\/\/www.greenpeace.org\/static\/planet4-slovenia-stateless\/2023\/01\/b749a8c9-ostale.zip\" target=\"_blank\" rel=\"noreferrer noopener\">zip datoteka, 746 Kb<\/a>)<\/p>\n\n<figure class=\"wp-block-image size-full\"><a href=\"https:\/\/www.greenpeace.org\/static\/planet4-slovenia-stateless\/2023\/01\/b749a8c9-ostale.zip\"><img loading=\"lazy\" decoding=\"async\" width=\"661\" height=\"414\" src=\"https:\/\/www.greenpeace.org\/static\/planet4-slovenia-stateless\/2023\/01\/380f0453-ostale.png\" alt=\"\" class=\"wp-image-50010\" srcset=\"https:\/\/www.greenpeace.org\/static\/planet4-slovenia-stateless\/2023\/01\/380f0453-ostale.png 661w, https:\/\/www.greenpeace.org\/static\/planet4-slovenia-stateless\/2023\/01\/380f0453-ostale-300x188.png 300w, https:\/\/www.greenpeace.org\/static\/planet4-slovenia-stateless\/2023\/01\/380f0453-ostale-510x319.png 510w\" sizes=\"auto, (max-width: 661px) 100vw, 661px\" \/><\/a><\/figure>\n\n<p><a href=\"https:\/\/www.greenpeace.org\/static\/planet4-slovenia-stateless\/2023\/01\/ce26d6c7-vsepobarvanke.zip\" target=\"_blank\" rel=\"noreferrer noopener\"><strong>S klikom na to povezavo<\/strong><\/a> lahko prenese\u0161 vse pobarvanke, jih natisne\u0161 in \u017ee lahko za\u010dne\u0161 ustvarjati s svojimi najmlaj\u0161imi. Veseli bomo, \u010de nam po\u0161lje\u0161 kak\u0161no fotografijo kon\u010dnega izdelka.&nbsp;<\/p>\n\n<p>\u017delim vam barvito 2023!\u00a0 \u2764\ufe0f\ud83e\udde1\ud83d\udc9b\ud83d\udc9a\ud83d\udc99\ud83d\udc9c<\/p>\n\n<p><strong>Sara, Greenpeace v Sloveniji<\/strong><\/p>\n","protected":false},"excerpt":{"rendered":"<p>Prenesi na\u0161e pobarvanke na ra\u010dunalnik, jih natisni in za\u010dni ustvarjati s svojimi najmlaj\u0161imi. Veseli bomo, \u010de nam po\u0161lje\u0161 kak\u0161no fotografijo kon\u010dnega izdelka.\u00a0<\/p>\n","protected":false},"author":25,"featured_media":50023,"comment_status":"closed","ping_status":"open","sticky":false,"template":"","format":"standard","meta":{"ep_exclude_from_search":false,"p4_og_title":"","p4_og_description":"","p4_og_image":"","p4_og_image_id":"","p4_seo_canonical_url":"","p4_campaign_name":"not set","p4_local_project":"not set","p4_basket_name":"not set","p4_department":"","footnotes":""},"categories":[44],"tags":[27],"p4-page-type":[24],"class_list":["post-50005","post","type-post","status-publish","format-standard","has-post-thumbnail","hentry","category-o-nas","tag-greenpeace","p4-page-type-blog"],"_links":{"self":[{"href":"https:\/\/www.greenpeace.org\/slovenia\/wp-json\/wp\/v2\/posts\/50005","targetHints":{"allow":["GET"]}}],"collection":[{"href":"https:\/\/www.greenpeace.org\/slovenia\/wp-json\/wp\/v2\/posts"}],"about":[{"href":"https:\/\/www.greenpeace.org\/slovenia\/wp-json\/wp\/v2\/types\/post"}],"author":[{"embeddable":true,"href":"https:\/\/www.greenpeace.org\/slovenia\/wp-json\/wp\/v2\/users\/25"}],"replies":[{"embeddable":true,"href":"https:\/\/www.greenpeace.org\/slovenia\/wp-json\/wp\/v2\/comments?post=50005"}],"version-history":[{"count":6,"href":"https:\/\/www.greenpeace.org\/slovenia\/wp-json\/wp\/v2\/posts\/50005\/revisions"}],"predecessor-version":[{"id":50024,"href":"https:\/\/www.greenpeace.org\/slovenia\/wp-json\/wp\/v2\/posts\/50005\/revisions\/50024"}],"wp:featuredmedia":[{"embeddable":true,"href":"https:\/\/www.greenpeace.org\/slovenia\/wp-json\/wp\/v2\/media\/50023"}],"wp:attachment":[{"href":"https:\/\/www.greenpeace.org\/slovenia\/wp-json\/wp\/v2\/media?parent=50005"}],"wp:term":[{"taxonomy":"category","embeddable":true,"href":"https:\/\/www.greenpeace.org\/slovenia\/wp-json\/wp\/v2\/categories?post=50005"},{"taxonomy":"post_tag","embeddable":true,"href":"https:\/\/www.greenpeace.org\/slovenia\/wp-json\/wp\/v2\/tags?post=50005"},{"taxonomy":"p4-page-type","embeddable":true,"href":"https:\/\/www.greenpeace.org\/slovenia\/wp-json\/wp\/v2\/p4-page-type?post=50005"}],"curies":[{"name":"wp","href":"https:\/\/api.w.org\/{rel}","templated":true}]}}