{"id":50041,"date":"2023-02-01T08:47:26","date_gmt":"2023-02-01T08:47:26","guid":{"rendered":"https:\/\/www.greenpeace.org\/slovenia\/?p=50041"},"modified":"2023-06-01T16:07:13","modified_gmt":"2023-06-01T16:07:13","slug":"nismo-naprodaj","status":"publish","type":"post","link":"https:\/\/www.greenpeace.org\/slovenia\/blog\/50041\/nismo-naprodaj\/","title":{"rendered":"Nismo naprodaj"},"content":{"rendered":"\n<p>Stvar je tak\u0161na.<\/p>\n\n<p>Pri Greenpeaceu dolgoro\u010dno ne moremo u\u010dinkovito opravljati svojega dela varovanja planeta, \u010de smo odvisni od posameznih donacij, saj je tak\u0161no financiranje preve\u010d nestabilno. Za vnaprej\u0161nje na\u010drtovanje u\u010dinkovitih kampanj za sistemske spremembe potrebujemo trdne in zanesljive temelje v obliki stalne mese\u010dne podpore. Prav tovrstna podpora nam omogo\u010da, da delujemo neodvisno in strate\u0161ko.<\/p>\n\n<p>Februar je za nas zelo pomemben mesec. To je \u010das, ko najbolj intenzivno na\u010drtujemo svoje kampanje. A ob negotovih finan\u010dnih virih je te\u017eko na\u010drtovati.&nbsp;<strong>Zato smo si za ta mesec zadali cilj, da pridobimo 30 novih mese\u010dnih donatorjev. Tega \u0161tevila nismo izbrali naklju\u010dno, temve\u010d je to \u0161tevilo, za katerega verjamemo, da nam bo omogo\u010dilo stabilnost, ki jo potrebujemo za nadaljevanje boja.<\/strong><\/p>\n\n<p>Bi se nam pridru\u017eili tudi vi &#8211; kot na\u0161 mese\u010dni donator in se nam tako pridru\u017eili v tem boju?<\/p>\n\n<div class=\"wp-block-buttons is-layout-flex wp-block-buttons-is-layout-flex\">\n<div class=\"wp-block-button aligncenter is-style-cta\"><a class=\"wp-block-button__link wp-element-button\" href=\"https:\/\/podpiram.greenpeace.si\/donacija\/\" target=\"_blank\" rel=\"noreferrer noopener\">MESE\u010cNA DONACIJA<\/a><\/div>\n<\/div>\n\n<p>Trenutno smo v izjemno pomembnem obdobju za na\u0161 planet. Podnebne spremembe so pred nevarno prelomnico. Populacije prosto\u017eive\u010dih \u017eivali se zaradi kr\u010denja gozdov hitro zmanj\u0161ujejo. Na\u0161i oceani se du\u0161ijo v vse ve\u010djih koli\u010dinah plasti\u010dnih odpadkov. Pri Greenpeaceu se po vsem svetu neposredno spoprijemamo s temi te\u017eavami.<\/p>\n\n<figure class=\"wp-block-image size-large is-style-rounded\"><img loading=\"lazy\" decoding=\"async\" width=\"1024\" height=\"341\" src=\"https:\/\/www.greenpeace.org\/static\/planet4-slovenia-stateless\/2023\/02\/a384dce8-email-3-pasica-1024x341.png\" alt=\"\" class=\"wp-image-50042\" srcset=\"https:\/\/www.greenpeace.org\/static\/planet4-slovenia-stateless\/2023\/02\/a384dce8-email-3-pasica-1024x341.png 1024w, https:\/\/www.greenpeace.org\/static\/planet4-slovenia-stateless\/2023\/02\/a384dce8-email-3-pasica-300x100.png 300w, https:\/\/www.greenpeace.org\/static\/planet4-slovenia-stateless\/2023\/02\/a384dce8-email-3-pasica-768x256.png 768w, https:\/\/www.greenpeace.org\/static\/planet4-slovenia-stateless\/2023\/02\/a384dce8-email-3-pasica-1536x512.png 1536w, https:\/\/www.greenpeace.org\/static\/planet4-slovenia-stateless\/2023\/02\/a384dce8-email-3-pasica-510x170.png 510w, https:\/\/www.greenpeace.org\/static\/planet4-slovenia-stateless\/2023\/02\/a384dce8-email-3-pasica.png 1800w\" sizes=\"auto, (max-width: 1024px) 100vw, 1024px\" \/><\/figure>\n\n<p><strong>Za ceno ene kave na teden lahko postanete del globalnega gibanja, ki si prizadeva zaustaviti podnebne spremembe, za\u0161\u010dititi oceane ter zavarovati<\/strong>\u00a0<strong>dragocene, a ogro\u017eene rastlinske in \u017eivalske vrste ter ekosisteme. Upam, da se boste odlo\u010dili postati mese\u010dni podpornik Greenpeacea za samo 9 evrov na mesec in se tako pridru\u017eili globalnemu gibanju za za\u0161\u010dito na\u0161ega planeta.<\/strong><\/p>\n\t\t\t<section\n\t\t\tclass=\"boxout post-2045  sticky-bottom-mobile collapse show\"\n\t\t\tid=\"action-card\"\n\t\t>\n\t\t\t<a\n\t\t\t\tdata-ga-category=\"Take Action Boxout\"\n\t\t\t\tdata-ga-action=\"Image\"\n\t\t\t\tdata-ga-label=\"n\/a\"\n\t\t\t\tclass=\"cover-card-overlay\"\n\t\t\t\thref=\"https:\/\/www.greenpeace.org\/slovenia\/ukrepaj\/doniraj\/\" \n\t\t\t><\/a>\n\t\t\t\t\t\t\t<img\n\t\t\t\t\t\tsrc=\"https:\/\/www.greenpeace.org\/static\/planet4-slovenia-stateless\/2019\/04\/61238f7f-gp04k5b-1024x683.jpg\"\n\t\t\t\t\t\tsrcset=\"https:\/\/www.greenpeace.org\/static\/planet4-slovenia-stateless\/2019\/04\/61238f7f-gp04k5b-300x200.jpg 300w, https:\/\/www.greenpeace.org\/static\/planet4-slovenia-stateless\/2019\/04\/61238f7f-gp04k5b-768x512.jpg 768w, https:\/\/www.greenpeace.org\/static\/planet4-slovenia-stateless\/2019\/04\/61238f7f-gp04k5b-1024x683.jpg 1024w, https:\/\/www.greenpeace.org\/static\/planet4-slovenia-stateless\/2019\/04\/61238f7f-gp04k5b-510x340.jpg 510w, https:\/\/www.greenpeace.org\/static\/planet4-slovenia-stateless\/2019\/04\/61238f7f-gp04k5b.jpg 1200w\"\n\t\t\t\t\t\tsizes=\"(min-width: 1000px) 358px, (min-width: 780px) 313px, 88px\"\n\t\t\t\t\t\talt=\"Rainbow Warrior Near the Queensland Coast. \u00a9 Tom  Jefferson \/ Greenpeace\" title=\"Rainbow Warrior Near the Queensland Coast. \u00a9 Tom  Jefferson \/ Greenpeace\"\n\t\t\t\t\/>\n            \t\t\t<div class=\"boxout-content\">\n\t\t\t\t\t\t\t\t\t<a\n\t\t\t\t\t\tclass=\"boxout-heading medium\"\n\t\t\t\t\t\tdata-ga-category=\"Take Action Boxout\"\n\t\t\t\t\t\tdata-ga-action=\"Title\"\n\t\t\t\t\t\tdata-ga-label=\"n\/a\"\n\t\t\t\t\t\thref=\"https:\/\/www.greenpeace.org\/slovenia\/ukrepaj\/doniraj\/\"\n\t\t\t\t\t\t\n\t\t\t\t\t>\n\t\t\t\t\t\tDoniraj\n\t\t\t\t\t<\/a>\n\t\t\t\t\t\t\t\t\t\t\t\t\t<p class=\"boxout-excerpt\">Greenpeace ne sprejema finan\u010dnih sredstev in\u0161titucij EU, vlad, korporacij ali politi\u010dnih strank &#8211; na\u0161e delo je mogo\u010de le zaradi donacij posameznikov.<\/p>\n\t\t\t\t                                    <a\n                        class=\"btn btn-primary\"\n                        data-ga-category=\"Take Action Boxout\"\n                        data-ga-action=\"Call to Action\"\n                        data-ga-label=\"n\/a\"\n                        href=\"https:\/\/www.greenpeace.org\/slovenia\/ukrepaj\/doniraj\/\"\n                        \n                    >\n                        Pridru\u017ei se\n                    <\/a>\n                \t\t\t<\/div>\n\t\t\t\t\t\t\t<a\n\t\t\t\t\tclass=\"not-now\"\n\t\t\t\t\trole=\"button\"\n\t\t\t\t\tdata-bs-toggle=\"collapse\"\n\t\t\t\t\thref=\"#action-card\"\n\t\t\t\t><\/a>\n\t\t\t\t\t<\/section>\n\t\n<p>Greenpeace&nbsp;je edinstven, saj ne sprejemamo sredstev od korporacij ali vlad. Malo je organizacij, kot je&nbsp;Greenpeace, ki lahko svobodno povemo svoje mnenje in se resni\u010dno spopadamo s temeljnimi vzroki globalnih okoljskih te\u017eav.<\/p>\n\n<p>Neodvisna gibanja, kot je na\u0161e, imajo lahko neustavljivo mo\u010d. Ker imamo podpornike in pisarne po vsem svetu, se lahko odzivamo na najve\u010dje okoljske gro\u017enje, ne glede na to, kje se pojavijo. A tega ne moremo po\u010deti brez stalnih mese\u010dnih donacij ljudi, kot ste vi.<\/p>\n\n<p>Pomagajte nam dose\u010di na\u0161 cilj 30 novih mese\u010dnih donatorjev do konca meseca. To lahko storite s samo nekaj kliki, v zgolj nekaj minutah,\u00a0<strong><a href=\"https:\/\/podpiram.greenpeace.si\/donacija\/\" target=\"_blank\" rel=\"noreferrer noopener\">na tej povezavi<\/a><\/strong>.<\/p>\n\n<p>Iskrena hvala!!!<\/p>\n\n<p>Lepo pozdravljamo,<\/p>\n\n<p>Sara\u00a0in ekipa Greenpeacea v Sloveniji.<\/p>\n","protected":false},"excerpt":{"rendered":"<p>Stvar je tak\u0161na.<\/p>\n","protected":false},"author":25,"featured_media":50043,"comment_status":"closed","ping_status":"open","sticky":false,"template":"","format":"standard","meta":{"ep_exclude_from_search":false,"p4_og_title":"Nismo naprodaj","p4_og_description":"Neodvisna gibanja, kot je na\u0161e, imajo lahko neustavljivo mo\u010d. Ker imamo podpornike in pisarne po vsem svetu, se lahko odzivamo na najve\u010dje okoljske gro\u017enje, ne glede na to, kje se pojavijo. A tega ne moremo po\u010deti brez stalnih mese\u010dnih donacij ljudi, kot ste vi.","p4_og_image":"https:\/\/www.greenpeace.org\/static\/planet4-slovenia-stateless\/2023\/02\/99d94538-gp0stp7vi_high_res-scaled.jpg","p4_og_image_id":"50043","p4_seo_canonical_url":"","p4_campaign_name":"not set","p4_local_project":"not set","p4_basket_name":"not set","p4_department":"","footnotes":""},"categories":[44],"tags":[27],"p4-page-type":[24],"class_list":["post-50041","post","type-post","status-publish","format-standard","has-post-thumbnail","hentry","category-o-nas","tag-greenpeace","p4-page-type-blog"],"_links":{"self":[{"href":"https:\/\/www.greenpeace.org\/slovenia\/wp-json\/wp\/v2\/posts\/50041","targetHints":{"allow":["GET"]}}],"collection":[{"href":"https:\/\/www.greenpeace.org\/slovenia\/wp-json\/wp\/v2\/posts"}],"about":[{"href":"https:\/\/www.greenpeace.org\/slovenia\/wp-json\/wp\/v2\/types\/post"}],"author":[{"embeddable":true,"href":"https:\/\/www.greenpeace.org\/slovenia\/wp-json\/wp\/v2\/users\/25"}],"replies":[{"embeddable":true,"href":"https:\/\/www.greenpeace.org\/slovenia\/wp-json\/wp\/v2\/comments?post=50041"}],"version-history":[{"count":2,"href":"https:\/\/www.greenpeace.org\/slovenia\/wp-json\/wp\/v2\/posts\/50041\/revisions"}],"predecessor-version":[{"id":50045,"href":"https:\/\/www.greenpeace.org\/slovenia\/wp-json\/wp\/v2\/posts\/50041\/revisions\/50045"}],"wp:featuredmedia":[{"embeddable":true,"href":"https:\/\/www.greenpeace.org\/slovenia\/wp-json\/wp\/v2\/media\/50043"}],"wp:attachment":[{"href":"https:\/\/www.greenpeace.org\/slovenia\/wp-json\/wp\/v2\/media?parent=50041"}],"wp:term":[{"taxonomy":"category","embeddable":true,"href":"https:\/\/www.greenpeace.org\/slovenia\/wp-json\/wp\/v2\/categories?post=50041"},{"taxonomy":"post_tag","embeddable":true,"href":"https:\/\/www.greenpeace.org\/slovenia\/wp-json\/wp\/v2\/tags?post=50041"},{"taxonomy":"p4-page-type","embeddable":true,"href":"https:\/\/www.greenpeace.org\/slovenia\/wp-json\/wp\/v2\/p4-page-type?post=50041"}],"curies":[{"name":"wp","href":"https:\/\/api.w.org\/{rel}","templated":true}]}}