{"id":50047,"date":"2023-02-09T12:58:39","date_gmt":"2023-02-09T12:58:39","guid":{"rendered":"https:\/\/www.greenpeace.org\/slovenia\/?p=50047"},"modified":"2023-06-01T16:07:12","modified_gmt":"2023-06-01T16:07:12","slug":"zgodovinska-priloznost-za-zascito-oceanov","status":"publish","type":"post","link":"https:\/\/www.greenpeace.org\/slovenia\/blog\/50047\/zgodovinska-priloznost-za-zascito-oceanov\/","title":{"rendered":"Zgodovinska prilo\u017enost za za\u0161\u010dito oceanov"},"content":{"rendered":"\n<p>\u010cez manj kot dva tedna se bodo svetovni voditelji sestali na kon\u010dnem sre\u010danju v okviru pogajanj za za\u0161\u010dito oceanov pri Organizaciji zdru\u017eenih narodov. Ponovno bodo sku\u0161ali dose\u010di dogovor&nbsp;za vzpostavitev zavarovanih morskih obmo\u010dij na vsaj 30 odstotkih oceanov do&nbsp;leta 2030, kar bi po mnenju znanstvenikov omogo\u010dilo, da si oceani opomorejo in zacvetijo.&nbsp;<strong>V Greenpeaceovih kampanjah sodelujem \u017ee vrsto let, in doslej tako velike prilo\u017enosti za pomembno za\u0161\u010dito oceanov \u0161e ni bilo.<\/strong>&nbsp;\u010ce bo sre\u010danje uspe\u0161no,&nbsp;<strong>bo to najve\u010dji dose\u017eek na podro\u010dju varovanja morja v zgodovini \u010dlove\u0161tva<\/strong>. Greenpeace bo zraven, kot smo bili \u017ee v vseh fazah te kampanje.<\/p>\n\n<p><strong>Za to, da bomo lahko nadalje peljali to nujno potrebno kampanjo za na\u0161e oceane, vas v Greenpeacu pozivamo k donacijam, ki so osnova na\u0161ega neodvisnega dela.<\/strong><\/p>\n\n<div class=\"wp-block-buttons is-layout-flex wp-block-buttons-is-layout-flex\">\n<div class=\"wp-block-button aligncenter\"><a class=\"wp-block-button__link wp-element-button\" href=\"https:\/\/podpiram.greenpeace.si\/donacija\/\" target=\"_blank\" rel=\"noreferrer noopener\">Podprite nas z mese\u010dno donacijo<\/a><\/div>\n<\/div>\n\n<p>Mese\u010dne donacije nam omogo\u010dajo, da okrepimo svoje kampanje in se hitro prilagajamo na spreminjajo\u010de se okoli\u0161\u010dine. Predvsem pa nas ohranjajo neodvisne. Ko smo leta 2017 za\u010deli s kampanjo za oceanska zaveti\u0161\u010da, se je z na\u0161im ciljem za\u0161\u010dite 30 odstotkov oceanov do leta 2030 strinjala zgolj pe\u0161\u010dica dr\u017eav. Prav zaradi va\u0161e podpore smo lahko stopnjevali pritisk na vlade svetovnih dr\u017eav v zadnjih letih &#8211; danes\u00a0<strong>se je k za\u0161\u010diti 30 odstotkov kopnega in oceanov na Zemlji do leta 2030 zavezalo \u017ee ve\u010d kot 100 dr\u017eav<\/strong>. Na\u0161emu cilju \u2013 ambicioznemu sporazumu, s katerim bodo oceani za\u0161\u010diteni pred gro\u017enjami, kot so prekomerni ribolov, onesna\u017eevanje in globokomorsko rudarjenje \u2013 smo bli\u017eje kot kadarkoli prej.<\/p>\n\n<figure class=\"wp-block-image size-full\"><img loading=\"lazy\" decoding=\"async\" width=\"940\" height=\"530\" src=\"https:\/\/www.greenpeace.org\/static\/planet4-slovenia-stateless\/2023\/02\/32ae42f2-email-4_visual.gif.gif\" alt=\"\" class=\"wp-image-50048\"\/><\/figure>\n\n<p>Jasno nam je, da so&nbsp;<strong>spremembe mogo\u010de, a zahtevajo svoj \u010das<\/strong>. S predvidljivimi mese\u010dnimi donacijami lahko na\u010drtujemo akcije in si neprestano prizadevamo za za\u0161\u010dito oceanov.<\/p>\n\n<p>Vedno poudarjamo, da smo pri delu povsem neodvisni. Od dr\u017eav in korporacij ne sprejmemo niti centa, zato lahko vladam in politikom svobodno povemo, kar mislimo.<\/p>\n\n<p>Na kocki so izjemno pomembne stvari.\u00a0Pomagajte nami \u0161e naprej izvajati pritisk na vlade svetovnih dr\u017eav,\u00a0<strong>zagovarjati znanost in zahtevati za\u0161\u010dito vsaj 30 odstotkov na\u0161ih oceanov do leta 2030.<\/strong><\/p>\n\n<p><strong><a href=\"https:\/\/podpiram.greenpeace.si\/donacija\/\" target=\"_blank\" rel=\"noreferrer noopener\">Podprite Greenpeace z 9 evri mese\u010dno in se nam pridru\u017eite v prizadevanjih za dolgoro\u010dno za\u0161\u010dito oceanov.<\/a><\/strong><\/p>\n\n<p>Mi gremo do konca.<\/p>\n\n<p>Katja&nbsp;Podbev\u0161ek,<\/p>\n\n<p>predstavnica kampanje za za\u0161\u010dito oceanov, Greenpeace v Sloveniji<\/p>\n","protected":false},"excerpt":{"rendered":"<p>\u010cez manj kot dva tedna se bodo svetovni voditelji sestali na kon\u010dnem sre\u010danju v okviru pogajanj za za\u0161\u010dito oceanov pri Organizaciji zdru\u017eenih narodov. Ponovno bodo sku\u0161ali dose\u010di dogovor&nbsp;za vzpostavitev zavarovanih&hellip;<\/p>\n","protected":false},"author":25,"featured_media":50050,"comment_status":"closed","ping_status":"open","sticky":false,"template":"","format":"standard","meta":{"ep_exclude_from_search":false,"p4_og_title":"","p4_og_description":"","p4_og_image":"","p4_og_image_id":"","p4_seo_canonical_url":"","p4_campaign_name":"not set","p4_local_project":"not set","p4_basket_name":"not set","p4_department":"","footnotes":""},"categories":[43],"tags":[28],"p4-page-type":[24],"class_list":["post-50047","post","type-post","status-publish","format-standard","has-post-thumbnail","hentry","category-narava","tag-oceani","p4-page-type-blog"],"_links":{"self":[{"href":"https:\/\/www.greenpeace.org\/slovenia\/wp-json\/wp\/v2\/posts\/50047","targetHints":{"allow":["GET"]}}],"collection":[{"href":"https:\/\/www.greenpeace.org\/slovenia\/wp-json\/wp\/v2\/posts"}],"about":[{"href":"https:\/\/www.greenpeace.org\/slovenia\/wp-json\/wp\/v2\/types\/post"}],"author":[{"embeddable":true,"href":"https:\/\/www.greenpeace.org\/slovenia\/wp-json\/wp\/v2\/users\/25"}],"replies":[{"embeddable":true,"href":"https:\/\/www.greenpeace.org\/slovenia\/wp-json\/wp\/v2\/comments?post=50047"}],"version-history":[{"count":1,"href":"https:\/\/www.greenpeace.org\/slovenia\/wp-json\/wp\/v2\/posts\/50047\/revisions"}],"predecessor-version":[{"id":50051,"href":"https:\/\/www.greenpeace.org\/slovenia\/wp-json\/wp\/v2\/posts\/50047\/revisions\/50051"}],"wp:featuredmedia":[{"embeddable":true,"href":"https:\/\/www.greenpeace.org\/slovenia\/wp-json\/wp\/v2\/media\/50050"}],"wp:attachment":[{"href":"https:\/\/www.greenpeace.org\/slovenia\/wp-json\/wp\/v2\/media?parent=50047"}],"wp:term":[{"taxonomy":"category","embeddable":true,"href":"https:\/\/www.greenpeace.org\/slovenia\/wp-json\/wp\/v2\/categories?post=50047"},{"taxonomy":"post_tag","embeddable":true,"href":"https:\/\/www.greenpeace.org\/slovenia\/wp-json\/wp\/v2\/tags?post=50047"},{"taxonomy":"p4-page-type","embeddable":true,"href":"https:\/\/www.greenpeace.org\/slovenia\/wp-json\/wp\/v2\/p4-page-type?post=50047"}],"curies":[{"name":"wp","href":"https:\/\/api.w.org\/{rel}","templated":true}]}}