{"id":50408,"date":"2023-12-12T20:00:00","date_gmt":"2023-12-12T20:00:00","guid":{"rendered":"https:\/\/www.greenpeace.org\/slovenia\/?p=50408"},"modified":"2024-03-19T09:20:14","modified_gmt":"2024-03-19T09:20:14","slug":"greenpeace-slovenija-z-intervencijo-predstavil-rezultate-javnomnenjske-raziskave","status":"publish","type":"post","link":"https:\/\/www.greenpeace.org\/slovenia\/blog\/50408\/greenpeace-slovenija-z-intervencijo-predstavil-rezultate-javnomnenjske-raziskave\/","title":{"rendered":"Greenpeace Slovenija z intervencijo predstavil rezultate javnomnenjske raziskave"},"content":{"rendered":"\n<p><strong>Greenpeaceovi aktivisti so ob zaklju\u010devanju podnebne konference COP28 z lasersko projekcijo na Ljubljanski grad opozorili na nujnost opustitve vseh fosilnih goriv, vklju\u010dno s subvencijami zanje, ter na \u010dim hitrej\u0161e pove\u010danje izrabe son\u010dnega in vetrnega potenciala. Greenpeace Slovenija z akcijo izpostavlja tudi rezultate javnomnenjske raziskave, ki so jo izvedli oktobra letos, v kateri ve\u010d kot 90 % vpra\u0161anih Slovenk_cev podpira ve\u010dje izkori\u0161\u010danje obnovljivih virov energije.\u00a0<\/strong><\/p>\n\n<figure class=\"wp-block-image size-large\"><img loading=\"lazy\" decoding=\"async\" width=\"1024\" height=\"684\" src=\"https:\/\/www.greenpeace.org\/static\/planet4-slovenia-stateless\/2023\/12\/e515f107-mj03925-1024x684.jpg\" alt=\"\" class=\"wp-image-50420\" srcset=\"https:\/\/www.greenpeace.org\/static\/planet4-slovenia-stateless\/2023\/12\/e515f107-mj03925-1024x684.jpg 1024w, https:\/\/www.greenpeace.org\/static\/planet4-slovenia-stateless\/2023\/12\/e515f107-mj03925-300x200.jpg 300w, https:\/\/www.greenpeace.org\/static\/planet4-slovenia-stateless\/2023\/12\/e515f107-mj03925-768x513.jpg 768w, https:\/\/www.greenpeace.org\/static\/planet4-slovenia-stateless\/2023\/12\/e515f107-mj03925-1536x1025.jpg 1536w, https:\/\/www.greenpeace.org\/static\/planet4-slovenia-stateless\/2023\/12\/e515f107-mj03925-510x340.jpg 510w, https:\/\/www.greenpeace.org\/static\/planet4-slovenia-stateless\/2023\/12\/e515f107-mj03925.jpg 2000w\" sizes=\"auto, (max-width: 1024px) 100vw, 1024px\" \/><\/figure>\n\n<p>Ob iztekanju zaklju\u010dnih pogajanj ene najbolj kontroverznih podnebnih konferenc doslej &#8211; COP28, v Greenpeace Slovenija opozarjamo, da mora biti Slovenija bolj ambiciozna kot kakr\u0161enkoli dogovor, sklenjen v Dubaju. Z akcijo \u017eelimo poudariti, da je vsakr\u0161en dogovor, ki ne vklju\u010duje popolne opustitve fosilnih goriv popolnoma neprimeren glede na urgentno stanje, v kakr\u0161nem sta podnebje in biodiverziteta.&nbsp;<\/p>\n\n<p>Na 28. podnebni konferenci Zdru\u017eenih narodov je 121 dr\u017eav podpisalo <em>Globalno zavezo o obnovljivih virih energije in energetski u\u010dinkovitosti<\/em>. Zaveza dolo\u010da potrojitev rabe obnovljivih virov in podvojitev energetske u\u010dinkovitosti do leta 2030. Izpolnjevanje teh ciljev naj bi podprlo prehod na razoglji\u010den energetski sistem in pripomoglo k postopni opustitvi rabe fosilnih goriv, vendar na konfereci za zdaj niso dosegli dogovora o opustitvi rabe fosilnih goriv.&nbsp;<\/p>\n\n<figure class=\"wp-block-image size-large\"><img loading=\"lazy\" decoding=\"async\" width=\"1024\" height=\"684\" src=\"https:\/\/www.greenpeace.org\/static\/planet4-slovenia-stateless\/2023\/12\/03006428-mj04083-1024x684.jpg\" alt=\"\" class=\"wp-image-50421\" srcset=\"https:\/\/www.greenpeace.org\/static\/planet4-slovenia-stateless\/2023\/12\/03006428-mj04083-1024x684.jpg 1024w, https:\/\/www.greenpeace.org\/static\/planet4-slovenia-stateless\/2023\/12\/03006428-mj04083-300x200.jpg 300w, https:\/\/www.greenpeace.org\/static\/planet4-slovenia-stateless\/2023\/12\/03006428-mj04083-768x513.jpg 768w, https:\/\/www.greenpeace.org\/static\/planet4-slovenia-stateless\/2023\/12\/03006428-mj04083-1536x1025.jpg 1536w, https:\/\/www.greenpeace.org\/static\/planet4-slovenia-stateless\/2023\/12\/03006428-mj04083-510x340.jpg 510w, https:\/\/www.greenpeace.org\/static\/planet4-slovenia-stateless\/2023\/12\/03006428-mj04083.jpg 2000w\" sizes=\"auto, (max-width: 1024px) 100vw, 1024px\" \/><\/figure>\n\n<p><strong>Lena Pen\u0161ek, Greenpeace Slovenija: \u201c<\/strong><em>S tak\u0161nimi dogovori ne bomo nikakor dosegli ciljev, ki smo si jih zastavili v Pari\u0161kem sporazumu. \u010ce \u017eelimo, da se globalno segrevanje planeta ustavi pri 1.5\u00b0C, morajo dr\u017eave, ki so za krizo najbolj odgovorne, vklju\u010dno s Slovenijo, zavzeti bistveno bolj ambiciozne cilje in stremeti k podnebni nevtralnosti do leta 2040. Zato podpiramo ukinitev subvencij na fosilna goriva, ki jih uvaja predlog Podnebnega zakona, in zato moramo nujno za\u010deti z vsemi napori v pove\u010danje izrabe tako sonca, kot tudi vetra in toplote tal. Trenutni NEPN, torej na\u010drt Slovenije do 2030, ni ve\u010d skladen z ambicijami Evropske unije, kaj \u0161ele, da bi lahko govorili o zelo ambicioznih na\u010drtih vlade.\u201d<\/em><\/p>\n\n<p>Slovenija mora slediti tudi zavezujo\u010demu cilju EU glede energije iz obnovljivih virov &#8211; ta naj do leta 2030 zna\u0161a vsaj 42,5 % (z dodatnimi prostovoljnimi 2,5 %). Trenutni cilji v osnutku Celovitega nacionalnega energetskega in podnebnega na\u010drta pa tega s 30-35 % ne lovijo niti za rep.&nbsp;<\/p>\n\n<p>Edina za planet in ljudi vzdr\u017ena pot v prihodnost je brez kurjenja fosilnih goriv in tak\u0161na, kjer ljudje ne potro\u0161imo vedno ve\u010d in ve\u010d, kjer ne porabimo vedno ve\u010d in ve\u010d, in kjer se ljudje zana\u0161amo na obnovljive vire energije. Zato ob tej prilo\u017enosti poudarjamo, da Slovenija nima na voljo le izrabe son\u010dne energije, ampaki tudi veter, ki ga moramo za\u010deti izrabljati na transparenten in vklju\u010dujo\u010d na\u010din. Slovenija trenutno v izrabi kapacitet vetra zaostaja za vsemi dr\u017eavami Evrope in <a href=\"https:\/\/windeurope.org\/intelligence-platform\/product\/wind-energy-in-europe-2022-statistics-and-the-outlook-for-2023-2027\/\">skupaj s Slova\u0161ko zaseda zadnje mesto<\/a>.&nbsp;<\/p>\n\n<p><strong>Lena Pen\u0161ek dodaja: \u201c<\/strong><em>Z zdru\u017eenim ministrstvom za ve\u010dino slovenskih emisij, bolj poznanim pod imenom Ministrstvo za okolje, podnebje in energijo, in glede na prizadevanja v zadnjem letu si drznemo upati, da bo v prihodnjih letih kon\u010dno nek premik na podro\u010dju izrabe energije iz sonca. \u017dal pa teh, sicer po na\u0161i oceni premalo ambicioznih ciljev, iz omenjenega NEPN ne bo mogo\u010de dose\u010di, \u010de bomo ra\u010dunali zgolj na solarno energijo. Izkoristiti je treba tudi potencial vetra. Nadaljnji vetrni projekti morajo biti premi\u0161ljeni in transparentni, ponovnih projektnih polomij si na\u0161 planet preprosto ne more privo\u0161\u010diti. Zato morajo biti tudi postopek za nov Akcijski na\u010drt za \u2018namenska obmo\u010dja\u2019 obnovljivih virov energije pregleden in participativen. V vetru je prihodnost, ni pa je v netransparentnosti, korupciji in izkori\u0161\u010danju lokalnih prebivalcev. Zagotovo to ne bodo enostavni projekti, ampak brez njih pa preprosto ne gre.\u201d<\/em><\/p>\n\n<figure class=\"wp-block-image size-large\"><img loading=\"lazy\" decoding=\"async\" width=\"1024\" height=\"684\" src=\"https:\/\/www.greenpeace.org\/static\/planet4-slovenia-stateless\/2023\/12\/808be9f5-mj04045-1024x684.jpg\" alt=\"\" class=\"wp-image-50423\" srcset=\"https:\/\/www.greenpeace.org\/static\/planet4-slovenia-stateless\/2023\/12\/808be9f5-mj04045-1024x684.jpg 1024w, https:\/\/www.greenpeace.org\/static\/planet4-slovenia-stateless\/2023\/12\/808be9f5-mj04045-300x200.jpg 300w, https:\/\/www.greenpeace.org\/static\/planet4-slovenia-stateless\/2023\/12\/808be9f5-mj04045-768x513.jpg 768w, https:\/\/www.greenpeace.org\/static\/planet4-slovenia-stateless\/2023\/12\/808be9f5-mj04045-1536x1025.jpg 1536w, https:\/\/www.greenpeace.org\/static\/planet4-slovenia-stateless\/2023\/12\/808be9f5-mj04045-510x340.jpg 510w, https:\/\/www.greenpeace.org\/static\/planet4-slovenia-stateless\/2023\/12\/808be9f5-mj04045.jpg 2000w\" sizes=\"auto, (max-width: 1024px) 100vw, 1024px\" \/><\/figure>\n\n<p>Vzrokov in posledic podnebnih sprememb \u0161e nikoli nismo tako globoko ob\u010dutili, obenem pa tudi re\u0161itve \u0161e nikoli niso bile tako dosegljive. Vpra\u0161anje ni ve\u010d kako, ampak kdaj. Za prehod v brezoglji\u010dno dru\u017ebo bodo dolo\u010dene spremembe in prilagoditve nujne. Pri tem je klju\u010dno, kako bo dru\u017eba te spremembe sprejela. Zato je tudi pri uvajanju novih vetrnih projektov podpora javnosti klju\u010dnega pomena.&nbsp;<\/p>\n\n<p>Da bi preverili, kak\u0161na je dejanska slika med prebivalkami_ci Slovenije, smo oktobra letos v sodelovanju z raziskovalno agencijo Parsifal izvedli javnomnenjsko raziskavo v zvezi z odnosom dr\u017eavljanov do razli\u010dnih virov energije in vetrnih parkov. Naklonjenost vi\u0161jemu izkori\u0161\u010danju obnovljivih virov med dr\u017eavljani_kami je izjemno visoka (91,2 %). Velika ve\u010dina anketirancev (79,6 %) meni, da bi morala Slovenija bolj izkoristiti potencial vetra za pridobivanje energije.&nbsp;<\/p>\n\n<figure class=\"wp-block-image size-large\"><img loading=\"lazy\" decoding=\"async\" width=\"1024\" height=\"684\" src=\"https:\/\/www.greenpeace.org\/static\/planet4-slovenia-stateless\/2023\/12\/718fcfec-mj04213-1024x684.jpg\" alt=\"\" class=\"wp-image-50422\" srcset=\"https:\/\/www.greenpeace.org\/static\/planet4-slovenia-stateless\/2023\/12\/718fcfec-mj04213-1024x684.jpg 1024w, https:\/\/www.greenpeace.org\/static\/planet4-slovenia-stateless\/2023\/12\/718fcfec-mj04213-300x200.jpg 300w, https:\/\/www.greenpeace.org\/static\/planet4-slovenia-stateless\/2023\/12\/718fcfec-mj04213-768x513.jpg 768w, https:\/\/www.greenpeace.org\/static\/planet4-slovenia-stateless\/2023\/12\/718fcfec-mj04213-1536x1025.jpg 1536w, https:\/\/www.greenpeace.org\/static\/planet4-slovenia-stateless\/2023\/12\/718fcfec-mj04213-510x340.jpg 510w, https:\/\/www.greenpeace.org\/static\/planet4-slovenia-stateless\/2023\/12\/718fcfec-mj04213.jpg 2000w\" sizes=\"auto, (max-width: 1024px) 100vw, 1024px\" \/><\/figure>\n\n<p><strong>Sara Kosirnik, Greenpeace Slovenija: <\/strong>\u201c<em>Glede na medijsko poro\u010danje o vetrnih projektih v zadnjem letu in glede na vse spodletele vetrne projekte v preteklosti, smo pri\u010dakovali, da Slovenke_ci vetrni energiji niso naklonjene_i. <\/em><em>Na\u0161a javnomnenjska raziskava je pokazala ravno nasprotno. Ne samo, da se ljudje zavedajo gro\u017enje, ki jo prina\u0161a podnebna kriza in podpirajo ve\u010d obnovljivih virov energije, podpora vetrni energiji je izjemno visoka. Jasno je, da imajo ljudje ob uvajanju kakr\u0161nih koli novosti tudi dolo\u010dene skrbi. Hrup, ki ga povzro\u010dajo vetrne elektrarne, je vidik, zaradi katerega so ljudje najbolj zaskrbljeni, navajajo pa tudi skrb za ptice in druge \u017eivali, vpliv na okolje in sam poseg v prostor. Dr\u017eava in investitorji morajo te skrbi pri izvajanju projektov nasloviti, zato pozivamo vse, ki so vklju\u010deni v nove projekte, naj se vetrnih projektov lotevajo z mislijo na lokalne prebivalce. Od postavitve prve vetrnice v Sloveniji je minilo deset let, v tem obdobju smo postavili le dve dodatni vetrnici. Naj bo naslednje desetletje v znamenju razcveta vetrne energije, ki je klju\u010dna za prehod v brezoglji\u010dno dru\u017ebo.<\/em>\u201d<\/p>\n\n<p>\u0160tevilne izku\u0161nje iz tujine ka\u017eejo, da je eden izmed najbolj\u0161ih pristopov pri uvajanju obnovljivih virov energije sodelovanje z lokalnimi skupnostmi, pri \u010demer naj se jasno opredelijo tudi vse mo\u017ene prednosti, ki jih prebivalcem prina\u0161a vetrna energija. Greenpeace zagovarjamo razpr\u0161eno proizvodnjo energije na na\u010din, da se prebivalkam_cem daje mo\u017enost, da vlagajo lastna sredstva in uporabljajo proizvedeno elektri\u010dno energijo iz npr. vetrne turbine za lastne potrebe. Gre za model samooskrbe z energijo, ki lokalni skupnosti prina\u0161a energetsko samozadostnost. Lokalno prebivalstvo s tem pridobi dobi\u010dek iz proizvodnje, ki se deli med \u010dlane energetske zadruge, ostanek sredstev pa se lahko uporabi za razvoj novih lokalnih projektov. Zadruge so najprimernej\u0161e za izvajanje skupnostnih projektov rabe obnovljivih virov, ker so upravljane demokrati\u010dno po principu en \u010dlan, en glas ter prek svojega demokrati\u010dnega upravljanja zagotavljajo, da se finan\u010dne in dru\u017ebene koristi ohranjajo v lokalnem okolju.<\/p>\n\n<p>Okoljevarstvena organizacija Focus je za mre\u017eo Plan B pripravila <a href=\"https:\/\/focus.si\/postopki-izdajanja-dovoljenj-za-ucinkovito-pospesevanje-uvajanja-izrabe-soncne-in-vetrne-energije-deset-kljucnih-korakov\/\">priporo\u010dila<\/a> o postopkih izdajanja dovoljenj za u\u010dinkovito pospe\u0161evanje son\u010dne in vetrne energije, z namenom spodbuditi dialog med oblikovalci politik, izvajalci projektov in tistimi, ki si prizadevajo za ohranjanje narave.<\/p>\n\n<p><br>Povzetek javnomnenjske raziskave je dostopen na<a href=\"https:\/\/www.greenpeace.org\/slovenia\/blog\/50390\/javnomnenjska-raziskava-greenpeace-slovenija\/\"> tej povezavi<\/a>, celotna javnomnenjska raziskava, vklju\u010dno z demografskimi podatki, pa <a href=\"https:\/\/www.greenpeace.org\/static\/planet4-slovenia-stateless\/2023\/12\/28742c0d-za-splet-porocilo-raziskave_gp-si-2023-dodatek.pdf\">tukaj<\/a>.<\/p>\n","protected":false},"excerpt":{"rendered":"<p>Greenpeaceovi aktivisti so ob zaklju\u010devanju podnebne konference COP28 z lasersko projekcijo na Ljubljanski grad opozorili na nujnost opustitve vseh fosilnih goriv, vklju\u010dno s subvencijami zanje, ter na \u010dim hitrej\u0161e pove\u010danje&hellip;<\/p>\n","protected":false},"author":58,"featured_media":50409,"comment_status":"closed","ping_status":"open","sticky":false,"template":"","format":"standard","meta":{"ep_exclude_from_search":false,"p4_og_title":"","p4_og_description":"","p4_og_image":"","p4_og_image_id":"","p4_seo_canonical_url":"","p4_campaign_name":"","p4_local_project":"","p4_basket_name":"","p4_department":"","footnotes":""},"categories":[45],"tags":[41,23,27,64],"p4-page-type":[],"class_list":["post-50408","post","type-post","status-publish","format-standard","has-post-thumbnail","hentry","category-podnebje","tag-obnovljivivirienergije","tag-podnebje","tag-greenpeace","tag-vetrnaenergija"],"_links":{"self":[{"href":"https:\/\/www.greenpeace.org\/slovenia\/wp-json\/wp\/v2\/posts\/50408","targetHints":{"allow":["GET"]}}],"collection":[{"href":"https:\/\/www.greenpeace.org\/slovenia\/wp-json\/wp\/v2\/posts"}],"about":[{"href":"https:\/\/www.greenpeace.org\/slovenia\/wp-json\/wp\/v2\/types\/post"}],"author":[{"embeddable":true,"href":"https:\/\/www.greenpeace.org\/slovenia\/wp-json\/wp\/v2\/users\/58"}],"replies":[{"embeddable":true,"href":"https:\/\/www.greenpeace.org\/slovenia\/wp-json\/wp\/v2\/comments?post=50408"}],"version-history":[{"count":1,"href":"https:\/\/www.greenpeace.org\/slovenia\/wp-json\/wp\/v2\/posts\/50408\/revisions"}],"predecessor-version":[{"id":50424,"href":"https:\/\/www.greenpeace.org\/slovenia\/wp-json\/wp\/v2\/posts\/50408\/revisions\/50424"}],"wp:featuredmedia":[{"embeddable":true,"href":"https:\/\/www.greenpeace.org\/slovenia\/wp-json\/wp\/v2\/media\/50409"}],"wp:attachment":[{"href":"https:\/\/www.greenpeace.org\/slovenia\/wp-json\/wp\/v2\/media?parent=50408"}],"wp:term":[{"taxonomy":"category","embeddable":true,"href":"https:\/\/www.greenpeace.org\/slovenia\/wp-json\/wp\/v2\/categories?post=50408"},{"taxonomy":"post_tag","embeddable":true,"href":"https:\/\/www.greenpeace.org\/slovenia\/wp-json\/wp\/v2\/tags?post=50408"},{"taxonomy":"p4-page-type","embeddable":true,"href":"https:\/\/www.greenpeace.org\/slovenia\/wp-json\/wp\/v2\/p4-page-type?post=50408"}],"curies":[{"name":"wp","href":"https:\/\/api.w.org\/{rel}","templated":true}]}}