{"id":50613,"date":"2024-02-27T00:30:00","date_gmt":"2024-02-27T00:30:00","guid":{"rendered":"https:\/\/www.greenpeace.org\/slovenia\/?p=50613"},"modified":"2024-03-29T10:41:44","modified_gmt":"2024-03-29T10:41:44","slug":"naj-anhovo-zadiha","status":"publish","type":"post","link":"https:\/\/www.greenpeace.org\/slovenia\/sporocilo-za-javnost\/50613\/naj-anhovo-zadiha\/","title":{"rendered":"Naj Anhovo zadiha!"},"content":{"rendered":"\n<p><strong>Ljubljana, 27. 2. 2024. Novinarska konferenca v znak podpori noveli Zakona o varstvu okolja.<\/strong><\/p>\n\n<p>Greenpeace Slovenija izkazujemo neomajno podporo na\u0161e organizacije prebivalkam in prebivalcem srednje so\u0161ke doline in podpiramo novelo Zakona o varstvu okolja.<\/p>\n\n<p>Dolgotrajna prizadevanja lokalnega prebivalstva za ohranitev zdravega \u017eivljenjskega okolja in zdravja so kon\u010dno pripeljala do dne, ko se sprejema odlo\u010ditev o noveli Zakona o varstvu okolja, ko bodo politiki lahko jasno izrazili svoje mnenje do predlaganih zakonodajnih sprememb, s katerimi bi se izena\u010dili standardi za se\u017eigalnice in sose\u017eigalnice.<\/p>\n\n<p>Okoljska katastrofa, ki se \u017ee desetletja odvija v Anhovem, je nedopustna. Salonit Anhovo na ra\u010dun zdravja in \u017eivljenskega okolja prebivalcev okoljskih ob\u010din kuje mastne dobi\u010dke. Kar spremljamo v Anhovem ni unikat in ga kot mednarodna organizacija opazujemo onkraj slovenskih meja &#8211; na ra\u010dun kapitala in dobi\u010dkov se zdravje in okolje ljudi in narave postavlja na drugo mesto in boji v obrobnih krajih, dale\u010d od prestolnic, dale\u010d od Ljubljane, odlo\u010devalcem pa\u010d niso prioriteta, ker ne prina\u0161ajo dovolj politi\u010dnih to\u010dk.<\/p>\n\n<p>Nujno je, da ta vlada podpre dolgoletni boj s prislu\u017eeno malo zmago, to je s sprejemom predloga novele zakona o varstvu okolja in preprosto nedopustno je, da se po vsej energiji, ki je bila vlo\u017eena v to, po vsem kar so prebivalci srednje so\u0161ke \u017ee do\u017eiveli, zdaj res ni \u010das, da se zamahne z levo roko, in prepusti pritiskom, ki niso v prid zdravja ljudi in narave. Nelogi\u010dno je, da obstajajo razli\u010dni standardi za izpuste iz se\u017eigalnic in sose\u017eigalnic. \u010ce je to nekaj, kar ni v interesu profitom podjetij, potem so podjetja tista, ki se morajo temu prilagoditi, ne pa ljudje, ki tam \u017eivijo. Nedopustno je, da se zakonodaja prilagaja profitu in ekonomskim modelom podjetij, ne pa zdravemu \u017eivljenskemu okolju dr\u017eavljank in dr\u017eavljanom Slovenije.<\/p>\n\n<p>Danes smo tukaj zato, da pozovemo politike, ki svojo funkcijo opravljajo za svoje dr\u017eavljane, in so voljeni v imenu ljudi, da se postavijo na pravo stran zgodovine.<\/p>\n\n<p>Zato v Greenpeace Slovenija podpiramo Predlog novele zakona o varstvu okolja, ki jo je v Dr\u017eavni zbor vlo\u017eila skupina 5000 volivcev na pobudo civilnih iniciativ. Tak\u0161na re\u0161itev se nam zdi pomemben korak na poti do pravi\u010dne prihodnosti srednje so\u0161ke doline in skrajni \u010das je, da odlo\u010devalci stopijo na stran prebivalk in prebivalcev Slovenije, ne pa na stran podjetij, ki te dobesedno ubijajo \u017ee leta.<\/p>\n\n<p>Mogo\u010de se ponavljamo. Da, ponavljamo besede prve, druge, tretje tiskovne konference. Ker dejstva se niso spremenila. Ne ponavljamo besed le mi, ponavljamo se kot stara lajna vsi v tem boju. Kri\u010dimo, in upamo da bomo kon\u010dno sli\u0161ani. Te\u017eko je poiskati nove besede, besede ki bi bile tako zelo druga\u010dne, da bi kon\u010dno premaknile na\u0161e politike. Upam in za trenutek celo verjamem, da bo tokrat druga\u010de. Da bodo prebivalci srednje so\u0161ke doline z na\u0161o podporo in podporo mnogih organizacij tokrat kon\u010dno uspe\u0161ni v njihovih, ve\u010d desetletij trajajo\u010dih prizadevanjih za \u010disto in zdravo \u017eivljenjsko okolje. Za okolje, kakr\u0161no je zapisano kot ustavna pravica vsake dr\u017eavljanke in dr\u017eavljana Republike Slovenije.<\/p>\n\n<p><strong>Kontakt:<\/strong><\/p>\n\n<p><strong>Lena Pen\u0161ek, <\/strong><a href=\"mailto:lena.pensek@greenpeace.org\"><u><strong>lena.pensek@greenpeace.org<\/strong><\/u><\/a><\/p>\n","protected":false},"excerpt":{"rendered":"<p>Ljubljana, 27. 2. 2024. Novinarska konferenca v znak podpori noveli Zakona o varstvu okolja.<\/p>\n","protected":false},"author":54,"featured_media":50615,"comment_status":"closed","ping_status":"open","sticky":false,"template":"","format":"standard","meta":{"ep_exclude_from_search":false,"p4_og_title":"Naj Anhovo zadiha!","p4_og_description":"Greenpeace Slovenija izkazujemo neomajno podporo na\u0161e organizacije prebivalkam in prebivalcem srednje so\u0161ke doline in podpiramo novelo Zakona o varstvu okolja.","p4_og_image":"https:\/\/www.greenpeace.org\/static\/planet4-slovenia-stateless\/2024\/03\/3ebaf419-letak-anhovo-osnutek-04-e1711529758282.png","p4_og_image_id":"50614","p4_seo_canonical_url":"","p4_campaign_name":"","p4_local_project":"","p4_basket_name":"","p4_department":"","footnotes":""},"categories":[5],"tags":[26],"p4-page-type":[46],"class_list":["post-50613","post","type-post","status-publish","format-standard","has-post-thumbnail","hentry","category-teme","tag-aktivizem","p4-page-type-sporocilo-za-javnost"],"_links":{"self":[{"href":"https:\/\/www.greenpeace.org\/slovenia\/wp-json\/wp\/v2\/posts\/50613","targetHints":{"allow":["GET"]}}],"collection":[{"href":"https:\/\/www.greenpeace.org\/slovenia\/wp-json\/wp\/v2\/posts"}],"about":[{"href":"https:\/\/www.greenpeace.org\/slovenia\/wp-json\/wp\/v2\/types\/post"}],"author":[{"embeddable":true,"href":"https:\/\/www.greenpeace.org\/slovenia\/wp-json\/wp\/v2\/users\/54"}],"replies":[{"embeddable":true,"href":"https:\/\/www.greenpeace.org\/slovenia\/wp-json\/wp\/v2\/comments?post=50613"}],"version-history":[{"count":3,"href":"https:\/\/www.greenpeace.org\/slovenia\/wp-json\/wp\/v2\/posts\/50613\/revisions"}],"predecessor-version":[{"id":50657,"href":"https:\/\/www.greenpeace.org\/slovenia\/wp-json\/wp\/v2\/posts\/50613\/revisions\/50657"}],"wp:featuredmedia":[{"embeddable":true,"href":"https:\/\/www.greenpeace.org\/slovenia\/wp-json\/wp\/v2\/media\/50615"}],"wp:attachment":[{"href":"https:\/\/www.greenpeace.org\/slovenia\/wp-json\/wp\/v2\/media?parent=50613"}],"wp:term":[{"taxonomy":"category","embeddable":true,"href":"https:\/\/www.greenpeace.org\/slovenia\/wp-json\/wp\/v2\/categories?post=50613"},{"taxonomy":"post_tag","embeddable":true,"href":"https:\/\/www.greenpeace.org\/slovenia\/wp-json\/wp\/v2\/tags?post=50613"},{"taxonomy":"p4-page-type","embeddable":true,"href":"https:\/\/www.greenpeace.org\/slovenia\/wp-json\/wp\/v2\/p4-page-type?post=50613"}],"curies":[{"name":"wp","href":"https:\/\/api.w.org\/{rel}","templated":true}]}}