{"id":50617,"date":"2024-01-11T12:58:00","date_gmt":"2024-01-11T12:58:00","guid":{"rendered":"https:\/\/www.greenpeace.org\/slovenia\/?p=50617"},"modified":"2024-03-29T12:01:47","modified_gmt":"2024-03-29T12:01:47","slug":"javno-mnenje-slovenk_cev-je-izjemno-naklonjeno-visjemu-izkoriscanju-obnovljivih-virov-energije-podpira-ga-kar-90-vprasanih","status":"publish","type":"post","link":"https:\/\/www.greenpeace.org\/slovenia\/sporocilo-za-javnost\/50617\/javno-mnenje-slovenk_cev-je-izjemno-naklonjeno-visjemu-izkoriscanju-obnovljivih-virov-energije-podpira-ga-kar-90-vprasanih\/","title":{"rendered":"Javno mnenje Slovenk_cev\u00a0je izjemno naklonjeno vi\u0161jemu izkori\u0161\u010danju\u00a0obnovljivih virov energije &#8211; podpira ga kar 90 % vpra\u0161anih"},"content":{"rendered":"\n<p><strong>Ljubljana, 11. 1. 2024 &#8211; Javnomnenjska raziskava Greenpeace Slovenija: Izjemna naklonjenost izkori\u0161\u010danju vetrne energije med prebivalkami_ci Slovenije. <\/strong><strong>Velika ve\u010dina anketirank_cev (79,6 %) meni, da bi morala Slovenija bolj izkoristiti potencial vetra za pridobivanje energije. Re\u0161itve so na dlani, klju\u010dnega pomena je, kako se bomo v Sloveniji lotevali nadaljnjih projektov.&nbsp;<\/strong><\/p>\n\n<p>Podnebne spremembe predstavljajo tveganje za pre\u017eivetje in dobrobit milijonov ljudi po svetu. Pri tem tudi Slovenija ni izjema &#8211; \u0161e vedno se spopadamo s posledicami uni\u010dujo\u010dih&nbsp; po\u017earov na Krasu in poplav lanskega avgusta. Ekstremne vremenske pojave, ki so posledica podnebnih sprememb, bomo na svoji ko\u017ei ob\u010dutili vsi. Podnebne spremembe pa hkrati predstavljajo tudi prilo\u017enost, da spremenimo na\u010din \u017eivljenja in izbolj\u0161amo stanje za planet in vsa \u017eiva bitja na njem. Da bi do leta 2040 dosegli neto ni\u010delne izpuste in izpolnili svoje podnebne in biodiverzitetne zaobljube, je nujno, da Slovenija opusti kurjenje fosilnih goriv, zmanj\u0161a porabo energije. Nujno bo tudi, da potreba po energiji preneha nara\u0161\u010dati ter da se za\u010dne proizvedeno energijo izrabljati bolj u\u010dinkovito. Do leta 2040 bo potrebno preiti na energetski sistem, ki stoodstotno temelji na obnovljivih virih energije. Obnovljivi viri energije, kakr\u0161na je tudi energija vetra, so edini na\u010din za&nbsp; prenehanje kurjenja premoga in plina, s \u010dimer lahko naredimo najve\u010d za bla\u017eitev podnebnih sprememb in so tako tudi edini na\u010din zmanj\u0161anja&nbsp; resni\u010dne nevarnosti za zdravje in okolje.&nbsp;<\/p>\n\n<p>V Greenpeace Slovenija podpiramo <strong>oblikovanje decentraliziranih sistemov stoodstotno obnovljive energije<\/strong>, ki skupnostim proizvajajo lastno \u010disto energijo. Potrebno je nuditi upravno in finan\u010dno podporo dr\u017eavljankam_om pri vzpostavljanju energetskih skupnosti. Posameznicam_kom, malim podjetjem in lokalnim skupnostim se mora jasno predstaviti in omogo\u010diti skupna proizvodnja, upravljanje in poraba lastne energije.&nbsp;<\/p>\n\n<p>Gre za model samooskrbe z energijo, ki lokalnim skupnostim prina\u0161a energetsko samozadostnost. Lokalno prebivalstvo s tem najprej zadovolji lastne potrebe po energiji, iz vi\u0161ka pa lahko pridobi dobi\u010dek iz proizvodnje, ki se deli med \u010dlane energetske zadruge, ostanek sredstev pa se lahko uporabi za razvoj novih lokalnih projektov. <strong>Zadruge so najprimernej\u0161e za izvajanje skupnostnih projektov rabe obnovljivih virov.<\/strong> Upravljane so demokrati\u010dno po principu <em>en \u010dlan &#8211; en glas<\/em> ter tako zagotavljajo, da se finan\u010dne in dru\u017ebene koristi ohranjajo v lokalnem okolju.<\/p>\n\n<p>Vetrna energija je energija, ki jo \u017eelimo in potrebujemo, ker:<\/p>\n\n<ul class=\"wp-block-list\">\n<li>Je veter brezpla\u010den, \u010dist in obnovljiv. Ne prispeva k podnebnim spremembam in ne proizvaja nevarnih jedrskih odpadkov. Leta 2019 je vetrna energija v Evropi prihranila 118 milijonov ton CO2, leta 2030 pa bi lahko prihranila do 270 milijonov ton.<\/li>\n<\/ul>\n\n<ul class=\"wp-block-list\">\n<li>Bi v kombinaciji z drugimi obnovljivimi viri energije, kot je son\u010dna energija, lahko zadostila vsem na\u0161im potrebam po elektri\u010dni energiji. Turbina z mo\u010djo 2,5 MW bi vsako leto lahko proizvedla 6,5 milijona enot elektri\u010dne energije, kar bi zadostovalo za letne potrebe ve\u010d kot 1400 slovenskih gospodinjstev.<\/li>\n\n\n\n<li>Je veter lokalni vir energije in ga ni treba uva\u017eati iz drugih dr\u017eav. Ve\u010d vetrne energije porabimo, bli\u017eje smo doseganju energetske varnosti.<\/li>\n\n\n\n<li>Bi Slovenija lahko do leta 2040 svojim potrebam po <a href=\"https:\/\/www.greens-efa.eu\/files\/assets\/docs\/ets__policy_summary_en_web.pdf\">energiji v 100 % obsegu<\/a> zadostila z obnovljivimi viri energije, \u010de bi pove\u010dali uporabo vetrne energije.<\/li>\n\n\n\n<li>Vsak megavat (MW) vetrne energije <a href=\"https:\/\/gwec.net\/wp-content\/uploads\/2021\/04\/Jobs-Note-April-2021-2.pdf\">ustvari 17 delovnih let<\/a> v proizvodnji. To pomeni, da bi zavezanost k izkori\u0161\u010danju vetrnega potenciala v Sloveniji lahko ustvarila ve\u010d kot 10.000 delovnih mest.<\/li>\n<\/ul>\n\n<p>Vpra\u0161anje torej ni ve\u010d kako, ampak kdaj. Za prehod v brezoglji\u010dno dru\u017ebo bodo dolo\u010dene spremembe in prilagoditve nujne. Klju\u010dno je, kako bo dru\u017eba te spremembe sprejela. <strong>Tudi pri uvajanju novih vetrnih projektov bo podpora javnosti klju\u010dnega pomena.<\/strong><\/p>\n\n<p><strong>Javnomnenjska raziskava:&nbsp;<\/strong><\/p>\n\n<p>Da bi preverili mnenje med prebivalkami_ci Slovenije o razli\u010dnih virih energije in vetrnih parkih, smo oktobra lani izvedli javnomnenjsko raziskavo s pomo\u010djo raziskovalne agencije Parsifal. Raziskava je bila izvedena na reprezentativnem vzorcu 741 vpra\u0161anih iz vseh slovenskih regij in je bila razdeljena v 4 sklope.&nbsp;<\/p>\n\n<p><strong>Celotna javnomnenjska raziskava je dostopna na <\/strong><a href=\"https:\/\/www.greenpeace.org\/static\/planet4-slovenia-stateless\/2023\/12\/28742c0d-za-splet-porocilo-raziskave_gp-si-2023-dodatek.pdf\"><strong>tej povezavi<\/strong><\/a>, v nadaljevanju pa nekaj klju\u010dnih poudarkov:<\/p>\n\n<ol class=\"wp-block-list\">\n<li><strong>Sklop: Podnebne spremembe&nbsp;<\/strong><\/li>\n<\/ol>\n\n<p>Vpra\u0161ane_i so izkazale_i veliko mero osve\u0161\u010denosti in zaskrbljenosti v zvezi s podnebnimi spremembami. Velika ve\u010dina anketirank_cev (83,8%) je s tematiko podnebnih sprememb seznanjena,<strong> velika ve\u010dina (82,0%), je zaradi podnebnih sprememb tudi zaskrbljena.<\/strong>&nbsp;<\/p>\n\n<ol class=\"wp-block-list\" start=\"2\">\n<li><strong>Sklop: Energetska oskrba Slovenije&nbsp;<\/strong><\/li>\n<\/ol>\n\n<p>Zanimivo je, da <strong>starej\u0161e od 55 let bolj skrbi vpliv na okolje<\/strong> (35,6 %) kot pa starostno skupino 18-34 let (19,4 %). <strong>Najmlaj\u0161i starostni skupini<\/strong> je pri energetski samooskrbi najbolj pomembna <strong>samozadostnost.&nbsp;&nbsp;<\/strong><\/p>\n\n<p><strong>Cena<\/strong> je najbolj pomembna prebivalkam_cem spodnjeposavske regije (55,9 %), <strong>samozadostnost<\/strong> pri energetski oskrbi je najbolj pomembna Zasavkam_cem (52,5 %), <strong>varnost <\/strong>Koro\u0161icam_cem (33,9 %), <strong>\u010dim manj vpliva na okolje<\/strong> pa Pomurkam_cem (36,6 %).&nbsp;<\/p>\n\n<p><strong>&nbsp;&nbsp;&nbsp;&nbsp;&nbsp;&nbsp;&nbsp;3.&nbsp; Sklop: Obnovljivi viri energije<\/strong><\/p>\n\n<p>Kar 91,2 % Slovenk_cev meni, da moramo izkori\u0161\u010dati ve\u010d obnovljivih virov energije. Po mnenju anketirancev bi se Slovenija v prihodnosti morala v najvi\u0161ji meri zana\u0161ati na sonce, veter in geotermalno energijo. Ve\u010d kot polovica vseh vpra\u0161anih (51,2 %) pa je mnenja, da Slovenija zaostaja pri izkori\u0161\u010danju potenciala obnovljivih virov energije.&nbsp;<\/p>\n\n<p><strong>Najve\u010d podpore vetrni energiji je med prebivalkami_ci Obalno-kra\u0161ke regije (94,3 %), na drugem mestu pri podpori vetrni energiji je pa Spodnjeposavska regija (87,3 %).<\/strong> Najve\u010d podpore izkori\u0161\u010danju son\u010dnega potenciala je med prebivalkami_ci Obalno-kra\u0161ke regije (93,4 %), na drugem mestu je Notranjsko-kra\u0161ka regija (90,6 %).&nbsp;<\/p>\n\n<p><strong>&nbsp;&nbsp;&nbsp;&nbsp;&nbsp;4. &nbsp; Sklop: Vetrni potencial in vetrni parki&nbsp;<\/strong><\/p>\n\n<p>Izgradnjo vetrnih parkov na obmo\u010djih z najve\u010d vetrnega potenciala podpira 77,5% vseh vpra\u0161anih. Najve\u010dja podpora izgradnji vetrnih parkov v obmo\u010djih z visokim potencialom je med prebivalkami_ci Notranjsko-kra\u0161ke regije (93,7 %).&nbsp;<\/p>\n\n<p>Ve\u010dina vpra\u0161anih pri izgradnji vetrnih parkov ne izkazuje posebne zaskrbljenosti (32,1%), je pa hrup kljub sicer nizki vrednosti (11 % anketiranih) prvi na seznamu konkretnih skrbi, ki so jih anketiranke_ci izrazili. Glede hrupa so najbolj zaskrbljene_i&nbsp; prebivalke_ci Obalno-kra\u0161ke regije, kjer jih skoraj \u010detrtina (24,8%) to navaja kot najve\u010djo skrb.&nbsp;<\/p>\n\n<p>Na drugem mestu je skrb za ptice in druge \u017eivali (8,9 %), sledi skrb glede vpliva na okolje, uni\u010denje narave in sam poseg v prostor (8,7 %). Med bolj izra\u017eenimi skrbmi je tudi razgradnja dotrajanih vetrnic in recikla\u017ea (6,1 %).&nbsp;<\/p>\n\n<p>Najve\u010d podpre izgradnji vetrnih parkov na degradiranih obmo\u010djih izkazujejo prebivalke_ci Obalno-kra\u0161ke regije (83,8%), zanimivo pa je v prav tej regiji tudi najvi\u0161ja podpora izgradnji vetrnih parkov znotraj za\u0161\u010ditenih obmo\u010dij Natura 2000. Vetrni park v Naturi 2000 bi podprlo 34,6% prebivalk_cev Obalno-kra\u0161ke regije, najmanj podpore takim projektom pa so izkazali prebivalke_ci Zasavja; 68,4% takih projektov ne bi podprlo.&nbsp;<\/p>\n\n<p><strong><em>Sara Kosirnik, Greenpeace Slovenija:<\/em><\/strong><em> <\/em><strong><em>\u00bb<\/em><\/strong><em>Glede na medijsko poro\u010danje o vetrnih projektih v zadnjem letu in glede na netransparentno vodenje vetrnih projektov v preteklosti, smo predvidevali, da Slovenke_ci vetrni energiji niso naklonjene_i. Na\u0161a javnomnenjska raziskava je pokazala ravno nasprotno. Ne samo, da se ljudje zavedajo gro\u017enje, ki jo prina\u0161a podnebna kriza in podpirajo ve\u010d obnovljivih virov energije, podpora vetrni energiji je izjemno visoka, saj so ljudje resni\u010dno zaskrbljeni glede posledic podnebnih sprememb. Jasno je, da imajo ljudje ob uvajanju kakr\u0161nih koli novosti tudi dolo\u010dene skrbi.. Dr\u017eava in investitorji morajo izra\u017eeneskrbi pri izvajanju projektov nasloviti, zato pozivamo vse, ki so vklju\u010deni v nove projekte, naj se vetrnih projektov lotevajo transparentno in vklju\u010dujo\u010de z lokalnimi prebivalci in v spo\u0161tovanju tega, da se hkrati s podnebno borimo tudi z biodiverzitetno krizo. Od postavitve prve vetrnice v Sloveniji je minilo deset let, v tem obdobju smo postavili le dve dodatni vetrnici. Naj bo naslednje desetletje v znamenju razcveta vetrne energije, ki je klju\u010dna za prehod v brezoglji\u010dno dru\u017ebo.<\/em><strong><em>\u00ab<\/em><\/strong><\/p>\n\n<p><strong>Ve\u010d informacij:<\/strong><\/p>\n\n<p>Sara Kosirnik, predstavnica Greenpeace Slovenija&nbsp;<\/p>\n\n<p><a href=\"mailto:sara.kosirnik@greenpeace.org\">sara.kosirnik@greenpeace.org<\/a>&nbsp;<\/p>\n\n<p><\/p>\n","protected":false},"excerpt":{"rendered":"<p>Ljubljana, 11. 1. 2024 &#8211; Javnomnenjska raziskava Greenpeace Slovenija: Izjemna naklonjenost izkori\u0161\u010danju vetrne energije med prebivalkami_ci Slovenije. Velika ve\u010dina anketirank_cev (79,6 %) meni, da bi morala Slovenija bolj izkoristiti potencial&hellip;<\/p>\n","protected":false},"author":54,"featured_media":343,"comment_status":"closed","ping_status":"open","sticky":false,"template":"","format":"standard","meta":{"ep_exclude_from_search":false,"p4_og_title":"","p4_og_description":"avnomnenjska raziskava Greenpeace Slovenija: Izjemna naklonjenost izkori\u0161\u010danju vetrne energije med prebivalkami_ci Slovenije. Velika ve\u010dina anketirank_cev (79,6 %) meni, da bi morala Slovenija bolj izkoristiti potencial vetra za pridobivanje energije. Re\u0161itve so na dlani, klju\u010dnega pomena je, kako se bomo v Sloveniji lotevali nadaljnjih projektov.\u00a0","p4_og_image":"https:\/\/storage.googleapis.com\/planet4-slovenia-stateless-develop\/2018\/10\/992a0a68-renewables-f96fc1d0-gp03bmg_pressmedia.jpg","p4_og_image_id":"343","p4_seo_canonical_url":"","p4_campaign_name":"","p4_local_project":"","p4_basket_name":"Climate &amp; Energy","p4_department":"","footnotes":""},"categories":[65],"tags":[64],"p4-page-type":[46],"class_list":["post-50617","post","type-post","status-publish","format-standard","has-post-thumbnail","hentry","category-energetika","tag-vetrnaenergija","p4-page-type-sporocilo-za-javnost"],"_links":{"self":[{"href":"https:\/\/www.greenpeace.org\/slovenia\/wp-json\/wp\/v2\/posts\/50617","targetHints":{"allow":["GET"]}}],"collection":[{"href":"https:\/\/www.greenpeace.org\/slovenia\/wp-json\/wp\/v2\/posts"}],"about":[{"href":"https:\/\/www.greenpeace.org\/slovenia\/wp-json\/wp\/v2\/types\/post"}],"author":[{"embeddable":true,"href":"https:\/\/www.greenpeace.org\/slovenia\/wp-json\/wp\/v2\/users\/54"}],"replies":[{"embeddable":true,"href":"https:\/\/www.greenpeace.org\/slovenia\/wp-json\/wp\/v2\/comments?post=50617"}],"version-history":[{"count":2,"href":"https:\/\/www.greenpeace.org\/slovenia\/wp-json\/wp\/v2\/posts\/50617\/revisions"}],"predecessor-version":[{"id":50667,"href":"https:\/\/www.greenpeace.org\/slovenia\/wp-json\/wp\/v2\/posts\/50617\/revisions\/50667"}],"wp:featuredmedia":[{"embeddable":true,"href":"https:\/\/www.greenpeace.org\/slovenia\/wp-json\/wp\/v2\/media\/343"}],"wp:attachment":[{"href":"https:\/\/www.greenpeace.org\/slovenia\/wp-json\/wp\/v2\/media?parent=50617"}],"wp:term":[{"taxonomy":"category","embeddable":true,"href":"https:\/\/www.greenpeace.org\/slovenia\/wp-json\/wp\/v2\/categories?post=50617"},{"taxonomy":"post_tag","embeddable":true,"href":"https:\/\/www.greenpeace.org\/slovenia\/wp-json\/wp\/v2\/tags?post=50617"},{"taxonomy":"p4-page-type","embeddable":true,"href":"https:\/\/www.greenpeace.org\/slovenia\/wp-json\/wp\/v2\/p4-page-type?post=50617"}],"curies":[{"name":"wp","href":"https:\/\/api.w.org\/{rel}","templated":true}]}}